{"id":960,"date":"2012-05-11T10:47:48","date_gmt":"2012-05-11T08:47:48","guid":{"rendered":"http:\/\/sites.cardenalcisneros.es\/ciudadarte\/?p=960"},"modified":"2012-05-11T10:47:48","modified_gmt":"2012-05-11T08:47:48","slug":"madrid-1760","status":"publish","type":"post","link":"https:\/\/sites.cardenalcisneros.es\/ciudadarte\/index.php\/2012\/05\/11\/madrid-1760\/","title":{"rendered":"MADRID (Lorenzo Quir\u00f3s, 1760)"},"content":{"rendered":"<p style=\"text-align: center\"><a href=\"http:\/\/upload.wikimedia.org\/wikipedia\/commons\/6\/68\/Lorenzo_quiros-calle_platerias.jpg\" target=\"_blank\"><img decoding=\"async\" loading=\"lazy\" class=\"aligncenter size-full wp-image-966\" src=\"http:\/\/sites.cardenalcisneros.es\/ciudadarte\/wp-content\/uploads\/2012\/05\/CALLEPLATERIAS-PP2.jpg\" alt=\"\" width=\"576\" height=\"432\" \/><\/a><\/p>\n<p style=\"text-align: justify\"><span style=\"color: #000000\">Este cuadro de\u00a0Lorenzo de\u00a0Quir\u00f3s\u00a0muestra el aspecto que adquiri\u00f3 la Calle de Plater\u00edas de Madrid (actual Calle Mayor),\u00a0con motivo de la entrada\u00a0de Carlos III como rey de Espa\u00f1a, en 1760. La\u00a0vista\u00a0est\u00e1 orientada desde la Puerta del Sol hacia la Casa de la Villa,\u00a0la cual\u00a0se\u00a0distingue al\u00a0fondo a la izquierda.\u00a0Enfrente suyo, a\u00a0la\u00a0derecha\u00a0se ve la torre de la Iglesia de San Salvador, que era la sede del gremio de plateros que daba nombre a la calle. Actualmente es el n\u00famero 70 de la Calle Mayor.<\/span><\/p>\n<p style=\"text-align: justify\"><span style=\"color: #000000\">El espacio representado es uno de\u00a0los ejes\u00a0m\u00e1s emblem\u00e1ticos del llamado Madrid de los Austrias.\u00a0Esta zona\u00a0no tiene una\u00a0morfolog\u00eda urban\u00edstica planificada, las calles se disponen irregularmente, de manera\u00a0un tanto arbitraria. El crecimiento sin control de la poblaci\u00f3n, desde que Madrid fue designada capital de la monarqu\u00eda en 1561,\u00a0complic\u00f3\u00a0la ordenaci\u00f3n\u00a0de las calles, plazas y espacios p\u00fablicos, que se acomodaron a la trama medieval preexistente. En su lugar se construyeron peque\u00f1as plazuelas y callejones estrechos e irregulares.<\/span><\/p>\n<p style=\"text-align: justify\"><span style=\"color: #000000\">La Puerta del Sol, por ejemplo,\u00a0fue una construcci\u00f3n sin ning\u00fan tipo de planificaci\u00f3n, resultante de la demolici\u00f3n de la muralla\u00a0en ese punto.\u00a0Sirvi\u00f3 para conectar el centro con\u00a0v\u00edas de acceso desde la periferia,\u00a0como las calles de Hortaleza y\u00a0Fuencarral, pero no lo hizo de manera lineal. En cambio, la Plaza Mayor s\u00ed fue construida de forma regularizada, como un espacio rectangular dise\u00f1ado sucesivamente por Juan de Herrera, Juan G\u00f3mez de Mora y Juan de Villanueva, entre los siglos XVI y XVIII. Como resultado de ello, se convirti\u00f3 en un espacio p\u00fablico muy representativo, en el que adem\u00e1s de celebrarse fiestas y corridas de toros\u00a0constitu\u00eda el centro comercial, mercantil y financiero de Madrid.<\/span><\/p>\n<p style=\"text-align: justify\"><span style=\"color: #000000\">A su llegada a Madrid, Carlos III se encontr\u00f3 una ciudad sucia, pobre, fea, sin alumbrado y con graves problemas de salubridad. Por consiguiente, dise\u00f1\u00f3 un plan de reforma urgente que\u00a0en menos de treinta a\u00f1os\u00a0cambi\u00f3 la\u00a0imagen de\u00a0Madrid para convertirla\u00a0en una capital emblem\u00e1tica. El plan de reforma, que program\u00f3 junto con el arquitecto Francisco de\u00a0Sabatini, consisti\u00f3 en la aplicaci\u00f3n de numerosas mejoras. Una de ellas fue la instalaci\u00f3n de un pozo s\u00e9ptico en las casas, el cual se limpiaba por las noches con unos carros que el pueblo llam\u00f3 las \u00abChocolateras de Sabatini\u00bb.\u00a0Otra fue la\u00a0construcci\u00f3n de\u00a0canalones para recoger las aguas de la lluvia. Las basuras se empezaron a trasladar a las afueras del casco urbano en vez de dejarlas en mitad de las calles. Se construyeron aceras, se prohibi\u00f3 que los animales anduvieran solos por las calles, se cre\u00f3 un alumbrado nocturno pagado por el pueblo.<\/span><\/p>\n<p style=\"text-align: justify\"><span style=\"color: #000000\">Adem\u00e1s de todo eso, se inici\u00f3 lo que podr\u00edamos considerar el primer ensanche de Madrid,\u00a0trazando grandes avenidas como\u00a0los paseos \u00a0de las Delicias, Acacias y\u00a0Choperas.\u00a0En la zona Este se organiz\u00f3 un gran paseo, al estilo de los \u00absalones\u00bb franceses, sobre\u00a0el Prado de los Agustinos Recoletos. El futuro\u00a0Paseo del Prado cerr\u00f3\u00a0de esta forma\u00a0el Madrid\u00a0de los Austrias, sirviendo de l\u00ednea de fijaci\u00f3n que separaba\u00a0el casco antiguo de\u00a0la futura ampliaci\u00f3n urban\u00edstica.\u00a0La zona, conocida como el Madrid de los Borbones,\u00a0se embelleci\u00f3 con fuentes como las de Neptuno, Apolo y Cibeles, y otros monumentos\u00a0como\u00a0la Puerta de Alcal\u00e1.<\/span><\/p>\n<p style=\"text-align: justify\"><span style=\"color: #000000\">La capital adquiri\u00f3 as\u00ed una imagen monumental y a la vez emblem\u00e1tica, modificando no s\u00f3lo su aspecto urban\u00edstico y arquitect\u00f3nico, sino tambi\u00e9n sus\u00a0costumbres sociales y sus h\u00e1bitos culturales y\u00a0de ocio, acordes con las nuevas ideas de la Ilustraci\u00f3n. La imagen que analizamos aqu\u00ed, no obstante, recoge la tradici\u00f3n barroca de adornar los espacios urbanos con tablados y arquitecturas ef\u00edmeras de cart\u00f3n-piedra para celebrar alg\u00fan acontecimiento importante. En el dise\u00f1o y decoraci\u00f3n de estos elementos participaban los principales artistas de la corte y se gastaban grandes sumas de dinero,\u00a0transformando la imagen de la ciudad\u00a0de forma\u00a0espectacular.<\/span><\/p>\n<p style=\"text-align: justify\">Ana Mart\u00edn de la Sierra Garc\u00eda\u00a0<\/p>\n<p>&nbsp;<\/p>\n","protected":false},"excerpt":{"rendered":"<p>Este cuadro de\u00a0Lorenzo de\u00a0Quir\u00f3s\u00a0muestra el aspecto que adquiri\u00f3 la Calle de Plater\u00edas de Madrid (actual Calle Mayor),\u00a0con motivo de la entrada\u00a0de Carlos III como rey de Espa\u00f1a, en 1760. La\u00a0vista\u00a0est\u00e1 orientada desde la Puerta del Sol hacia la Casa de la Villa,\u00a0la cual\u00a0se\u00a0distingue al\u00a0fondo a la izquierda.\u00a0Enfrente suyo, a\u00a0la\u00a0derecha\u00a0se ve la torre de la Iglesia [&hellip;]<\/p>\n","protected":false},"author":36,"featured_media":0,"comment_status":"open","ping_status":"open","sticky":false,"template":"","format":"standard","meta":[],"categories":[1],"tags":[129],"yoast_head":"<!-- This site is optimized with the Yoast SEO plugin v20.7 - https:\/\/yoast.com\/wordpress\/plugins\/seo\/ -->\n<title>MADRID (Lorenzo Quir\u00f3s, 1760) - La Ciudad en el Arte<\/title>\n<meta name=\"robots\" content=\"index, follow, max-snippet:-1, max-image-preview:large, max-video-preview:-1\" \/>\n<link rel=\"canonical\" href=\"https:\/\/sites.cardenalcisneros.es\/ciudadarte\/index.php\/2012\/05\/11\/madrid-1760\/\" \/>\n<meta property=\"og:locale\" content=\"es_ES\" \/>\n<meta property=\"og:type\" content=\"article\" \/>\n<meta property=\"og:title\" content=\"MADRID (Lorenzo Quir\u00f3s, 1760) - La Ciudad en el Arte\" \/>\n<meta property=\"og:description\" content=\"Este cuadro de\u00a0Lorenzo de\u00a0Quir\u00f3s\u00a0muestra el aspecto que adquiri\u00f3 la Calle de Plater\u00edas de Madrid (actual Calle Mayor),\u00a0con motivo de la entrada\u00a0de Carlos III como rey de Espa\u00f1a, en 1760. La\u00a0vista\u00a0est\u00e1 orientada desde la Puerta del Sol hacia la Casa de la Villa,\u00a0la cual\u00a0se\u00a0distingue al\u00a0fondo a la izquierda.\u00a0Enfrente suyo, a\u00a0la\u00a0derecha\u00a0se ve la torre de la Iglesia [&hellip;]\" \/>\n<meta property=\"og:url\" content=\"https:\/\/sites.cardenalcisneros.es\/ciudadarte\/index.php\/2012\/05\/11\/madrid-1760\/\" \/>\n<meta property=\"og:site_name\" content=\"La Ciudad en el Arte\" \/>\n<meta property=\"article:published_time\" content=\"2012-05-11T08:47:48+00:00\" \/>\n<meta property=\"og:image\" content=\"http:\/\/sites.cardenalcisneros.es\/ciudadarte\/wp-content\/uploads\/2012\/05\/CALLEPLATERIAS-PP2.jpg\" \/>\n<meta name=\"author\" content=\"anamartindelasierra\" \/>\n<meta name=\"twitter:card\" content=\"summary_large_image\" \/>\n<meta name=\"twitter:label1\" content=\"Escrito por\" \/>\n\t<meta name=\"twitter:data1\" content=\"anamartindelasierra\" \/>\n\t<meta name=\"twitter:label2\" content=\"Tiempo de lectura\" \/>\n\t<meta name=\"twitter:data2\" content=\"4 minutos\" \/>\n<script type=\"application\/ld+json\" class=\"yoast-schema-graph\">{\"@context\":\"https:\/\/schema.org\",\"@graph\":[{\"@type\":\"WebPage\",\"@id\":\"https:\/\/sites.cardenalcisneros.es\/ciudadarte\/index.php\/2012\/05\/11\/madrid-1760\/\",\"url\":\"https:\/\/sites.cardenalcisneros.es\/ciudadarte\/index.php\/2012\/05\/11\/madrid-1760\/\",\"name\":\"MADRID (Lorenzo Quir\u00f3s, 1760) - La Ciudad en el Arte\",\"isPartOf\":{\"@id\":\"https:\/\/sites.cardenalcisneros.es\/ciudadarte\/#website\"},\"datePublished\":\"2012-05-11T08:47:48+00:00\",\"dateModified\":\"2012-05-11T08:47:48+00:00\",\"author\":{\"@id\":\"https:\/\/sites.cardenalcisneros.es\/ciudadarte\/#\/schema\/person\/8355a2ba4c611c621fc3533cf07221ef\"},\"breadcrumb\":{\"@id\":\"https:\/\/sites.cardenalcisneros.es\/ciudadarte\/index.php\/2012\/05\/11\/madrid-1760\/#breadcrumb\"},\"inLanguage\":\"es\",\"potentialAction\":[{\"@type\":\"ReadAction\",\"target\":[\"https:\/\/sites.cardenalcisneros.es\/ciudadarte\/index.php\/2012\/05\/11\/madrid-1760\/\"]}]},{\"@type\":\"BreadcrumbList\",\"@id\":\"https:\/\/sites.cardenalcisneros.es\/ciudadarte\/index.php\/2012\/05\/11\/madrid-1760\/#breadcrumb\",\"itemListElement\":[{\"@type\":\"ListItem\",\"position\":1,\"name\":\"Portada\",\"item\":\"https:\/\/sites.cardenalcisneros.es\/ciudadarte\/\"},{\"@type\":\"ListItem\",\"position\":2,\"name\":\"MADRID (Lorenzo Quir\u00f3s, 1760)\"}]},{\"@type\":\"WebSite\",\"@id\":\"https:\/\/sites.cardenalcisneros.es\/ciudadarte\/#website\",\"url\":\"https:\/\/sites.cardenalcisneros.es\/ciudadarte\/\",\"name\":\"La Ciudad en el Arte\",\"description\":\"Un blog colaborativo sobre Geograf\u00eda, Urbanismo, Historia y Arte\",\"potentialAction\":[{\"@type\":\"SearchAction\",\"target\":{\"@type\":\"EntryPoint\",\"urlTemplate\":\"https:\/\/sites.cardenalcisneros.es\/ciudadarte\/?s={search_term_string}\"},\"query-input\":\"required name=search_term_string\"}],\"inLanguage\":\"es\"},{\"@type\":\"Person\",\"@id\":\"https:\/\/sites.cardenalcisneros.es\/ciudadarte\/#\/schema\/person\/8355a2ba4c611c621fc3533cf07221ef\",\"name\":\"anamartindelasierra\",\"image\":{\"@type\":\"ImageObject\",\"inLanguage\":\"es\",\"@id\":\"https:\/\/sites.cardenalcisneros.es\/ciudadarte\/#\/schema\/person\/image\/\",\"url\":\"https:\/\/secure.gravatar.com\/avatar\/bb65b7ebe2491a09514b152e7814c126?s=96&d=mm&r=g\",\"contentUrl\":\"https:\/\/secure.gravatar.com\/avatar\/bb65b7ebe2491a09514b152e7814c126?s=96&d=mm&r=g\",\"caption\":\"anamartindelasierra\"},\"url\":\"https:\/\/sites.cardenalcisneros.es\/ciudadarte\/index.php\/author\/anamartin\/\"}]}<\/script>\n<!-- \/ Yoast SEO plugin. -->","yoast_head_json":{"title":"MADRID (Lorenzo Quir\u00f3s, 1760) - La Ciudad en el Arte","robots":{"index":"index","follow":"follow","max-snippet":"max-snippet:-1","max-image-preview":"max-image-preview:large","max-video-preview":"max-video-preview:-1"},"canonical":"https:\/\/sites.cardenalcisneros.es\/ciudadarte\/index.php\/2012\/05\/11\/madrid-1760\/","og_locale":"es_ES","og_type":"article","og_title":"MADRID (Lorenzo Quir\u00f3s, 1760) - La Ciudad en el Arte","og_description":"Este cuadro de\u00a0Lorenzo de\u00a0Quir\u00f3s\u00a0muestra el aspecto que adquiri\u00f3 la Calle de Plater\u00edas de Madrid (actual Calle Mayor),\u00a0con motivo de la entrada\u00a0de Carlos III como rey de Espa\u00f1a, en 1760. La\u00a0vista\u00a0est\u00e1 orientada desde la Puerta del Sol hacia la Casa de la Villa,\u00a0la cual\u00a0se\u00a0distingue al\u00a0fondo a la izquierda.\u00a0Enfrente suyo, a\u00a0la\u00a0derecha\u00a0se ve la torre de la Iglesia [&hellip;]","og_url":"https:\/\/sites.cardenalcisneros.es\/ciudadarte\/index.php\/2012\/05\/11\/madrid-1760\/","og_site_name":"La Ciudad en el Arte","article_published_time":"2012-05-11T08:47:48+00:00","og_image":[{"url":"http:\/\/sites.cardenalcisneros.es\/ciudadarte\/wp-content\/uploads\/2012\/05\/CALLEPLATERIAS-PP2.jpg"}],"author":"anamartindelasierra","twitter_card":"summary_large_image","twitter_misc":{"Escrito por":"anamartindelasierra","Tiempo de lectura":"4 minutos"},"schema":{"@context":"https:\/\/schema.org","@graph":[{"@type":"WebPage","@id":"https:\/\/sites.cardenalcisneros.es\/ciudadarte\/index.php\/2012\/05\/11\/madrid-1760\/","url":"https:\/\/sites.cardenalcisneros.es\/ciudadarte\/index.php\/2012\/05\/11\/madrid-1760\/","name":"MADRID (Lorenzo Quir\u00f3s, 1760) - La Ciudad en el Arte","isPartOf":{"@id":"https:\/\/sites.cardenalcisneros.es\/ciudadarte\/#website"},"datePublished":"2012-05-11T08:47:48+00:00","dateModified":"2012-05-11T08:47:48+00:00","author":{"@id":"https:\/\/sites.cardenalcisneros.es\/ciudadarte\/#\/schema\/person\/8355a2ba4c611c621fc3533cf07221ef"},"breadcrumb":{"@id":"https:\/\/sites.cardenalcisneros.es\/ciudadarte\/index.php\/2012\/05\/11\/madrid-1760\/#breadcrumb"},"inLanguage":"es","potentialAction":[{"@type":"ReadAction","target":["https:\/\/sites.cardenalcisneros.es\/ciudadarte\/index.php\/2012\/05\/11\/madrid-1760\/"]}]},{"@type":"BreadcrumbList","@id":"https:\/\/sites.cardenalcisneros.es\/ciudadarte\/index.php\/2012\/05\/11\/madrid-1760\/#breadcrumb","itemListElement":[{"@type":"ListItem","position":1,"name":"Portada","item":"https:\/\/sites.cardenalcisneros.es\/ciudadarte\/"},{"@type":"ListItem","position":2,"name":"MADRID (Lorenzo Quir\u00f3s, 1760)"}]},{"@type":"WebSite","@id":"https:\/\/sites.cardenalcisneros.es\/ciudadarte\/#website","url":"https:\/\/sites.cardenalcisneros.es\/ciudadarte\/","name":"La Ciudad en el Arte","description":"Un blog colaborativo sobre Geograf\u00eda, Urbanismo, Historia y Arte","potentialAction":[{"@type":"SearchAction","target":{"@type":"EntryPoint","urlTemplate":"https:\/\/sites.cardenalcisneros.es\/ciudadarte\/?s={search_term_string}"},"query-input":"required name=search_term_string"}],"inLanguage":"es"},{"@type":"Person","@id":"https:\/\/sites.cardenalcisneros.es\/ciudadarte\/#\/schema\/person\/8355a2ba4c611c621fc3533cf07221ef","name":"anamartindelasierra","image":{"@type":"ImageObject","inLanguage":"es","@id":"https:\/\/sites.cardenalcisneros.es\/ciudadarte\/#\/schema\/person\/image\/","url":"https:\/\/secure.gravatar.com\/avatar\/bb65b7ebe2491a09514b152e7814c126?s=96&d=mm&r=g","contentUrl":"https:\/\/secure.gravatar.com\/avatar\/bb65b7ebe2491a09514b152e7814c126?s=96&d=mm&r=g","caption":"anamartindelasierra"},"url":"https:\/\/sites.cardenalcisneros.es\/ciudadarte\/index.php\/author\/anamartin\/"}]}},"_links":{"self":[{"href":"https:\/\/sites.cardenalcisneros.es\/ciudadarte\/index.php\/wp-json\/wp\/v2\/posts\/960"}],"collection":[{"href":"https:\/\/sites.cardenalcisneros.es\/ciudadarte\/index.php\/wp-json\/wp\/v2\/posts"}],"about":[{"href":"https:\/\/sites.cardenalcisneros.es\/ciudadarte\/index.php\/wp-json\/wp\/v2\/types\/post"}],"author":[{"embeddable":true,"href":"https:\/\/sites.cardenalcisneros.es\/ciudadarte\/index.php\/wp-json\/wp\/v2\/users\/36"}],"replies":[{"embeddable":true,"href":"https:\/\/sites.cardenalcisneros.es\/ciudadarte\/index.php\/wp-json\/wp\/v2\/comments?post=960"}],"version-history":[{"count":0,"href":"https:\/\/sites.cardenalcisneros.es\/ciudadarte\/index.php\/wp-json\/wp\/v2\/posts\/960\/revisions"}],"wp:attachment":[{"href":"https:\/\/sites.cardenalcisneros.es\/ciudadarte\/index.php\/wp-json\/wp\/v2\/media?parent=960"}],"wp:term":[{"taxonomy":"category","embeddable":true,"href":"https:\/\/sites.cardenalcisneros.es\/ciudadarte\/index.php\/wp-json\/wp\/v2\/categories?post=960"},{"taxonomy":"post_tag","embeddable":true,"href":"https:\/\/sites.cardenalcisneros.es\/ciudadarte\/index.php\/wp-json\/wp\/v2\/tags?post=960"}],"curies":[{"name":"wp","href":"https:\/\/api.w.org\/{rel}","templated":true}]}}