{"id":932,"date":"2012-05-10T23:04:10","date_gmt":"2012-05-10T21:04:10","guid":{"rendered":"http:\/\/sites.cardenalcisneros.es\/ciudadarte\/?p=932"},"modified":"2012-05-10T23:04:10","modified_gmt":"2012-05-10T21:04:10","slug":"amsterdam-1686-2","status":"publish","type":"post","link":"https:\/\/sites.cardenalcisneros.es\/ciudadarte\/index.php\/2012\/05\/10\/amsterdam-1686-2\/","title":{"rendered":"AMSTERDAM (Gerrit A. Berckheyde, 1686)"},"content":{"rendered":"<p style=\"text-align: center\"><a href=\"http:\/\/www.museothyssen.org\/img\/obras_descarga\/1959.3.jpg\" target=\"_blank\"><img decoding=\"async\" loading=\"lazy\" class=\"aligncenter size-full wp-image-933\" src=\"http:\/\/sites.cardenalcisneros.es\/ciudadarte\/wp-content\/uploads\/2012\/05\/msterdam2.jpg\" alt=\"El Nieuwezijds Voorburgswal con el mercado de flores de Amsterdam\" width=\"605\" height=\"454\" \/><\/a><\/p>\n<p style=\"text-align: justify\"><span style=\"color: #000000\">Este cuadro fue pintado por el artista Gerrit Adriaensz Berckheyde, nacido en Haarlem en 1638. Gerrit Berckheyde se especializ\u00f3 en la representaci\u00f3n de vistas urbanas. Desde 1661 hasta 1681 form\u00f3 parte de la sociedad de ret\u00f3ricos de Haarlem, conocida como De Wijngaardranken, y entre 1691 y 1695 sirvi\u00f3 como oficial del gremio de San Lucas. A pesar de que no tuvo un taller formal, ni alumnos, sus obras ejercieron una enorme influencia sobre otros pintores de vistas urbanas como Timotheus de Graaf, Jan ten Compe e Isaac Ouwater.<\/span><\/p>\n<p style=\"text-align: justify\"><span style=\"color: #000000\">\u00c1msterdam naci\u00f3 como un pueblo pesquero; la fecha oficial de la fundaci\u00f3n de la ciudad es el d\u00eda 27 de Octubre de 1275, pero fue a partir del siglo XIV cuando \u00c1msterdam empez\u00f3 a florecer como ciudad comercial.\u00a0El siglo XVII es considerado el Siglo de Oro en \u00c1msterdam por la abundancia de comercio que exist\u00eda en esa \u00e9poca: se construy\u00f3 todo el centro hist\u00f3rico de la ciudad, la cual pose\u00eda numerosas embarcaciones que transportaban mercanc\u00eda hacia el mar B\u00e1ltico, Norteam\u00e9rica, \u00c1frica y las tierras que ahora representan Indonesia y Brasil. Se cre\u00f3 as\u00ed una base de una red comercial mundial. Esta red comercial tambi\u00e9n se encontraba dentro de la ciudad, como se puede apreciar en la imagen. La construcci\u00f3n de canales interurbanos facilit\u00f3 el transporte de mercanc\u00edas por toda \u00c1msterdam, lo que hizo que el comercio tuviese m\u00e1s importancia. Dados estos canales, se conoce a \u00c1msterdam con el nombre de la <em>Venecia del Norte<\/em>.<\/span><\/p>\n<p style=\"text-align: justify\"><span style=\"color: #000000\">El t\u00edtulo completo del cuadro es <em>El Nieuwezijds Voorburgswal con el mercado de flores de Amsterdam<\/em>, en referencia al nombre de la calle que aparece en la imagen. De fondo, se puede observar la fachada posterior del Palacio Real junto con el r\u00edo Singel y el Mercado de las Flores.\u00a0<\/span><\/p>\n<p style=\"text-align: justify\"><span style=\"color: #000000\">El Palacio Real se encuentra situado en el centro de \u00c1msterdam, en el lado oeste de la Plaza Dam, frente al monumento de la guerra y al lado de la Nieuwe Kerk. El edificio tuvo la funci\u00f3n de palacio real para el rey Luis Napole\u00f3n y m\u00e1s tarde perteneci\u00f3 a la Casa Real neerlandesa. Fue inaugurado en 1655, por lo que, si el cuadro tiene fecha de 1686, quiere decir que la construcci\u00f3n de dicho palacio es reciente.\u00a0Sin embargo, la vista en el cuadro del Palacio Real pertenece a la parte posterior del edificio, que coincide con una parte del r\u00edo Singel. Comparando la imagen del cuadro con la realidad, el curso del r\u00edo no coincide con la calle Nieuwezijds Voorburgswa, sino que ahora fluye dos calles por detr\u00e1s.<\/span><\/p>\n<p style=\"text-align: justify\"><span style=\"color: #000000\">Adem\u00e1s, en el cuadro aparece pintado el famoso Mercado de las Flores de \u00c1msterdam. Por lo que se puede apreciar, la variedad no era muy abundante en aquella \u00e9poca, pero se trata de un mercado permanente que comenz\u00f3 a principios del siglo XVII. Antiguamente, todas las flores y plantas llegaban diariamente a este mercado en los barcos por el r\u00edo Singel, procedentes de las zonas hort\u00edcolas de los alrededores de \u00c1msterdam.<\/span><\/p>\n<p style=\"text-align: justify\"><span style=\"color: #000000\">En resumen, la ciudad estaba en pleno apogeo en el momento en el que pint\u00f3 el cuadro: la construcci\u00f3n del Palacio Real era reciente, los canales alrededor del centro hist\u00f3rico eran la principal v\u00eda de comunicaci\u00f3n y el Mercado de las Flores no era muy abundante, pero s\u00ed muy conocido. Posteriormente, \u00c1msterdam se ha convertido en la ciudad m\u00e1s grande del pa\u00eds, y un gran centro financiero y cultural de proyecci\u00f3n internacional, aun cuando su inicio fue como un peque\u00f1o pueblo pesquero.<\/span><\/p>\n<p style=\"text-align: justify\"><span style=\"color: #808080\">Ana Arranz Culebras<\/span><\/p>\n<p style=\"text-align: justify\">\u00a0<\/p>\n","protected":false},"excerpt":{"rendered":"<p>Este cuadro fue pintado por el artista Gerrit Adriaensz Berckheyde, nacido en Haarlem en 1638. Gerrit Berckheyde se especializ\u00f3 en la representaci\u00f3n de vistas urbanas. Desde 1661 hasta 1681 form\u00f3 parte de la sociedad de ret\u00f3ricos de Haarlem, conocida como De Wijngaardranken, y entre 1691 y 1695 sirvi\u00f3 como oficial del gremio de San Lucas. [&hellip;]<\/p>\n","protected":false},"author":34,"featured_media":0,"comment_status":"open","ping_status":"open","sticky":false,"template":"","format":"standard","meta":[],"categories":[1],"tags":[12],"yoast_head":"<!-- This site is optimized with the Yoast SEO plugin v20.7 - https:\/\/yoast.com\/wordpress\/plugins\/seo\/ -->\n<title>AMSTERDAM (Gerrit A. Berckheyde, 1686) - La Ciudad en el Arte<\/title>\n<meta name=\"robots\" content=\"index, follow, max-snippet:-1, max-image-preview:large, max-video-preview:-1\" \/>\n<link rel=\"canonical\" href=\"https:\/\/sites.cardenalcisneros.es\/ciudadarte\/index.php\/2012\/05\/10\/amsterdam-1686-2\/\" \/>\n<meta property=\"og:locale\" content=\"es_ES\" \/>\n<meta property=\"og:type\" content=\"article\" \/>\n<meta property=\"og:title\" content=\"AMSTERDAM (Gerrit A. Berckheyde, 1686) - La Ciudad en el Arte\" \/>\n<meta property=\"og:description\" content=\"Este cuadro fue pintado por el artista Gerrit Adriaensz Berckheyde, nacido en Haarlem en 1638. Gerrit Berckheyde se especializ\u00f3 en la representaci\u00f3n de vistas urbanas. Desde 1661 hasta 1681 form\u00f3 parte de la sociedad de ret\u00f3ricos de Haarlem, conocida como De Wijngaardranken, y entre 1691 y 1695 sirvi\u00f3 como oficial del gremio de San Lucas. [&hellip;]\" \/>\n<meta property=\"og:url\" content=\"https:\/\/sites.cardenalcisneros.es\/ciudadarte\/index.php\/2012\/05\/10\/amsterdam-1686-2\/\" \/>\n<meta property=\"og:site_name\" content=\"La Ciudad en el Arte\" \/>\n<meta property=\"article:published_time\" content=\"2012-05-10T21:04:10+00:00\" \/>\n<meta property=\"og:image\" content=\"http:\/\/sites.cardenalcisneros.es\/ciudadarte\/wp-content\/uploads\/2012\/05\/msterdam2.jpg\" \/>\n<meta name=\"author\" content=\"Ana Arranz\" \/>\n<meta name=\"twitter:card\" content=\"summary_large_image\" \/>\n<meta name=\"twitter:label1\" content=\"Escrito por\" \/>\n\t<meta name=\"twitter:data1\" content=\"Ana Arranz\" \/>\n\t<meta name=\"twitter:label2\" content=\"Tiempo de lectura\" \/>\n\t<meta name=\"twitter:data2\" content=\"3 minutos\" \/>\n<script type=\"application\/ld+json\" class=\"yoast-schema-graph\">{\"@context\":\"https:\/\/schema.org\",\"@graph\":[{\"@type\":\"WebPage\",\"@id\":\"https:\/\/sites.cardenalcisneros.es\/ciudadarte\/index.php\/2012\/05\/10\/amsterdam-1686-2\/\",\"url\":\"https:\/\/sites.cardenalcisneros.es\/ciudadarte\/index.php\/2012\/05\/10\/amsterdam-1686-2\/\",\"name\":\"AMSTERDAM (Gerrit A. Berckheyde, 1686) - La Ciudad en el Arte\",\"isPartOf\":{\"@id\":\"https:\/\/sites.cardenalcisneros.es\/ciudadarte\/#website\"},\"datePublished\":\"2012-05-10T21:04:10+00:00\",\"dateModified\":\"2012-05-10T21:04:10+00:00\",\"author\":{\"@id\":\"https:\/\/sites.cardenalcisneros.es\/ciudadarte\/#\/schema\/person\/79f1d10a98b5df434cb31de88ea07512\"},\"breadcrumb\":{\"@id\":\"https:\/\/sites.cardenalcisneros.es\/ciudadarte\/index.php\/2012\/05\/10\/amsterdam-1686-2\/#breadcrumb\"},\"inLanguage\":\"es\",\"potentialAction\":[{\"@type\":\"ReadAction\",\"target\":[\"https:\/\/sites.cardenalcisneros.es\/ciudadarte\/index.php\/2012\/05\/10\/amsterdam-1686-2\/\"]}]},{\"@type\":\"BreadcrumbList\",\"@id\":\"https:\/\/sites.cardenalcisneros.es\/ciudadarte\/index.php\/2012\/05\/10\/amsterdam-1686-2\/#breadcrumb\",\"itemListElement\":[{\"@type\":\"ListItem\",\"position\":1,\"name\":\"Portada\",\"item\":\"https:\/\/sites.cardenalcisneros.es\/ciudadarte\/\"},{\"@type\":\"ListItem\",\"position\":2,\"name\":\"AMSTERDAM (Gerrit A. Berckheyde, 1686)\"}]},{\"@type\":\"WebSite\",\"@id\":\"https:\/\/sites.cardenalcisneros.es\/ciudadarte\/#website\",\"url\":\"https:\/\/sites.cardenalcisneros.es\/ciudadarte\/\",\"name\":\"La Ciudad en el Arte\",\"description\":\"Un blog colaborativo sobre Geograf\u00eda, Urbanismo, Historia y Arte\",\"potentialAction\":[{\"@type\":\"SearchAction\",\"target\":{\"@type\":\"EntryPoint\",\"urlTemplate\":\"https:\/\/sites.cardenalcisneros.es\/ciudadarte\/?s={search_term_string}\"},\"query-input\":\"required name=search_term_string\"}],\"inLanguage\":\"es\"},{\"@type\":\"Person\",\"@id\":\"https:\/\/sites.cardenalcisneros.es\/ciudadarte\/#\/schema\/person\/79f1d10a98b5df434cb31de88ea07512\",\"name\":\"Ana Arranz\",\"image\":{\"@type\":\"ImageObject\",\"inLanguage\":\"es\",\"@id\":\"https:\/\/sites.cardenalcisneros.es\/ciudadarte\/#\/schema\/person\/image\/\",\"url\":\"https:\/\/secure.gravatar.com\/avatar\/9d2eaade8a216e60dd6cb55b7e092c11?s=96&d=mm&r=g\",\"contentUrl\":\"https:\/\/secure.gravatar.com\/avatar\/9d2eaade8a216e60dd6cb55b7e092c11?s=96&d=mm&r=g\",\"caption\":\"Ana Arranz\"},\"url\":\"https:\/\/sites.cardenalcisneros.es\/ciudadarte\/index.php\/author\/anaarranz\/\"}]}<\/script>\n<!-- \/ Yoast SEO plugin. -->","yoast_head_json":{"title":"AMSTERDAM (Gerrit A. Berckheyde, 1686) - La Ciudad en el Arte","robots":{"index":"index","follow":"follow","max-snippet":"max-snippet:-1","max-image-preview":"max-image-preview:large","max-video-preview":"max-video-preview:-1"},"canonical":"https:\/\/sites.cardenalcisneros.es\/ciudadarte\/index.php\/2012\/05\/10\/amsterdam-1686-2\/","og_locale":"es_ES","og_type":"article","og_title":"AMSTERDAM (Gerrit A. Berckheyde, 1686) - La Ciudad en el Arte","og_description":"Este cuadro fue pintado por el artista Gerrit Adriaensz Berckheyde, nacido en Haarlem en 1638. Gerrit Berckheyde se especializ\u00f3 en la representaci\u00f3n de vistas urbanas. Desde 1661 hasta 1681 form\u00f3 parte de la sociedad de ret\u00f3ricos de Haarlem, conocida como De Wijngaardranken, y entre 1691 y 1695 sirvi\u00f3 como oficial del gremio de San Lucas. [&hellip;]","og_url":"https:\/\/sites.cardenalcisneros.es\/ciudadarte\/index.php\/2012\/05\/10\/amsterdam-1686-2\/","og_site_name":"La Ciudad en el Arte","article_published_time":"2012-05-10T21:04:10+00:00","og_image":[{"url":"http:\/\/sites.cardenalcisneros.es\/ciudadarte\/wp-content\/uploads\/2012\/05\/msterdam2.jpg"}],"author":"Ana Arranz","twitter_card":"summary_large_image","twitter_misc":{"Escrito por":"Ana Arranz","Tiempo de lectura":"3 minutos"},"schema":{"@context":"https:\/\/schema.org","@graph":[{"@type":"WebPage","@id":"https:\/\/sites.cardenalcisneros.es\/ciudadarte\/index.php\/2012\/05\/10\/amsterdam-1686-2\/","url":"https:\/\/sites.cardenalcisneros.es\/ciudadarte\/index.php\/2012\/05\/10\/amsterdam-1686-2\/","name":"AMSTERDAM (Gerrit A. Berckheyde, 1686) - La Ciudad en el Arte","isPartOf":{"@id":"https:\/\/sites.cardenalcisneros.es\/ciudadarte\/#website"},"datePublished":"2012-05-10T21:04:10+00:00","dateModified":"2012-05-10T21:04:10+00:00","author":{"@id":"https:\/\/sites.cardenalcisneros.es\/ciudadarte\/#\/schema\/person\/79f1d10a98b5df434cb31de88ea07512"},"breadcrumb":{"@id":"https:\/\/sites.cardenalcisneros.es\/ciudadarte\/index.php\/2012\/05\/10\/amsterdam-1686-2\/#breadcrumb"},"inLanguage":"es","potentialAction":[{"@type":"ReadAction","target":["https:\/\/sites.cardenalcisneros.es\/ciudadarte\/index.php\/2012\/05\/10\/amsterdam-1686-2\/"]}]},{"@type":"BreadcrumbList","@id":"https:\/\/sites.cardenalcisneros.es\/ciudadarte\/index.php\/2012\/05\/10\/amsterdam-1686-2\/#breadcrumb","itemListElement":[{"@type":"ListItem","position":1,"name":"Portada","item":"https:\/\/sites.cardenalcisneros.es\/ciudadarte\/"},{"@type":"ListItem","position":2,"name":"AMSTERDAM (Gerrit A. Berckheyde, 1686)"}]},{"@type":"WebSite","@id":"https:\/\/sites.cardenalcisneros.es\/ciudadarte\/#website","url":"https:\/\/sites.cardenalcisneros.es\/ciudadarte\/","name":"La Ciudad en el Arte","description":"Un blog colaborativo sobre Geograf\u00eda, Urbanismo, Historia y Arte","potentialAction":[{"@type":"SearchAction","target":{"@type":"EntryPoint","urlTemplate":"https:\/\/sites.cardenalcisneros.es\/ciudadarte\/?s={search_term_string}"},"query-input":"required name=search_term_string"}],"inLanguage":"es"},{"@type":"Person","@id":"https:\/\/sites.cardenalcisneros.es\/ciudadarte\/#\/schema\/person\/79f1d10a98b5df434cb31de88ea07512","name":"Ana Arranz","image":{"@type":"ImageObject","inLanguage":"es","@id":"https:\/\/sites.cardenalcisneros.es\/ciudadarte\/#\/schema\/person\/image\/","url":"https:\/\/secure.gravatar.com\/avatar\/9d2eaade8a216e60dd6cb55b7e092c11?s=96&d=mm&r=g","contentUrl":"https:\/\/secure.gravatar.com\/avatar\/9d2eaade8a216e60dd6cb55b7e092c11?s=96&d=mm&r=g","caption":"Ana Arranz"},"url":"https:\/\/sites.cardenalcisneros.es\/ciudadarte\/index.php\/author\/anaarranz\/"}]}},"_links":{"self":[{"href":"https:\/\/sites.cardenalcisneros.es\/ciudadarte\/index.php\/wp-json\/wp\/v2\/posts\/932"}],"collection":[{"href":"https:\/\/sites.cardenalcisneros.es\/ciudadarte\/index.php\/wp-json\/wp\/v2\/posts"}],"about":[{"href":"https:\/\/sites.cardenalcisneros.es\/ciudadarte\/index.php\/wp-json\/wp\/v2\/types\/post"}],"author":[{"embeddable":true,"href":"https:\/\/sites.cardenalcisneros.es\/ciudadarte\/index.php\/wp-json\/wp\/v2\/users\/34"}],"replies":[{"embeddable":true,"href":"https:\/\/sites.cardenalcisneros.es\/ciudadarte\/index.php\/wp-json\/wp\/v2\/comments?post=932"}],"version-history":[{"count":0,"href":"https:\/\/sites.cardenalcisneros.es\/ciudadarte\/index.php\/wp-json\/wp\/v2\/posts\/932\/revisions"}],"wp:attachment":[{"href":"https:\/\/sites.cardenalcisneros.es\/ciudadarte\/index.php\/wp-json\/wp\/v2\/media?parent=932"}],"wp:term":[{"taxonomy":"category","embeddable":true,"href":"https:\/\/sites.cardenalcisneros.es\/ciudadarte\/index.php\/wp-json\/wp\/v2\/categories?post=932"},{"taxonomy":"post_tag","embeddable":true,"href":"https:\/\/sites.cardenalcisneros.es\/ciudadarte\/index.php\/wp-json\/wp\/v2\/tags?post=932"}],"curies":[{"name":"wp","href":"https:\/\/api.w.org\/{rel}","templated":true}]}}