{"id":8590,"date":"2021-05-17T20:03:28","date_gmt":"2021-05-17T20:03:28","guid":{"rendered":"http:\/\/sites.cardenalcisneros.es\/ciudadarte\/?p=8590"},"modified":"2021-05-17T21:12:54","modified_gmt":"2021-05-17T21:12:54","slug":"lugo-francisco-coello-de-portugal-y-quesada-1864","status":"publish","type":"post","link":"https:\/\/sites.cardenalcisneros.es\/ciudadarte\/index.php\/2021\/05\/17\/lugo-francisco-coello-de-portugal-y-quesada-1864\/","title":{"rendered":"LUGO (Francisco Coello de Portugal y Quesada, 1864)"},"content":{"rendered":"\n<div class=\"wp-block-image\"><figure class=\"alignleft size-large is-resized\"><a href=\"http:\/\/arqueotoponimia.blogspot.com\/2017\/11\/el-callejon-de-estantigas-y-el-teatro.html\"><img decoding=\"async\" loading=\"lazy\" src=\"https:\/\/sites.cardenalcisneros.es\/ciudadarte\/wp-content\/uploads\/2021\/05\/OK-diapositiva-lugo-estela-garcia-ortega-1024x576.jpg\" alt=\"\" class=\"wp-image-8595\" width=\"590\" height=\"332\" srcset=\"https:\/\/sites.cardenalcisneros.es\/ciudadarte\/wp-content\/uploads\/2021\/05\/OK-diapositiva-lugo-estela-garcia-ortega-1024x576.jpg 1024w, https:\/\/sites.cardenalcisneros.es\/ciudadarte\/wp-content\/uploads\/2021\/05\/OK-diapositiva-lugo-estela-garcia-ortega-300x169.jpg 300w, https:\/\/sites.cardenalcisneros.es\/ciudadarte\/wp-content\/uploads\/2021\/05\/OK-diapositiva-lugo-estela-garcia-ortega-768x432.jpg 768w, https:\/\/sites.cardenalcisneros.es\/ciudadarte\/wp-content\/uploads\/2021\/05\/OK-diapositiva-lugo-estela-garcia-ortega.jpg 1280w\" sizes=\"(max-width: 590px) 100vw, 590px\" \/><\/a><figcaption><br>Mapa grabado realizado por el cart\u00f3grafo y Coronel de Ingenieros Francisco Coello de Portugal y Quesada en 1864. Fue autor de los mapas de las provincias espa\u00f1olas recogidos en el <em>Atlas de Espa\u00f1a y sus posesiones de Ultramar<\/em> publicado entre 1847 y 1870 financiados con subvenci\u00f3n gubernamental hasta que se public\u00f3 la primera hoja del Mapa Topogr\u00e1fico Nacional en 1875. Recuperado del blog \u00abarqueotoponimia\u00bb, podemos encontrar este mapa en los archivos de los fondos cartogr\u00e1ficos del Instituto Geogr\u00e1fico Nacional de Espa\u00f1a.\u00a0\u00a0<br><br>La ciudad de Lugo se encuentra en la zona Noroeste de la Pen\u00ednsula Ib\u00e9rica asentada sobre una penillanura con relieve suave y ondulado a 462 metros de altitud y rodeada por el caudaloso r\u00edo Mi\u00f1o y los r\u00edos menores Chanca y Rato. El r\u00edo Mi\u00f1o supone el accidente geogr\u00e1fico m\u00e1s notable ya que en su aproximaci\u00f3n a la ciudad crea un amplio valle que se estrecha conforme se aleja de la misma. En cuanto al relieve, destaca en el suroeste el Monte Meda y en el noreste el Monte Labio con alturas comprendidas entre los 600 y 800 metros. La ciudad cuenta con un clima oce\u00e1nico al registrar menos precipitaciones en verano y ser m\u00e1s abundantes en invierno, alcanzando una cifra de 1000 mm al a\u00f1o. Su temperatura media son 11,5 \u2070C.<br><br>Lugo es el asentamiento urbano m\u00e1s antiguo de Galicia, data del a\u00f1o 25 a. C. y se cree que se erigi\u00f3 o sobre un antiguo castro preromano o bien que la zona contaba con un lugar sagrado dedicado a la divinidad Luc en el que posteriormente se implant\u00f3 un asentamiento militar. Su emplazamiento est\u00e1 determinado tanto por su c\u00e9ntrica localizaci\u00f3n en la zona denominada Gallaecia como por \u00a0la abundancia de agua del entorno con el caudaloso r\u00edo Mi\u00f1o y la existencia de aguas termales; aspecto de suma importancia para la cultura romana. Los vestigios del acueducto del siglo I manifiestan la importancia del asentamiento en la \u00e9poca. El control romano de la ciudad sucumbe al pueblo suevo en el a\u00f1o 460 y en el a\u00f1o 585 pasa al mando visigodo hasta la conquista musulmana a principios del siglo VIII. Alrededor del a\u00f1o 750 Alfonso I ocupa Lugo incorpor\u00e1ndolo al Reino Astur y nombra un obispo para su gobierno encomend\u00e1ndole la repoblaci\u00f3n de la ciudad, aunque esto no se ha conseguido eficazmente en toda su historia. El poder eclesi\u00e1stico ostentar\u00e1 la autoridad y jurisdicci\u00f3n de la ciudad durante la Edad Media. Este aspecto se refleja tanto en la Catedral de Santa Mar\u00eda, que ha sido beneficiaria de mejoras y adiciones importantes en su estructura como son la girola o la Torre del Reloj; como en el Palacio Episcopal, situado en uno de los laterales de la catedral y construido en el siglo XVIII sobre una edificaci\u00f3n anterior. Es notable la existencia de numerosas iglesias y conventos dentro y fuera de sus murallas. Asimismo, Lugo se convierte en paso del Camino Primitivo de la peregrinaci\u00f3n a Santiago con lo que aumenta su relevancia respecto de otras poblaciones cercanas. Ya en la Edad Moderna pierde relevancia respecto de Santiago de Compostela, iniciando una \u00e9poca de decadencia que se revertir\u00e1 con la concesi\u00f3n en 1754 del privilegio real para la celebraci\u00f3n de las Ferias de San Froil\u00e1n. Esto la convirti\u00f3 en la gran capital agraria de Galicia para el comercio de ganado. Con el auge de esta actividad se hizo necesaria la adecuaci\u00f3n de un espacio intramuros amplio, por lo que se derrib\u00f3 el Convento de las Agustinas en 1840 para ampliar la Plaza Mayor resultando tal y como se refleja fielmente en el mapa. La invasi\u00f3n francesa supuso el saqueo de numerosos bienes eclesi\u00e1sticos y por lo tanto un importante varapalo a su riqueza.<br><br>La imagen ilustra la realidad de la ciudad en la segunda mitad del siglo XIX. El elemento m\u00e1s representativo es la muralla romana construida entre los siglos III y IV que destaca por ser la \u00fanica del mundo que conserva todo su per\u00edmetro hasta la actualidad (2.150 metros) y ser pedestre en toda su extensi\u00f3n. La operaci\u00f3n Muralla Limpia (1972) derriba las edificaciones adosadas a la misma para as\u00ed recuperar su esplendor, hecho que favoreci\u00f3 su declaraci\u00f3n como Patrimonio de la Humanidad en el a\u00f1o 2000. En la imagen podemos observar que la muralla cuenta con cinco puertas originales: Mi\u00f1\u00e1, Falsa, San Pedro, Nova y Santiago. Dichas puertas permit\u00edan el desarrollo de la vida en la ciudad y serv\u00edan de comunicaci\u00f3n con las principales poblaciones de la \u00e9poca: Astorga, La Coru\u00f1a y Braga. Adem\u00e1s, en ellas se proced\u00eda al cobro del portazgo y al control de la poblaci\u00f3n en los fielatos, que se conservan en la actualidad. Dichas puertas determinaron el trazado urbano de la ciudad y se puede apreciar en las calles que nacen en ellas y las conectan con otros puntos significativos de la ciudad. Destaca la r\u00faa Nova cuyo trazado rectil\u00edneo y extenso la conecta con el otro extremo del recinto. Cerca de las puertas se observan peque\u00f1as construcciones que buscan proximidad a las mismas. Y en la zona este del mapa destaca el asentamiento m\u00e1s antiguo extramuros, que es la barriada del Carmen (contaba incluso con cementerio) cuyo asentamiento se vio favorecido por la cercan\u00eda a las puertas Mi\u00f1\u00e1 y Santiago que daban salida hacia el Camino de Santiago. El crecimiento de la ciudad y las nuevas necesidades de la \u00e9poca, derivaron en la apertura de nuevas puertas en la muralla. Tal fue el caso de la Porta de la Estaci\u00f3n, que se abri\u00f3 para dar acceso a la estaci\u00f3n con la llegada del ferrocarril en 1875. Hasta un total de cinco puertas fueron abiertas desde 1853 hasta 1921 para mejorar la habitabilidad de la ciudad una vez superada la necesidad defensiva de su origen. Siendo un asentamiento de origen romano, se aprecia claramente su morfolog\u00eda irregular, con un trazado no uniforme e irregular, con callejones estrechos, codos y adarves sin salida. El trazado se adapta a la estructura de la muralla, que desempe\u00f1a un claro papel de l\u00ednea de fijaci\u00f3n de este espacio urbano. La urbanizaci\u00f3n se ajusta a los principales elementos urbanos como son las puertas existentes en la muralla y a los edificios m\u00e1s relevantes que son la Catedral (declarada Patrimonio de la Humanidad en 2015), las iglesias, los conventos y las plazas. Podemos apreciar que la zona m\u00e1s urbanizada se concentra en la zona sur siendo el centro de la vida urbana el eje comprendido entre la Catedral y la Plaza Mayor. Es llamativa la existencia de importantes espacios destinados al cultivo de huertas y frutales dentro de la muralla, reflejo de dos aspectos ya mencionados: la ausencia de presi\u00f3n poblacional y la naturaleza agraria de la zona. Dicho car\u00e1cter eminentemente agrario se mantiene hasta nuestros d\u00edas reflejado en los estudios universitarios que alberga su campus (Ingenier\u00eda Agr\u00edcola, Forestal o Veterinaria). Y la carencia de presi\u00f3n poblacional intramuros favoreci\u00f3 la conservaci\u00f3n de la muralla romana, destacando como elemento arquitect\u00f3nico monumental hasta nuestros d\u00edas.<br><br>Lugo en la \u00e9poca de la imagen experimenta los cambios t\u00edpicos derivados de las desamortizaciones de Mendiz\u00e1bal en 1835 y Espartero en 1840. La expropiaci\u00f3n forzosa de bienes y terrenos de la Iglesia para su posterior subasta liber\u00f3 espacios que tuvieron dos destinos: edificaciones destinadas a servicios p\u00fablicos y administrativos al haber sido nombrada Lugo como capital de provincia en 1833 o viviendas t\u00edpicas de la \u00e9poca para la pujante burgues\u00eda lucense y la aristocracia rural que as\u00ed se traslad\u00f3 a vivir al centro de la actividad econ\u00f3mica local. Por ello, la poblaci\u00f3n lucense se increment\u00f3 de manera espectacular en la segunda mitad del siglo XIX con la llegada de funcionarios, profesionales liberales, artesanos y la clase burguesa, evidenciando el tr\u00e1nsito al nuevo orden social, pasando de 8.000 habitantes en 1857 a 10.700 en 1900. La evoluci\u00f3n en la segunda mitad del siglo XIX hacia una nueva modernidad se refleja en diversas actuaciones para adaptar la ciudad a las nuevas necesidades y tendencias: se construye un nuevo acueducto aprovechando las captaciones de agua romanas pero con un trazado paralelo al construido en el siglo I, se edifica la Casa Consistorial en uno de los extremos de la Plaza Mayor, se inaugura un nuevo cementerio extramuros por la demanda derivada del incremento de la poblaci\u00f3n, se instala el alumbrado p\u00fablico el\u00e9ctrico, se procede al progresivo empedrado de las calles, se crean zonas verdes, se derrumban edificios eclesi\u00e1sticos para la ampliaci\u00f3n de plazas o nuevos trazados urbanos para crear ejes transversales que facilitasen las comunicaciones en la ciudad. Todos estos avances exponen las intervenciones urban\u00edsticas t\u00edpicas de las ciudades industriales del siglo XIX.<br>Lugo se mantiene hasta la actualidad como una ciudad de provincia con relevancia menor.\u00a0<br><br><\/figcaption><\/figure><\/div>\n","protected":false},"excerpt":{"rendered":"","protected":false},"author":376,"featured_media":0,"comment_status":"open","ping_status":"open","sticky":false,"template":"","format":"standard","meta":[],"categories":[1],"tags":[],"yoast_head":"<!-- This site is optimized with the Yoast SEO plugin v20.7 - https:\/\/yoast.com\/wordpress\/plugins\/seo\/ -->\n<title>LUGO (Francisco Coello de Portugal y Quesada, 1864) - La Ciudad en el Arte<\/title>\n<meta name=\"robots\" content=\"index, follow, max-snippet:-1, max-image-preview:large, max-video-preview:-1\" \/>\n<link rel=\"canonical\" href=\"https:\/\/sites.cardenalcisneros.es\/ciudadarte\/index.php\/2021\/05\/17\/lugo-francisco-coello-de-portugal-y-quesada-1864\/\" \/>\n<meta property=\"og:locale\" content=\"es_ES\" \/>\n<meta property=\"og:type\" content=\"article\" \/>\n<meta property=\"og:title\" content=\"LUGO (Francisco Coello de Portugal y Quesada, 1864) - La Ciudad en el Arte\" \/>\n<meta property=\"og:url\" content=\"https:\/\/sites.cardenalcisneros.es\/ciudadarte\/index.php\/2021\/05\/17\/lugo-francisco-coello-de-portugal-y-quesada-1864\/\" \/>\n<meta property=\"og:site_name\" content=\"La Ciudad en el Arte\" \/>\n<meta property=\"article:published_time\" content=\"2021-05-17T20:03:28+00:00\" \/>\n<meta property=\"article:modified_time\" content=\"2021-05-17T21:12:54+00:00\" \/>\n<meta property=\"og:image\" content=\"https:\/\/sites.cardenalcisneros.es\/ciudadarte\/wp-content\/uploads\/2021\/05\/OK-diapositiva-lugo-estela-garcia-ortega-1024x576.jpg\" \/>\n<meta name=\"author\" content=\"Estela Garc\u00eda\" \/>\n<meta name=\"twitter:card\" content=\"summary_large_image\" \/>\n<meta name=\"twitter:label1\" content=\"Escrito por\" \/>\n\t<meta name=\"twitter:data1\" content=\"Estela Garc\u00eda\" \/>\n\t<meta name=\"twitter:label2\" content=\"Tiempo de lectura\" \/>\n\t<meta name=\"twitter:data2\" content=\"8 minutos\" \/>\n<script type=\"application\/ld+json\" class=\"yoast-schema-graph\">{\"@context\":\"https:\/\/schema.org\",\"@graph\":[{\"@type\":\"WebPage\",\"@id\":\"https:\/\/sites.cardenalcisneros.es\/ciudadarte\/index.php\/2021\/05\/17\/lugo-francisco-coello-de-portugal-y-quesada-1864\/\",\"url\":\"https:\/\/sites.cardenalcisneros.es\/ciudadarte\/index.php\/2021\/05\/17\/lugo-francisco-coello-de-portugal-y-quesada-1864\/\",\"name\":\"LUGO (Francisco Coello de Portugal y Quesada, 1864) - La Ciudad en el Arte\",\"isPartOf\":{\"@id\":\"https:\/\/sites.cardenalcisneros.es\/ciudadarte\/#website\"},\"datePublished\":\"2021-05-17T20:03:28+00:00\",\"dateModified\":\"2021-05-17T21:12:54+00:00\",\"author\":{\"@id\":\"https:\/\/sites.cardenalcisneros.es\/ciudadarte\/#\/schema\/person\/d60477e878e7ff6797fc13a6c07fab40\"},\"breadcrumb\":{\"@id\":\"https:\/\/sites.cardenalcisneros.es\/ciudadarte\/index.php\/2021\/05\/17\/lugo-francisco-coello-de-portugal-y-quesada-1864\/#breadcrumb\"},\"inLanguage\":\"es\",\"potentialAction\":[{\"@type\":\"ReadAction\",\"target\":[\"https:\/\/sites.cardenalcisneros.es\/ciudadarte\/index.php\/2021\/05\/17\/lugo-francisco-coello-de-portugal-y-quesada-1864\/\"]}]},{\"@type\":\"BreadcrumbList\",\"@id\":\"https:\/\/sites.cardenalcisneros.es\/ciudadarte\/index.php\/2021\/05\/17\/lugo-francisco-coello-de-portugal-y-quesada-1864\/#breadcrumb\",\"itemListElement\":[{\"@type\":\"ListItem\",\"position\":1,\"name\":\"Portada\",\"item\":\"https:\/\/sites.cardenalcisneros.es\/ciudadarte\/\"},{\"@type\":\"ListItem\",\"position\":2,\"name\":\"LUGO (Francisco Coello de Portugal y Quesada, 1864)\"}]},{\"@type\":\"WebSite\",\"@id\":\"https:\/\/sites.cardenalcisneros.es\/ciudadarte\/#website\",\"url\":\"https:\/\/sites.cardenalcisneros.es\/ciudadarte\/\",\"name\":\"La Ciudad en el Arte\",\"description\":\"Un blog colaborativo sobre Geograf\u00eda, Urbanismo, Historia y Arte\",\"potentialAction\":[{\"@type\":\"SearchAction\",\"target\":{\"@type\":\"EntryPoint\",\"urlTemplate\":\"https:\/\/sites.cardenalcisneros.es\/ciudadarte\/?s={search_term_string}\"},\"query-input\":\"required name=search_term_string\"}],\"inLanguage\":\"es\"},{\"@type\":\"Person\",\"@id\":\"https:\/\/sites.cardenalcisneros.es\/ciudadarte\/#\/schema\/person\/d60477e878e7ff6797fc13a6c07fab40\",\"name\":\"Estela Garc\u00eda\",\"image\":{\"@type\":\"ImageObject\",\"inLanguage\":\"es\",\"@id\":\"https:\/\/sites.cardenalcisneros.es\/ciudadarte\/#\/schema\/person\/image\/\",\"url\":\"https:\/\/secure.gravatar.com\/avatar\/5b84fdedce0ef5c4563dad8e0406417a?s=96&d=mm&r=g\",\"contentUrl\":\"https:\/\/secure.gravatar.com\/avatar\/5b84fdedce0ef5c4563dad8e0406417a?s=96&d=mm&r=g\",\"caption\":\"Estela Garc\u00eda\"},\"url\":\"https:\/\/sites.cardenalcisneros.es\/ciudadarte\/index.php\/author\/50753205w\/\"}]}<\/script>\n<!-- \/ Yoast SEO plugin. -->","yoast_head_json":{"title":"LUGO (Francisco Coello de Portugal y Quesada, 1864) - La Ciudad en el Arte","robots":{"index":"index","follow":"follow","max-snippet":"max-snippet:-1","max-image-preview":"max-image-preview:large","max-video-preview":"max-video-preview:-1"},"canonical":"https:\/\/sites.cardenalcisneros.es\/ciudadarte\/index.php\/2021\/05\/17\/lugo-francisco-coello-de-portugal-y-quesada-1864\/","og_locale":"es_ES","og_type":"article","og_title":"LUGO (Francisco Coello de Portugal y Quesada, 1864) - La Ciudad en el Arte","og_url":"https:\/\/sites.cardenalcisneros.es\/ciudadarte\/index.php\/2021\/05\/17\/lugo-francisco-coello-de-portugal-y-quesada-1864\/","og_site_name":"La Ciudad en el Arte","article_published_time":"2021-05-17T20:03:28+00:00","article_modified_time":"2021-05-17T21:12:54+00:00","og_image":[{"url":"https:\/\/sites.cardenalcisneros.es\/ciudadarte\/wp-content\/uploads\/2021\/05\/OK-diapositiva-lugo-estela-garcia-ortega-1024x576.jpg"}],"author":"Estela Garc\u00eda","twitter_card":"summary_large_image","twitter_misc":{"Escrito por":"Estela Garc\u00eda","Tiempo de lectura":"8 minutos"},"schema":{"@context":"https:\/\/schema.org","@graph":[{"@type":"WebPage","@id":"https:\/\/sites.cardenalcisneros.es\/ciudadarte\/index.php\/2021\/05\/17\/lugo-francisco-coello-de-portugal-y-quesada-1864\/","url":"https:\/\/sites.cardenalcisneros.es\/ciudadarte\/index.php\/2021\/05\/17\/lugo-francisco-coello-de-portugal-y-quesada-1864\/","name":"LUGO (Francisco Coello de Portugal y Quesada, 1864) - La Ciudad en el Arte","isPartOf":{"@id":"https:\/\/sites.cardenalcisneros.es\/ciudadarte\/#website"},"datePublished":"2021-05-17T20:03:28+00:00","dateModified":"2021-05-17T21:12:54+00:00","author":{"@id":"https:\/\/sites.cardenalcisneros.es\/ciudadarte\/#\/schema\/person\/d60477e878e7ff6797fc13a6c07fab40"},"breadcrumb":{"@id":"https:\/\/sites.cardenalcisneros.es\/ciudadarte\/index.php\/2021\/05\/17\/lugo-francisco-coello-de-portugal-y-quesada-1864\/#breadcrumb"},"inLanguage":"es","potentialAction":[{"@type":"ReadAction","target":["https:\/\/sites.cardenalcisneros.es\/ciudadarte\/index.php\/2021\/05\/17\/lugo-francisco-coello-de-portugal-y-quesada-1864\/"]}]},{"@type":"BreadcrumbList","@id":"https:\/\/sites.cardenalcisneros.es\/ciudadarte\/index.php\/2021\/05\/17\/lugo-francisco-coello-de-portugal-y-quesada-1864\/#breadcrumb","itemListElement":[{"@type":"ListItem","position":1,"name":"Portada","item":"https:\/\/sites.cardenalcisneros.es\/ciudadarte\/"},{"@type":"ListItem","position":2,"name":"LUGO (Francisco Coello de Portugal y Quesada, 1864)"}]},{"@type":"WebSite","@id":"https:\/\/sites.cardenalcisneros.es\/ciudadarte\/#website","url":"https:\/\/sites.cardenalcisneros.es\/ciudadarte\/","name":"La Ciudad en el Arte","description":"Un blog colaborativo sobre Geograf\u00eda, Urbanismo, Historia y Arte","potentialAction":[{"@type":"SearchAction","target":{"@type":"EntryPoint","urlTemplate":"https:\/\/sites.cardenalcisneros.es\/ciudadarte\/?s={search_term_string}"},"query-input":"required name=search_term_string"}],"inLanguage":"es"},{"@type":"Person","@id":"https:\/\/sites.cardenalcisneros.es\/ciudadarte\/#\/schema\/person\/d60477e878e7ff6797fc13a6c07fab40","name":"Estela Garc\u00eda","image":{"@type":"ImageObject","inLanguage":"es","@id":"https:\/\/sites.cardenalcisneros.es\/ciudadarte\/#\/schema\/person\/image\/","url":"https:\/\/secure.gravatar.com\/avatar\/5b84fdedce0ef5c4563dad8e0406417a?s=96&d=mm&r=g","contentUrl":"https:\/\/secure.gravatar.com\/avatar\/5b84fdedce0ef5c4563dad8e0406417a?s=96&d=mm&r=g","caption":"Estela Garc\u00eda"},"url":"https:\/\/sites.cardenalcisneros.es\/ciudadarte\/index.php\/author\/50753205w\/"}]}},"_links":{"self":[{"href":"https:\/\/sites.cardenalcisneros.es\/ciudadarte\/index.php\/wp-json\/wp\/v2\/posts\/8590"}],"collection":[{"href":"https:\/\/sites.cardenalcisneros.es\/ciudadarte\/index.php\/wp-json\/wp\/v2\/posts"}],"about":[{"href":"https:\/\/sites.cardenalcisneros.es\/ciudadarte\/index.php\/wp-json\/wp\/v2\/types\/post"}],"author":[{"embeddable":true,"href":"https:\/\/sites.cardenalcisneros.es\/ciudadarte\/index.php\/wp-json\/wp\/v2\/users\/376"}],"replies":[{"embeddable":true,"href":"https:\/\/sites.cardenalcisneros.es\/ciudadarte\/index.php\/wp-json\/wp\/v2\/comments?post=8590"}],"version-history":[{"count":5,"href":"https:\/\/sites.cardenalcisneros.es\/ciudadarte\/index.php\/wp-json\/wp\/v2\/posts\/8590\/revisions"}],"predecessor-version":[{"id":8598,"href":"https:\/\/sites.cardenalcisneros.es\/ciudadarte\/index.php\/wp-json\/wp\/v2\/posts\/8590\/revisions\/8598"}],"wp:attachment":[{"href":"https:\/\/sites.cardenalcisneros.es\/ciudadarte\/index.php\/wp-json\/wp\/v2\/media?parent=8590"}],"wp:term":[{"taxonomy":"category","embeddable":true,"href":"https:\/\/sites.cardenalcisneros.es\/ciudadarte\/index.php\/wp-json\/wp\/v2\/categories?post=8590"},{"taxonomy":"post_tag","embeddable":true,"href":"https:\/\/sites.cardenalcisneros.es\/ciudadarte\/index.php\/wp-json\/wp\/v2\/tags?post=8590"}],"curies":[{"name":"wp","href":"https:\/\/api.w.org\/{rel}","templated":true}]}}