{"id":8576,"date":"2021-05-10T18:35:13","date_gmt":"2021-05-10T18:35:13","guid":{"rendered":"http:\/\/sites.cardenalcisneros.es\/ciudadarte\/?p=8576"},"modified":"2021-05-10T19:01:39","modified_gmt":"2021-05-10T19:01:39","slug":"avila-benjamin-palencia-1946","status":"publish","type":"post","link":"https:\/\/sites.cardenalcisneros.es\/ciudadarte\/index.php\/2021\/05\/10\/avila-benjamin-palencia-1946\/","title":{"rendered":"\u00c1VILA                                  (Benjam\u00edn Palencia, 1946)"},"content":{"rendered":"\n<div class=\"wp-block-image\"><figure class=\"aligncenter size-large is-resized\"><img decoding=\"async\" loading=\"lazy\" src=\"https:\/\/sites.cardenalcisneros.es\/ciudadarte\/wp-content\/uploads\/2021\/05\/Diapositiva1-1024x576.jpg\" alt=\"\" class=\"wp-image-8577\" width=\"592\" height=\"333\" srcset=\"https:\/\/sites.cardenalcisneros.es\/ciudadarte\/wp-content\/uploads\/2021\/05\/Diapositiva1-1024x576.jpg 1024w, https:\/\/sites.cardenalcisneros.es\/ciudadarte\/wp-content\/uploads\/2021\/05\/Diapositiva1-300x169.jpg 300w, https:\/\/sites.cardenalcisneros.es\/ciudadarte\/wp-content\/uploads\/2021\/05\/Diapositiva1-768x432.jpg 768w, https:\/\/sites.cardenalcisneros.es\/ciudadarte\/wp-content\/uploads\/2021\/05\/Diapositiva1.jpg 1280w\" sizes=\"(max-width: 592px) 100vw, 592px\" \/><\/figure><\/div>\n\n\n\n<div class=\"wp-block-group\"><div class=\"wp-block-group__inner-container is-layout-flow\">\n<div class=\"wp-block-group is-layout-flow\"><div class=\"wp-block-group__inner-container\"><\/div><\/div>\n<\/div><\/div>\n\n\n\n<div class=\"wp-block-group is-layout-flow\"><div class=\"wp-block-group__inner-container\"><\/div><\/div>\n\n\n\n<p>La ciudad que aparece en la pintura es \u00c1vila, una ciudad amurallada en la Meseta Norte de la pen\u00ednsula que se encuentra situada en la provincia de \u00c1vila, en la comunidad aut\u00f3noma de Castilla y Le\u00f3n. Esta ciudad fue fundada por los romanos en un n\u00facleo urbano que ya exist\u00eda.<\/p>\n\n\n\n<p>La pintura llamada \u201c\u00c1vila de los caballeros\u201d fue realizada en 1946 por Benjam\u00edn Palencia, pintor manchego nacido en Albacete, usando la t\u00e9cnica de \u00f3leo sobre lienzo. En ella representa toda la ciudad rodeada por la muralla rom\u00e1nica con todo tipo de detalles. La pintura, se elabor\u00f3, posiblemente, desde el mirador de los cuatro postes, al oeste de la ciudad, en \u00e9l se puede apreciar toda la ciudad amurallada, de tal manera que los monumentos y edificios m\u00e1s relevantes, desde esa perspectiva, quedan centrales en la pintura. Las coordenadas desde donde se pudo realizar la obra son 40.659910, -4.711050.<\/p>\n\n\n\n<p>En la \u00e9poca que Benjam\u00edn Palencia pint\u00f3 el cuadro, la ciudad amurallada, respecto a su morfolog\u00eda, manten\u00eda el trazo irregular t\u00edpico de las ciudades medievales, no manten\u00eda ninguna forma. En su interior mostraba calles estrechas construidas de piedra, peque\u00f1os callejones, numerosas plazas y edificios individuales. Se encuentra, ubicada en una colina rocosa a 1131 metros del nivel del mar. A los alrededores, muy cerca de las murallas, se encuentra el rio Adaja. Una vez construida la muralla, \u00c1vila se divid\u00eda en seis zonas llamadas cuadrillas, en cada una de ellas se encontraba una clase social diferente,  en una de ellas se realizaban actividades industriales y en otras se juntaban los gremios de artesanos y artistas. Cerca de la catedral, viv\u00eda la clase noble, es por eso por lo que se encuentran diversos palacios cerca de la bas\u00edlica. Por el contrario, en la zona sur, se encontraba la clase baja con huertos, barrios de jud\u00edos y musulmanes.  En la \u00e9poca cuando se realiz\u00f3 la pintura existi\u00f3 una gran actividad constructiva fuera de las murallas, en los extramuros, al norte, creando un programa de vivienda social con el objetivo de construir viviendas de dos o tres plantas, actualmente la ciudad de \u00c1vila sigue creciendo fuera de las murallas creando un compacto entramado urbano.<\/p>\n\n\n\n<p>Los principales elementos urbanos, de \u00c1vila en 1946, que se distinguen en el \u00f3leo, son muchos de ellos de car\u00e1cter religioso como catedrales y palacios. Lo m\u00e1s significativo de la ciudad de \u00c1vila es la muralla que rodea toda la ciudad. Fue mandada construir, en 1085, por el rey Alfonso VI, que se la encarg\u00f3 a su yerno, el Conde Raimundo de Borgo\u00f1a, con el fin de defenderse de los ataques musulmanes, conseguir un estatus elevado como ciudad y, sobre todo, para defensa y protecci\u00f3n ante cualquier posible ataque. En el lienzo de Benjam\u00edn Palencia, se puede apreciar esta muralla de estilo rom\u00e1nico de 2.516 metros de largo y 12 metros de alto, que se empez\u00f3 a construir en el siglo XII, aunque como se\u00f1ala el museo tiflol\u00f3gico, en \u00e9pocas anteriores a la muralla, ya se presentaba algunos muros.<\/p>\n\n\n\n<p>Siguiendo analizando la muralla, en el \u00f3leo, se aprecian 9 puertas y 88 torreones, estas puertas fueron construidas con el fin de crear antiguas entradas y salidas por las que se realizaba y se sigue realizando el tr\u00e1nsito de carros y personas, como es el caso de la puerta del puente o la puerta de San Segundo. Esta se conecta con el puente romano que cruzan el rio Adaja. Se construy\u00f3 al mismo tiempo que se construy\u00f3 la muralla, sobre el S.XII, pero ha sido reformada en los S.XV y S. XVII. Por ella pasaban los vendedores, los agricultores y ganaderos para ir al mercado que se encontraba dentro del recinto amurallado.<\/p>\n\n\n\n<p>En el centro de la imagen se puede apreciar, en el norte, la catedral de San Salvador, una catedral de estilo g\u00f3tico considerada como la primera catedral con este estilo en Espa\u00f1a.&nbsp; Se empez\u00f3 a construir en el S. XII por Giral Fruchel. El \u00e1bside de la catedral comparte piedras con la muralla de \u00c1vila. La catedral se trata de un edificio religioso, pero tambi\u00e9n militar, se obr\u00f3 con el fin de templo y fortaleza de la ciudad. Se construy\u00f3 en la parte alta de la ciudad. A la izquierda de la pintura, junto a la muralla, se puede apreciar la espada\u00f1a, estructura hecha de ladrillo que pertenec\u00eda al convento de las carmelitas descalzas, siendo lo \u00fanico que queda conservado del convento. En el centro de la pintura se puede apreciar la torre de la iglesia de San Juan Bautista que se encuentra situada en la Plaza del mercado chico, lugar hist\u00f3rico para la ciudad, ya que los romanos construyeron en ese punto el f\u00f3rum de la ciudad, una vez al a\u00f1o se celebra, en la plaza, un mercado medieval. Junto a la plaza, se encuentra, lo que es actualmente, el Ayuntamiento de \u00c1vila.<\/p>\n\n\n\n<p>En 1946, \u00c1vila se encontraba pobremente poblada, no mostraba m\u00e1s de 21.000 habitantes y unos 4000 hogares. Dato que ha ido cambiando a lo largo de los a\u00f1os, ya que la ciudad ha ido creciendo fuera de las murallas hasta llegar, en 2020, a los 58.400 habitantes y los 22.770 hogares. Respecto a la econom\u00eda se puede decir que, en esa \u00e9poca y actualmente, gracias a su legado hist\u00f3rico, se basaba en el turismo, no muestra una talla productiva, por lo que depende del turismo, por lo tanto, es fundamental la conservaci\u00f3n de los muros y el interior de la ciudad. La ciudad, denominada en 1985 Ciudad Patrimonio de la Humanidad por la UNESCO, viv\u00eda y vive del turismo debido a que es un lugar para perderte entre diferentes culturas y ver monumentos con cuantiosos siglos de antig\u00fcedad. En esa \u00e9poca, el comercio tambi\u00e9n era algo esencial, se trataba de un comercio tradicional con tenderos en la calle, \u00c1vila siempre ha sido un importante n\u00facleo comercial.<\/p>\n\n\n\n<p>Por ella han pasado numerosas culturas como romana, visigoda, cristiana, musulmana y jud\u00eda, todas ellas han dejado su legado, haciendo de \u00c1vila una ciudad llena de rincones llenos de cultura y con muchos siglos de historia.<\/p>\n\n\n\n<p><\/p>\n","protected":false},"excerpt":{"rendered":"<p>La ciudad que aparece en la pintura es \u00c1vila, una ciudad amurallada en la Meseta Norte de la pen\u00ednsula que se encuentra situada en la provincia de \u00c1vila, en la comunidad aut\u00f3noma de Castilla y Le\u00f3n. Esta ciudad fue fundada por los romanos en un n\u00facleo urbano que ya exist\u00eda. La pintura llamada \u201c\u00c1vila de [&hellip;]<\/p>\n","protected":false},"author":369,"featured_media":0,"comment_status":"open","ping_status":"open","sticky":false,"template":"","format":"standard","meta":[],"categories":[1],"tags":[],"yoast_head":"<!-- This site is optimized with the Yoast SEO plugin v20.7 - https:\/\/yoast.com\/wordpress\/plugins\/seo\/ -->\n<title>\u00c1VILA                 (Benjam\u00edn Palencia, 1946) - La Ciudad en el Arte<\/title>\n<meta name=\"robots\" content=\"index, follow, max-snippet:-1, max-image-preview:large, max-video-preview:-1\" \/>\n<link rel=\"canonical\" href=\"https:\/\/sites.cardenalcisneros.es\/ciudadarte\/index.php\/2021\/05\/10\/avila-benjamin-palencia-1946\/\" \/>\n<meta property=\"og:locale\" content=\"es_ES\" \/>\n<meta property=\"og:type\" content=\"article\" \/>\n<meta property=\"og:title\" content=\"\u00c1VILA                 (Benjam\u00edn Palencia, 1946) - La Ciudad en el Arte\" \/>\n<meta property=\"og:description\" content=\"La ciudad que aparece en la pintura es \u00c1vila, una ciudad amurallada en la Meseta Norte de la pen\u00ednsula que se encuentra situada en la provincia de \u00c1vila, en la comunidad aut\u00f3noma de Castilla y Le\u00f3n. Esta ciudad fue fundada por los romanos en un n\u00facleo urbano que ya exist\u00eda. La pintura llamada \u201c\u00c1vila de [&hellip;]\" \/>\n<meta property=\"og:url\" content=\"https:\/\/sites.cardenalcisneros.es\/ciudadarte\/index.php\/2021\/05\/10\/avila-benjamin-palencia-1946\/\" \/>\n<meta property=\"og:site_name\" content=\"La Ciudad en el Arte\" \/>\n<meta property=\"article:published_time\" content=\"2021-05-10T18:35:13+00:00\" \/>\n<meta property=\"article:modified_time\" content=\"2021-05-10T19:01:39+00:00\" \/>\n<meta property=\"og:image\" content=\"https:\/\/sites.cardenalcisneros.es\/ciudadarte\/wp-content\/uploads\/2021\/05\/Diapositiva1-1024x576.jpg\" \/>\n<meta name=\"author\" content=\"marta\" \/>\n<meta name=\"twitter:card\" content=\"summary_large_image\" \/>\n<meta name=\"twitter:label1\" content=\"Escrito por\" \/>\n\t<meta name=\"twitter:data1\" content=\"marta\" \/>\n\t<meta name=\"twitter:label2\" content=\"Tiempo de lectura\" \/>\n\t<meta name=\"twitter:data2\" content=\"5 minutos\" \/>\n<script type=\"application\/ld+json\" class=\"yoast-schema-graph\">{\"@context\":\"https:\/\/schema.org\",\"@graph\":[{\"@type\":\"WebPage\",\"@id\":\"https:\/\/sites.cardenalcisneros.es\/ciudadarte\/index.php\/2021\/05\/10\/avila-benjamin-palencia-1946\/\",\"url\":\"https:\/\/sites.cardenalcisneros.es\/ciudadarte\/index.php\/2021\/05\/10\/avila-benjamin-palencia-1946\/\",\"name\":\"\u00c1VILA (Benjam\u00edn Palencia, 1946) - La Ciudad en el Arte\",\"isPartOf\":{\"@id\":\"https:\/\/sites.cardenalcisneros.es\/ciudadarte\/#website\"},\"datePublished\":\"2021-05-10T18:35:13+00:00\",\"dateModified\":\"2021-05-10T19:01:39+00:00\",\"author\":{\"@id\":\"https:\/\/sites.cardenalcisneros.es\/ciudadarte\/#\/schema\/person\/e1e5943a95868baae449ba5bc1309772\"},\"breadcrumb\":{\"@id\":\"https:\/\/sites.cardenalcisneros.es\/ciudadarte\/index.php\/2021\/05\/10\/avila-benjamin-palencia-1946\/#breadcrumb\"},\"inLanguage\":\"es\",\"potentialAction\":[{\"@type\":\"ReadAction\",\"target\":[\"https:\/\/sites.cardenalcisneros.es\/ciudadarte\/index.php\/2021\/05\/10\/avila-benjamin-palencia-1946\/\"]}]},{\"@type\":\"BreadcrumbList\",\"@id\":\"https:\/\/sites.cardenalcisneros.es\/ciudadarte\/index.php\/2021\/05\/10\/avila-benjamin-palencia-1946\/#breadcrumb\",\"itemListElement\":[{\"@type\":\"ListItem\",\"position\":1,\"name\":\"Portada\",\"item\":\"https:\/\/sites.cardenalcisneros.es\/ciudadarte\/\"},{\"@type\":\"ListItem\",\"position\":2,\"name\":\"\u00c1VILA (Benjam\u00edn Palencia, 1946)\"}]},{\"@type\":\"WebSite\",\"@id\":\"https:\/\/sites.cardenalcisneros.es\/ciudadarte\/#website\",\"url\":\"https:\/\/sites.cardenalcisneros.es\/ciudadarte\/\",\"name\":\"La Ciudad en el Arte\",\"description\":\"Un blog colaborativo sobre Geograf\u00eda, Urbanismo, Historia y Arte\",\"potentialAction\":[{\"@type\":\"SearchAction\",\"target\":{\"@type\":\"EntryPoint\",\"urlTemplate\":\"https:\/\/sites.cardenalcisneros.es\/ciudadarte\/?s={search_term_string}\"},\"query-input\":\"required name=search_term_string\"}],\"inLanguage\":\"es\"},{\"@type\":\"Person\",\"@id\":\"https:\/\/sites.cardenalcisneros.es\/ciudadarte\/#\/schema\/person\/e1e5943a95868baae449ba5bc1309772\",\"name\":\"marta\",\"image\":{\"@type\":\"ImageObject\",\"inLanguage\":\"es\",\"@id\":\"https:\/\/sites.cardenalcisneros.es\/ciudadarte\/#\/schema\/person\/image\/\",\"url\":\"https:\/\/secure.gravatar.com\/avatar\/1f25164f76b2c48d4279e5ad8f0b2201?s=96&d=mm&r=g\",\"contentUrl\":\"https:\/\/secure.gravatar.com\/avatar\/1f25164f76b2c48d4279e5ad8f0b2201?s=96&d=mm&r=g\",\"caption\":\"marta\"},\"url\":\"https:\/\/sites.cardenalcisneros.es\/ciudadarte\/index.php\/author\/09098379q\/\"}]}<\/script>\n<!-- \/ Yoast SEO plugin. -->","yoast_head_json":{"title":"\u00c1VILA                 (Benjam\u00edn Palencia, 1946) - La Ciudad en el Arte","robots":{"index":"index","follow":"follow","max-snippet":"max-snippet:-1","max-image-preview":"max-image-preview:large","max-video-preview":"max-video-preview:-1"},"canonical":"https:\/\/sites.cardenalcisneros.es\/ciudadarte\/index.php\/2021\/05\/10\/avila-benjamin-palencia-1946\/","og_locale":"es_ES","og_type":"article","og_title":"\u00c1VILA                 (Benjam\u00edn Palencia, 1946) - La Ciudad en el Arte","og_description":"La ciudad que aparece en la pintura es \u00c1vila, una ciudad amurallada en la Meseta Norte de la pen\u00ednsula que se encuentra situada en la provincia de \u00c1vila, en la comunidad aut\u00f3noma de Castilla y Le\u00f3n. Esta ciudad fue fundada por los romanos en un n\u00facleo urbano que ya exist\u00eda. La pintura llamada \u201c\u00c1vila de [&hellip;]","og_url":"https:\/\/sites.cardenalcisneros.es\/ciudadarte\/index.php\/2021\/05\/10\/avila-benjamin-palencia-1946\/","og_site_name":"La Ciudad en el Arte","article_published_time":"2021-05-10T18:35:13+00:00","article_modified_time":"2021-05-10T19:01:39+00:00","og_image":[{"url":"https:\/\/sites.cardenalcisneros.es\/ciudadarte\/wp-content\/uploads\/2021\/05\/Diapositiva1-1024x576.jpg"}],"author":"marta","twitter_card":"summary_large_image","twitter_misc":{"Escrito por":"marta","Tiempo de lectura":"5 minutos"},"schema":{"@context":"https:\/\/schema.org","@graph":[{"@type":"WebPage","@id":"https:\/\/sites.cardenalcisneros.es\/ciudadarte\/index.php\/2021\/05\/10\/avila-benjamin-palencia-1946\/","url":"https:\/\/sites.cardenalcisneros.es\/ciudadarte\/index.php\/2021\/05\/10\/avila-benjamin-palencia-1946\/","name":"\u00c1VILA (Benjam\u00edn Palencia, 1946) - La Ciudad en el Arte","isPartOf":{"@id":"https:\/\/sites.cardenalcisneros.es\/ciudadarte\/#website"},"datePublished":"2021-05-10T18:35:13+00:00","dateModified":"2021-05-10T19:01:39+00:00","author":{"@id":"https:\/\/sites.cardenalcisneros.es\/ciudadarte\/#\/schema\/person\/e1e5943a95868baae449ba5bc1309772"},"breadcrumb":{"@id":"https:\/\/sites.cardenalcisneros.es\/ciudadarte\/index.php\/2021\/05\/10\/avila-benjamin-palencia-1946\/#breadcrumb"},"inLanguage":"es","potentialAction":[{"@type":"ReadAction","target":["https:\/\/sites.cardenalcisneros.es\/ciudadarte\/index.php\/2021\/05\/10\/avila-benjamin-palencia-1946\/"]}]},{"@type":"BreadcrumbList","@id":"https:\/\/sites.cardenalcisneros.es\/ciudadarte\/index.php\/2021\/05\/10\/avila-benjamin-palencia-1946\/#breadcrumb","itemListElement":[{"@type":"ListItem","position":1,"name":"Portada","item":"https:\/\/sites.cardenalcisneros.es\/ciudadarte\/"},{"@type":"ListItem","position":2,"name":"\u00c1VILA (Benjam\u00edn Palencia, 1946)"}]},{"@type":"WebSite","@id":"https:\/\/sites.cardenalcisneros.es\/ciudadarte\/#website","url":"https:\/\/sites.cardenalcisneros.es\/ciudadarte\/","name":"La Ciudad en el Arte","description":"Un blog colaborativo sobre Geograf\u00eda, Urbanismo, Historia y Arte","potentialAction":[{"@type":"SearchAction","target":{"@type":"EntryPoint","urlTemplate":"https:\/\/sites.cardenalcisneros.es\/ciudadarte\/?s={search_term_string}"},"query-input":"required name=search_term_string"}],"inLanguage":"es"},{"@type":"Person","@id":"https:\/\/sites.cardenalcisneros.es\/ciudadarte\/#\/schema\/person\/e1e5943a95868baae449ba5bc1309772","name":"marta","image":{"@type":"ImageObject","inLanguage":"es","@id":"https:\/\/sites.cardenalcisneros.es\/ciudadarte\/#\/schema\/person\/image\/","url":"https:\/\/secure.gravatar.com\/avatar\/1f25164f76b2c48d4279e5ad8f0b2201?s=96&d=mm&r=g","contentUrl":"https:\/\/secure.gravatar.com\/avatar\/1f25164f76b2c48d4279e5ad8f0b2201?s=96&d=mm&r=g","caption":"marta"},"url":"https:\/\/sites.cardenalcisneros.es\/ciudadarte\/index.php\/author\/09098379q\/"}]}},"_links":{"self":[{"href":"https:\/\/sites.cardenalcisneros.es\/ciudadarte\/index.php\/wp-json\/wp\/v2\/posts\/8576"}],"collection":[{"href":"https:\/\/sites.cardenalcisneros.es\/ciudadarte\/index.php\/wp-json\/wp\/v2\/posts"}],"about":[{"href":"https:\/\/sites.cardenalcisneros.es\/ciudadarte\/index.php\/wp-json\/wp\/v2\/types\/post"}],"author":[{"embeddable":true,"href":"https:\/\/sites.cardenalcisneros.es\/ciudadarte\/index.php\/wp-json\/wp\/v2\/users\/369"}],"replies":[{"embeddable":true,"href":"https:\/\/sites.cardenalcisneros.es\/ciudadarte\/index.php\/wp-json\/wp\/v2\/comments?post=8576"}],"version-history":[{"count":9,"href":"https:\/\/sites.cardenalcisneros.es\/ciudadarte\/index.php\/wp-json\/wp\/v2\/posts\/8576\/revisions"}],"predecessor-version":[{"id":8588,"href":"https:\/\/sites.cardenalcisneros.es\/ciudadarte\/index.php\/wp-json\/wp\/v2\/posts\/8576\/revisions\/8588"}],"wp:attachment":[{"href":"https:\/\/sites.cardenalcisneros.es\/ciudadarte\/index.php\/wp-json\/wp\/v2\/media?parent=8576"}],"wp:term":[{"taxonomy":"category","embeddable":true,"href":"https:\/\/sites.cardenalcisneros.es\/ciudadarte\/index.php\/wp-json\/wp\/v2\/categories?post=8576"},{"taxonomy":"post_tag","embeddable":true,"href":"https:\/\/sites.cardenalcisneros.es\/ciudadarte\/index.php\/wp-json\/wp\/v2\/tags?post=8576"}],"curies":[{"name":"wp","href":"https:\/\/api.w.org\/{rel}","templated":true}]}}