{"id":8419,"date":"2020-04-24T16:07:35","date_gmt":"2020-04-24T16:07:35","guid":{"rendered":"http:\/\/sites.cardenalcisneros.es\/ciudadarte\/?p=8419"},"modified":"2020-05-11T14:36:18","modified_gmt":"2020-05-11T14:36:18","slug":"paris-camille-pisarro-1898","status":"publish","type":"post","link":"https:\/\/sites.cardenalcisneros.es\/ciudadarte\/index.php\/2020\/04\/24\/paris-camille-pisarro-1898\/","title":{"rendered":"PAR\u00cdS (Camille Pisarro, 1898)"},"content":{"rendered":"\n<figure class=\"wp-block-image size-large is-resized\"><img decoding=\"async\" loading=\"lazy\" src=\"https:\/\/sites.cardenalcisneros.es\/ciudadarte\/wp-content\/uploads\/2020\/04\/GEOcampus1-defrutosmartino..jpg\" alt=\"\" class=\"wp-image-8420\" width=\"593\" height=\"446\" srcset=\"https:\/\/sites.cardenalcisneros.es\/ciudadarte\/wp-content\/uploads\/2020\/04\/GEOcampus1-defrutosmartino..jpg 960w, https:\/\/sites.cardenalcisneros.es\/ciudadarte\/wp-content\/uploads\/2020\/04\/GEOcampus1-defrutosmartino.-300x225.jpg 300w, https:\/\/sites.cardenalcisneros.es\/ciudadarte\/wp-content\/uploads\/2020\/04\/GEOcampus1-defrutosmartino.-768x576.jpg 768w\" sizes=\"(max-width: 593px) 100vw, 593px\" \/><\/figure>\n\n\n\n<p>Esta pintura pertenece a la colecci\u00f3n de 15 obras llamadas en su conjunto \u201cVistas de ciudades\u201d, situada en el Museo Thyssen, realizadas por el pintor franc\u00e9s Camille Pissarro, sobre las calles de la ciudad de Par\u00eds, durante el invierno de 1897 y 1898, desde la ventana de su hotel situado en la place du Theatre Francais, que da nombre a dicho cuadro. Fue un pintor de paisajes, practicando la pintura al aire libre, desde su vida en el campo, pero obligado por su salud tuvo que trasladarse a la ciudad donde fueron las calles de Par\u00eds las que le sirvieron de inspiraci\u00f3n para su obra, dejando a un lado un punto de vista m\u00e1s cercano para pasar a pintar desde un punto de vista m\u00e1s alto.<\/p>\n\n\n\n<p>Dicha imagen, consiste en un cuadro pintado al \u00f3leo, con pinceladas r\u00e1pidas, sueltas y gruesas, es decir, realizada a trav\u00e9s de manchas de color, de estilo impresionista, trat\u00e1ndose de una vista urbana pintada desde un punto alto (ventana del hotel donde se encontraba Pissarro), en ella observamos la plaza y las calles aleda\u00f1as, siendo una vista abierta, con juego de formas verticales y horizontales. Esta imagen capta la luz de la tarde, con personas individualizadas, queriendo ofrecer un dinamismo de la ciudad, con vitalidad de calles modernas como vemos en el primer plano. Luego se muestran los edificios y la Avenida de L`Opera un lugar sofisticado dejando como punto de fuga el edificio de la \u00d3pera de Charles Garnier<\/p>\n\n\n\n<p>La ciudad de Par\u00eds se encuentra al norte de Francia, es una ciudad m\u00e1s o menos plana con dos islas en el centro en su zona m\u00e1s antigua. La isla de la Cit\u00e9 ten\u00eda una trama urbana medieval que fue modificada por Haussmann.<\/p>\n\n\n\n<p>El crecimiento urbano se dispone alrededor de los r\u00edos Sena y Marne, extendi\u00e9ndose m\u00e1s all\u00e1 de su \u00e1rea metropolitana lo que constituye un aumento de la poblaci\u00f3n contando con m\u00e1s de 2 millones de habitantes, reorganizando el territorio en 20 distritos. El r\u00edo Sena, &nbsp;pasa durante 13 km, por Par\u00eds dividi\u00e9ndola en dos, en la orilla izquierda encontramos una ciudad m\u00e1s art\u00edstica y en la orilla derecha una zona m\u00e1s sofisticada. En ambas discurren sus grandes edificios.<\/p>\n\n\n\n<p>Durante la segunda mitad del siglo XIX, Francia sufri\u00f3 una serie de cambios que repercutieron entre otras, en la ciudad de Par\u00eds, que viv\u00eda una inestabilidad pol\u00edtica. Tras un golpe de Estado por parte de Napole\u00f3n III, dando fin a la II Rep\u00fablica y el inicio del Segundo Imperio, la ciudad sufri\u00f3 el mayor cambio que perdurar\u00e1 hasta nuestros d\u00edas, algo que refleja claramente dicha pintura, moderniz\u00f3 la ciudad, con edificaciones nuevas, teatros y avenidas, parques, transformando la imagen de los viejos barrios medievales de calles estrechas e insalubres con un centro hist\u00f3rico congestionado. Situaci\u00f3n que ya hab\u00eda empezado con algunas actuaciones emprendidas por el rey Luis Felipe.<\/p>\n\n\n\n<p>Napole\u00f3n III dej\u00f3 en manos de Haussmann, un administrador p\u00fablico, la renovaci\u00f3n de la capital parisina, con la creaci\u00f3n de grandes construcciones pretendiendo darle a Par\u00eds un aire moderno y urbano. Par\u00eds estaba rodeado de murallas que fueron destruidas, al igual que se demolieron edificios antiguos y se crearon nuevos, con una misma est\u00e9tica, con mayores alturas, y elaborados en piedra, de estilo neocl\u00e1sico cuyas fachadas se componen de l\u00edneas horizontales y en ocasiones largos balcones que ofrec\u00edan grandiosidad normalmente destinados a la burgues\u00eda junto a los cuales se abrieron grandes avenidas, las cuales conectaban unas con otras de forma radial esto permit\u00eda una comunicaci\u00f3n recta y r\u00e1pida, prueba de ello la tenemos en la Plaza de la Estrella, donde se ubica el Arco de Triunfo de los Campos Eliseos, desde donde parten 12 calles que unen este lugar con cualquier parte de la ciudad, lo que permit\u00eda que el tr\u00e1fico fuera fluido debido a los masivos desplazamientos de la clase obrera.<\/p>\n\n\n\n<p>Adem\u00e1s se construyeron plazas circulares que proporcionaban amplitud para pasear y circular tal y como podemos ver en la imagen con espacios grandes donde se reun\u00eda la poblaci\u00f3n pero no solo eso sino que este hecho ayud\u00f3 a los movimientos de las tropas por las calles pues al ser m\u00e1s anchas pod\u00edan desplazarse mejor. Ser\u00e1n los barrios occidentales los que se beneficiar\u00e1n de este cambio, transformando Par\u00eds en la urbe moderna del siglo XIX.<\/p>\n\n\n\n<p>Las grandes avenidas, supusieron la creaci\u00f3n de comercio con sus diferentes tiendas y restaurantes, con el alarde de la nueva burgues\u00eda, que paseaba alegremente por las calles parisinas, buen ejemplo de ello es la Avenue de L`Opera, situada en un barrio de negocios, la cual no contaba con \u00e1rboles para dejar mayor visibilidad, cuya construcci\u00f3n en 1854, se vio frenada por la ca\u00edda del Segundo Imperio, y no fue terminada hasta 1878 con un ancho de 30 metros. Supuso un nuevo cambio en la econom\u00eda, con entidades privadas, una revoluci\u00f3n comercial lo que signific\u00f3 para Par\u00eds un gran cambio. Se dice que ello supuso una brecha social, ya que este nuevo plan urban\u00edstico, desfavoreci\u00f3 a las clases m\u00e1s bajas, que tuvieron que trasladarse a la periferia.<\/p>\n\n\n\n<p>Afloraron nuevas necesidades ciudadanas, lo que dio lugar a servicios p\u00fablicos, como entre otros, el transporte p\u00fablico con coches de caballos como vemos en la imagen, siendo un s\u00edmbolo de estatus durante el siglo XIX, o la construcci\u00f3n de enormes edificios emblem\u00e1ticos como la \u00d3pera de Garnier pintada por Pissarro al fondo del cuadro. Durante su construcci\u00f3n tuvo muchos problemas, como inundaciones debido a la zona donde se ubicaba, a\u00f1adido a la crisis que sufri\u00f3 la ciudad la cual termin\u00f3 en guerra y ello paraliz\u00f3 su construcci\u00f3n. Su estilo es neobarroco, con un exterior decorado con frisos de m\u00e1rmol de colores, columnas y estatuas representando a compositores como Mozart y en el interior tambi\u00e9n encontramos m\u00e1rmol, con metales dorados, esculturas y columnas, con una gran escalera<strong>.<\/strong><\/p>\n\n\n\n<p>Todo este entramado de renovaci\u00f3n urbana supuso para el poder financiero un gasto demasiado grande, que termin\u00f3 con los fondos p\u00fablicos y dej\u00f3 deudas bastante altas con entidades privadas terminando con la destituci\u00f3n de Haussman. A pesar de ello Par\u00eds se ha convertido desde entonces en una capital con entidad propia, llena de esplendor.<\/p>\n\n\n\n<p><strong>Yesica de Frutos Martino<\/strong><\/p>\n\n\n\n<p><\/p>\n","protected":false},"excerpt":{"rendered":"<p>Esta pintura pertenece a la colecci\u00f3n de 15 obras llamadas en su conjunto \u201cVistas de ciudades\u201d, situada en el Museo Thyssen, realizadas por el pintor franc\u00e9s Camille Pissarro, sobre las calles de la ciudad de Par\u00eds, durante el invierno de 1897 y 1898, desde la ventana de su hotel situado en la place du Theatre [&hellip;]<\/p>\n","protected":false},"author":352,"featured_media":0,"comment_status":"open","ping_status":"open","sticky":false,"template":"","format":"standard","meta":[],"categories":[1],"tags":[162],"yoast_head":"<!-- This site is optimized with the Yoast SEO plugin v20.7 - https:\/\/yoast.com\/wordpress\/plugins\/seo\/ -->\n<title>PAR\u00cdS (Camille Pisarro, 1898) - La Ciudad en el Arte<\/title>\n<meta name=\"robots\" content=\"index, follow, max-snippet:-1, max-image-preview:large, max-video-preview:-1\" \/>\n<link rel=\"canonical\" href=\"https:\/\/sites.cardenalcisneros.es\/ciudadarte\/index.php\/2020\/04\/24\/paris-camille-pisarro-1898\/\" \/>\n<meta property=\"og:locale\" content=\"es_ES\" \/>\n<meta property=\"og:type\" content=\"article\" \/>\n<meta property=\"og:title\" content=\"PAR\u00cdS (Camille Pisarro, 1898) - La Ciudad en el Arte\" \/>\n<meta property=\"og:description\" content=\"Esta pintura pertenece a la colecci\u00f3n de 15 obras llamadas en su conjunto \u201cVistas de ciudades\u201d, situada en el Museo Thyssen, realizadas por el pintor franc\u00e9s Camille Pissarro, sobre las calles de la ciudad de Par\u00eds, durante el invierno de 1897 y 1898, desde la ventana de su hotel situado en la place du Theatre [&hellip;]\" \/>\n<meta property=\"og:url\" content=\"https:\/\/sites.cardenalcisneros.es\/ciudadarte\/index.php\/2020\/04\/24\/paris-camille-pisarro-1898\/\" \/>\n<meta property=\"og:site_name\" content=\"La Ciudad en el Arte\" \/>\n<meta property=\"article:published_time\" content=\"2020-04-24T16:07:35+00:00\" \/>\n<meta property=\"article:modified_time\" content=\"2020-05-11T14:36:18+00:00\" \/>\n<meta property=\"og:image\" content=\"https:\/\/sites.cardenalcisneros.es\/ciudadarte\/wp-content\/uploads\/2020\/04\/GEOcampus1-defrutosmartino..jpg\" \/>\n<meta name=\"author\" content=\"Yesica\" \/>\n<meta name=\"twitter:card\" content=\"summary_large_image\" \/>\n<meta name=\"twitter:label1\" content=\"Escrito por\" \/>\n\t<meta name=\"twitter:data1\" content=\"Yesica\" \/>\n\t<meta name=\"twitter:label2\" content=\"Tiempo de lectura\" \/>\n\t<meta name=\"twitter:data2\" content=\"5 minutos\" \/>\n<script type=\"application\/ld+json\" class=\"yoast-schema-graph\">{\"@context\":\"https:\/\/schema.org\",\"@graph\":[{\"@type\":\"WebPage\",\"@id\":\"https:\/\/sites.cardenalcisneros.es\/ciudadarte\/index.php\/2020\/04\/24\/paris-camille-pisarro-1898\/\",\"url\":\"https:\/\/sites.cardenalcisneros.es\/ciudadarte\/index.php\/2020\/04\/24\/paris-camille-pisarro-1898\/\",\"name\":\"PAR\u00cdS (Camille Pisarro, 1898) - La Ciudad en el Arte\",\"isPartOf\":{\"@id\":\"https:\/\/sites.cardenalcisneros.es\/ciudadarte\/#website\"},\"datePublished\":\"2020-04-24T16:07:35+00:00\",\"dateModified\":\"2020-05-11T14:36:18+00:00\",\"author\":{\"@id\":\"https:\/\/sites.cardenalcisneros.es\/ciudadarte\/#\/schema\/person\/5e80608cf5ff4580be5e43a8ae02d5e0\"},\"breadcrumb\":{\"@id\":\"https:\/\/sites.cardenalcisneros.es\/ciudadarte\/index.php\/2020\/04\/24\/paris-camille-pisarro-1898\/#breadcrumb\"},\"inLanguage\":\"es\",\"potentialAction\":[{\"@type\":\"ReadAction\",\"target\":[\"https:\/\/sites.cardenalcisneros.es\/ciudadarte\/index.php\/2020\/04\/24\/paris-camille-pisarro-1898\/\"]}]},{\"@type\":\"BreadcrumbList\",\"@id\":\"https:\/\/sites.cardenalcisneros.es\/ciudadarte\/index.php\/2020\/04\/24\/paris-camille-pisarro-1898\/#breadcrumb\",\"itemListElement\":[{\"@type\":\"ListItem\",\"position\":1,\"name\":\"Portada\",\"item\":\"https:\/\/sites.cardenalcisneros.es\/ciudadarte\/\"},{\"@type\":\"ListItem\",\"position\":2,\"name\":\"PAR\u00cdS (Camille Pisarro, 1898)\"}]},{\"@type\":\"WebSite\",\"@id\":\"https:\/\/sites.cardenalcisneros.es\/ciudadarte\/#website\",\"url\":\"https:\/\/sites.cardenalcisneros.es\/ciudadarte\/\",\"name\":\"La Ciudad en el Arte\",\"description\":\"Un blog colaborativo sobre Geograf\u00eda, Urbanismo, Historia y Arte\",\"potentialAction\":[{\"@type\":\"SearchAction\",\"target\":{\"@type\":\"EntryPoint\",\"urlTemplate\":\"https:\/\/sites.cardenalcisneros.es\/ciudadarte\/?s={search_term_string}\"},\"query-input\":\"required name=search_term_string\"}],\"inLanguage\":\"es\"},{\"@type\":\"Person\",\"@id\":\"https:\/\/sites.cardenalcisneros.es\/ciudadarte\/#\/schema\/person\/5e80608cf5ff4580be5e43a8ae02d5e0\",\"name\":\"Yesica\",\"image\":{\"@type\":\"ImageObject\",\"inLanguage\":\"es\",\"@id\":\"https:\/\/sites.cardenalcisneros.es\/ciudadarte\/#\/schema\/person\/image\/\",\"url\":\"https:\/\/secure.gravatar.com\/avatar\/d54c9be949f1c9062fd2004c210e25d4?s=96&d=mm&r=g\",\"contentUrl\":\"https:\/\/secure.gravatar.com\/avatar\/d54c9be949f1c9062fd2004c210e25d4?s=96&d=mm&r=g\",\"caption\":\"Yesica\"},\"url\":\"https:\/\/sites.cardenalcisneros.es\/ciudadarte\/index.php\/author\/09030778n\/\"}]}<\/script>\n<!-- \/ Yoast SEO plugin. -->","yoast_head_json":{"title":"PAR\u00cdS (Camille Pisarro, 1898) - La Ciudad en el Arte","robots":{"index":"index","follow":"follow","max-snippet":"max-snippet:-1","max-image-preview":"max-image-preview:large","max-video-preview":"max-video-preview:-1"},"canonical":"https:\/\/sites.cardenalcisneros.es\/ciudadarte\/index.php\/2020\/04\/24\/paris-camille-pisarro-1898\/","og_locale":"es_ES","og_type":"article","og_title":"PAR\u00cdS (Camille Pisarro, 1898) - La Ciudad en el Arte","og_description":"Esta pintura pertenece a la colecci\u00f3n de 15 obras llamadas en su conjunto \u201cVistas de ciudades\u201d, situada en el Museo Thyssen, realizadas por el pintor franc\u00e9s Camille Pissarro, sobre las calles de la ciudad de Par\u00eds, durante el invierno de 1897 y 1898, desde la ventana de su hotel situado en la place du Theatre [&hellip;]","og_url":"https:\/\/sites.cardenalcisneros.es\/ciudadarte\/index.php\/2020\/04\/24\/paris-camille-pisarro-1898\/","og_site_name":"La Ciudad en el Arte","article_published_time":"2020-04-24T16:07:35+00:00","article_modified_time":"2020-05-11T14:36:18+00:00","og_image":[{"url":"https:\/\/sites.cardenalcisneros.es\/ciudadarte\/wp-content\/uploads\/2020\/04\/GEOcampus1-defrutosmartino..jpg"}],"author":"Yesica","twitter_card":"summary_large_image","twitter_misc":{"Escrito por":"Yesica","Tiempo de lectura":"5 minutos"},"schema":{"@context":"https:\/\/schema.org","@graph":[{"@type":"WebPage","@id":"https:\/\/sites.cardenalcisneros.es\/ciudadarte\/index.php\/2020\/04\/24\/paris-camille-pisarro-1898\/","url":"https:\/\/sites.cardenalcisneros.es\/ciudadarte\/index.php\/2020\/04\/24\/paris-camille-pisarro-1898\/","name":"PAR\u00cdS (Camille Pisarro, 1898) - La Ciudad en el Arte","isPartOf":{"@id":"https:\/\/sites.cardenalcisneros.es\/ciudadarte\/#website"},"datePublished":"2020-04-24T16:07:35+00:00","dateModified":"2020-05-11T14:36:18+00:00","author":{"@id":"https:\/\/sites.cardenalcisneros.es\/ciudadarte\/#\/schema\/person\/5e80608cf5ff4580be5e43a8ae02d5e0"},"breadcrumb":{"@id":"https:\/\/sites.cardenalcisneros.es\/ciudadarte\/index.php\/2020\/04\/24\/paris-camille-pisarro-1898\/#breadcrumb"},"inLanguage":"es","potentialAction":[{"@type":"ReadAction","target":["https:\/\/sites.cardenalcisneros.es\/ciudadarte\/index.php\/2020\/04\/24\/paris-camille-pisarro-1898\/"]}]},{"@type":"BreadcrumbList","@id":"https:\/\/sites.cardenalcisneros.es\/ciudadarte\/index.php\/2020\/04\/24\/paris-camille-pisarro-1898\/#breadcrumb","itemListElement":[{"@type":"ListItem","position":1,"name":"Portada","item":"https:\/\/sites.cardenalcisneros.es\/ciudadarte\/"},{"@type":"ListItem","position":2,"name":"PAR\u00cdS (Camille Pisarro, 1898)"}]},{"@type":"WebSite","@id":"https:\/\/sites.cardenalcisneros.es\/ciudadarte\/#website","url":"https:\/\/sites.cardenalcisneros.es\/ciudadarte\/","name":"La Ciudad en el Arte","description":"Un blog colaborativo sobre Geograf\u00eda, Urbanismo, Historia y Arte","potentialAction":[{"@type":"SearchAction","target":{"@type":"EntryPoint","urlTemplate":"https:\/\/sites.cardenalcisneros.es\/ciudadarte\/?s={search_term_string}"},"query-input":"required name=search_term_string"}],"inLanguage":"es"},{"@type":"Person","@id":"https:\/\/sites.cardenalcisneros.es\/ciudadarte\/#\/schema\/person\/5e80608cf5ff4580be5e43a8ae02d5e0","name":"Yesica","image":{"@type":"ImageObject","inLanguage":"es","@id":"https:\/\/sites.cardenalcisneros.es\/ciudadarte\/#\/schema\/person\/image\/","url":"https:\/\/secure.gravatar.com\/avatar\/d54c9be949f1c9062fd2004c210e25d4?s=96&d=mm&r=g","contentUrl":"https:\/\/secure.gravatar.com\/avatar\/d54c9be949f1c9062fd2004c210e25d4?s=96&d=mm&r=g","caption":"Yesica"},"url":"https:\/\/sites.cardenalcisneros.es\/ciudadarte\/index.php\/author\/09030778n\/"}]}},"_links":{"self":[{"href":"https:\/\/sites.cardenalcisneros.es\/ciudadarte\/index.php\/wp-json\/wp\/v2\/posts\/8419"}],"collection":[{"href":"https:\/\/sites.cardenalcisneros.es\/ciudadarte\/index.php\/wp-json\/wp\/v2\/posts"}],"about":[{"href":"https:\/\/sites.cardenalcisneros.es\/ciudadarte\/index.php\/wp-json\/wp\/v2\/types\/post"}],"author":[{"embeddable":true,"href":"https:\/\/sites.cardenalcisneros.es\/ciudadarte\/index.php\/wp-json\/wp\/v2\/users\/352"}],"replies":[{"embeddable":true,"href":"https:\/\/sites.cardenalcisneros.es\/ciudadarte\/index.php\/wp-json\/wp\/v2\/comments?post=8419"}],"version-history":[{"count":5,"href":"https:\/\/sites.cardenalcisneros.es\/ciudadarte\/index.php\/wp-json\/wp\/v2\/posts\/8419\/revisions"}],"predecessor-version":[{"id":8535,"href":"https:\/\/sites.cardenalcisneros.es\/ciudadarte\/index.php\/wp-json\/wp\/v2\/posts\/8419\/revisions\/8535"}],"wp:attachment":[{"href":"https:\/\/sites.cardenalcisneros.es\/ciudadarte\/index.php\/wp-json\/wp\/v2\/media?parent=8419"}],"wp:term":[{"taxonomy":"category","embeddable":true,"href":"https:\/\/sites.cardenalcisneros.es\/ciudadarte\/index.php\/wp-json\/wp\/v2\/categories?post=8419"},{"taxonomy":"post_tag","embeddable":true,"href":"https:\/\/sites.cardenalcisneros.es\/ciudadarte\/index.php\/wp-json\/wp\/v2\/tags?post=8419"}],"curies":[{"name":"wp","href":"https:\/\/api.w.org\/{rel}","templated":true}]}}