{"id":8395,"date":"2020-04-24T10:23:48","date_gmt":"2020-04-24T10:23:48","guid":{"rendered":"http:\/\/sites.cardenalcisneros.es\/ciudadarte\/?p=8395"},"modified":"2020-05-11T14:36:53","modified_gmt":"2020-05-11T14:36:53","slug":"antequera-joris-hoefnagel-1572","status":"publish","type":"post","link":"https:\/\/sites.cardenalcisneros.es\/ciudadarte\/index.php\/2020\/04\/24\/antequera-joris-hoefnagel-1572\/","title":{"rendered":"ANTEQUERA (Joris Hoefnagel, 1572)"},"content":{"rendered":"\n<figure class=\"wp-block-image size-large is-resized\"><img decoding=\"async\" loading=\"lazy\" src=\"http:\/\/imgfz.com\/i\/YzoKVyf.jpeg\" alt=\"\" width=\"600\" height=\"343\"\/><\/figure>\n\n\n\n<p>Artista polifac\u00e9tico, se interes\u00f3 mucho por el paisaje y la pintura de g\u00e9nero. Esta obra se encuentra dentro de los vol\u00famenes de Civitatis Orbis Terrarum. Esta pintura es una bella escenograf\u00eda paisaj\u00edstica cargada de gran valor documental y con minuciosas descripciones de Antequera.<\/p>\n\n\n\n<p>La ciudad de Antequera se encuentra situada al sur de la Pen\u00ednsula Ib\u00e9rica. Antequera y su vega ocupan una posici\u00f3n estrat\u00e9gica tanto para el comercio naval como para la defensa militar al norte de la ciudad de M\u00e1laga. En una encrucijada de caminos con el valle del Guadalquivir y la costa mediterr\u00e1nea; y rodeada de las grandes unidades monta\u00f1osas la Sierra del Torcal, las cordilleras Subb\u00e9ticas y la Pe\u00f1a de los Enamorados.<\/p>\n\n\n\n<p>Su nombre tiene origen romano, la llamaban Anticaria porque posee un legado cultural poco corriente y por su amplio vestigio de culturas que van desde la Edad de Bronce hasta la actualidad. Posteriormente, con la llegada de los \u00e1rabes se consolida un importante n\u00facleo denominado Madina Antaquira desde mediados del siglo XIII, y en la \u00e9poca romana la llaman Antikaria, que comienza a tener importancia como fortaleza militar. Y con los Reyes Cat\u00f3licos en 1475 la llamaron Antequera como recompensa al triunfo en la batalla del Chaparral.<\/p>\n\n\n\n<p>El aspecto de la ciudad es heredada de las estructuras prehist\u00f3ricas, romanas y renacentistas. Y dentro del rico patrimonio hist\u00f3rico, su urbanismo ofrece las caracter\u00edsticas propias de las \u00e9pocas en que se originaron.<\/p>\n\n\n\n<p>Las primeras civilizaciones prehist\u00f3ricas, se encuentra en el primer conjunto arqueol\u00f3gico y arquitect\u00f3nico al aire libre de la ciudad donde se ubican los d\u00f3lmenes del Megalitismo: el de Menga, Viera y El Romeral que son enormes sepulcros funerarios.<\/p>\n\n\n\n<p>Adem\u00e1s, en la \u00e9poca romana tuvo una gran importancia su ubicaci\u00f3n porque estaba situada en la red viaria romana y esto favorec\u00eda el comercio tanto interior como exterior. Adem\u00e1s, junto a la Real Colegiata de Santa Mar\u00eda la Mayor y a la Alcazaba se localizan un gran complejo termal eran establecimientos l\u00fadicos y de car\u00e1cter p\u00fablico.&nbsp;<\/p>\n\n\n\n<p>Tambi\u00e9n, en la \u00e9poca musulmana construyeron en torno al siglo XIII, un nuevo recinto amurallado completo. Posteriormente, ya en el siglo XIV, realizaron un programa de revestimiento de estas murallas. Ocuparon la cuidad y aprovecharon las ruinas de las fortificaciones romanas.<\/p>\n\n\n\n<p>Los musulmanes construyeron en la parte alta de la ciudad la Alcazaba o tambi\u00e9n llamado Castillo, en la parte alta de la cuidad como una acr\u00f3polis y est\u00e1 era una edificaci\u00f3n puramente militar y que estaba formada por dos grandes torres: la torre Blanca (la dentro) y la torre del Homenaje (la de fuera) y debajo del \u00e9l era la parte vieja que se extend\u00eda por la falta de la colina del castillo y se encontraban la Medina, la mezquita Aljama, el zoco y el pueblo.<\/p>\n\n\n\n<p>La muralla daba impresi\u00f3n de una ciudad fortificada y a su vez rodeaba a todo el casco antiguo de la ciudad que la proteg\u00eda de los asaltos. Por otro lado, se pod\u00eda acceder a la ciudad a trav\u00e9s de tres puertas: el Arco de los Gigantas, la Puerta de Estepa y la Puerta de M\u00e1laga. Y el resto de la cuidad estaba ordenado rectangularmente en calles espaciosas.<\/p>\n\n\n\n<p>Dentro de ella se distinguen perfectamente los edificios, en la parte alta de la ciudad se ubica la Alcazaba-Castillo, de planta rectangular. Durante los siglos XVII y XVIII se construyeron la mayor parte de conventos e iglesias como la Real Colegiata de San Sebasti\u00e1n, la Puerta de Santa Mar\u00eda. Y el Palacio de N\u00e1jera, se situaba en el centro de Antequera. Y muchas de las calles del casco son de trazado rectil\u00edneo y uniforme que delimitan manzanas de gran tama\u00f1o con forma de pol\u00edgono irregular.<\/p>\n\n\n\n<p>A partir de la conquista de Granada en 1492 la cuidad comienza a transformarse y a extenderse en la periferia de sus murallas favoreciendo su crecimiento. En este momento, la ciudad experimenta un primer ensanche hacia el sur y norte junto a los caminos de M\u00e1laga y Sevilla. A mediados del siglo XV y principios del s. XVI la Real Colegiata de San Sebasti\u00e1n y su plaza son dos elementos importantes para este nuevo desarrollo urbano.<\/p>\n\n\n\n<p>Esta pintura muestra la ciudad Antequera, as\u00ed como su confuso entramado urbano en el siglo XVIII, la ciudad sigue su curso de expansi\u00f3n por la parte izquierda que se conecta con la vega. Y en este siglo, el Barroco alcanza su m\u00e1ximo esplendor en la est\u00e9tica urbana y arquitect\u00f3nico con uno de los monumentos m\u00e1s emblem\u00e1ticos, la Torre de la Real Colegiata de San Sebasti\u00e1n.<\/p>\n\n\n\n<p>Por otro lado, la actividad econ\u00f3mica entre los siglos XVIII y XIX era muy alta en el n\u00facleo industrial y de las manufacturas, en cuanto a la industria textil basada sobre todo en la lana y en menor cantidad en la seda y el lino; a la industria l\u00e1ctea; a las industrias siderometal\u00fargica y curtidos. Y al comercio de hortalizas y cereales.<\/p>\n\n\n\n<p>En la segunda mitad del siglo XVIII, debido a su ubicaci\u00f3n entre el litoral y el interior. El auge del comercio y la industria, iban a la par y se produjeron grandes avances con la incorporaci\u00f3n de la red viaria en cuanto al comercio mar\u00edtimo, favoreciendo las importaciones que se concentraban en el sector textil. Y en el interior con los caballos.<\/p>\n\n\n\n<p>Para finalizar, comparando esta imagen con una actual, podemos observar que Antequera ha tenido un gran crecimiento demogr\u00e1fico importante, pero se siguen conservando los infractructuras de cada \u00e9poca. Todos los cambios producidos en las \u00faltimas d\u00e9cadas han favorecido que la ciudad haya sido declarada Patrimonio Mundial de la Humanidad por la UNESCO en 2016 y que en la actualidad sea uno de los principales focos de atracci\u00f3n tur\u00edstica de la regi\u00f3n.<\/p>\n\n\n\n<p>Judith Cano Pascual <\/p>\n","protected":false},"excerpt":{"rendered":"<p>Artista polifac\u00e9tico, se interes\u00f3 mucho por el paisaje y la pintura de g\u00e9nero. Esta obra se encuentra dentro de los vol\u00famenes de Civitatis Orbis Terrarum. Esta pintura es una bella escenograf\u00eda paisaj\u00edstica cargada de gran valor documental y con minuciosas descripciones de Antequera. La ciudad de Antequera se encuentra situada al sur de la Pen\u00ednsula [&hellip;]<\/p>\n","protected":false},"author":350,"featured_media":0,"comment_status":"open","ping_status":"open","sticky":false,"template":"","format":"standard","meta":[],"categories":[1],"tags":[259],"yoast_head":"<!-- This site is optimized with the Yoast SEO plugin v20.7 - https:\/\/yoast.com\/wordpress\/plugins\/seo\/ -->\n<title>ANTEQUERA (Joris Hoefnagel, 1572) - La Ciudad en el Arte<\/title>\n<meta name=\"robots\" content=\"index, follow, max-snippet:-1, max-image-preview:large, max-video-preview:-1\" \/>\n<link rel=\"canonical\" href=\"https:\/\/sites.cardenalcisneros.es\/ciudadarte\/index.php\/2020\/04\/24\/antequera-joris-hoefnagel-1572\/\" \/>\n<meta property=\"og:locale\" content=\"es_ES\" \/>\n<meta property=\"og:type\" content=\"article\" \/>\n<meta property=\"og:title\" content=\"ANTEQUERA (Joris Hoefnagel, 1572) - La Ciudad en el Arte\" \/>\n<meta property=\"og:description\" content=\"Artista polifac\u00e9tico, se interes\u00f3 mucho por el paisaje y la pintura de g\u00e9nero. Esta obra se encuentra dentro de los vol\u00famenes de Civitatis Orbis Terrarum. Esta pintura es una bella escenograf\u00eda paisaj\u00edstica cargada de gran valor documental y con minuciosas descripciones de Antequera. La ciudad de Antequera se encuentra situada al sur de la Pen\u00ednsula [&hellip;]\" \/>\n<meta property=\"og:url\" content=\"https:\/\/sites.cardenalcisneros.es\/ciudadarte\/index.php\/2020\/04\/24\/antequera-joris-hoefnagel-1572\/\" \/>\n<meta property=\"og:site_name\" content=\"La Ciudad en el Arte\" \/>\n<meta property=\"article:published_time\" content=\"2020-04-24T10:23:48+00:00\" \/>\n<meta property=\"article:modified_time\" content=\"2020-05-11T14:36:53+00:00\" \/>\n<meta property=\"og:image\" content=\"http:\/\/imgfz.com\/i\/YzoKVyf.jpeg\" \/>\n<meta name=\"author\" content=\"Judith Cano Pascual\" \/>\n<meta name=\"twitter:card\" content=\"summary_large_image\" \/>\n<meta name=\"twitter:label1\" content=\"Escrito por\" \/>\n\t<meta name=\"twitter:data1\" content=\"Judith Cano Pascual\" \/>\n\t<meta name=\"twitter:label2\" content=\"Tiempo de lectura\" \/>\n\t<meta name=\"twitter:data2\" content=\"5 minutos\" \/>\n<script type=\"application\/ld+json\" class=\"yoast-schema-graph\">{\"@context\":\"https:\/\/schema.org\",\"@graph\":[{\"@type\":\"WebPage\",\"@id\":\"https:\/\/sites.cardenalcisneros.es\/ciudadarte\/index.php\/2020\/04\/24\/antequera-joris-hoefnagel-1572\/\",\"url\":\"https:\/\/sites.cardenalcisneros.es\/ciudadarte\/index.php\/2020\/04\/24\/antequera-joris-hoefnagel-1572\/\",\"name\":\"ANTEQUERA (Joris Hoefnagel, 1572) - La Ciudad en el Arte\",\"isPartOf\":{\"@id\":\"https:\/\/sites.cardenalcisneros.es\/ciudadarte\/#website\"},\"datePublished\":\"2020-04-24T10:23:48+00:00\",\"dateModified\":\"2020-05-11T14:36:53+00:00\",\"author\":{\"@id\":\"https:\/\/sites.cardenalcisneros.es\/ciudadarte\/#\/schema\/person\/5e9996d9679aae37d02cb6f24e0c1f7d\"},\"breadcrumb\":{\"@id\":\"https:\/\/sites.cardenalcisneros.es\/ciudadarte\/index.php\/2020\/04\/24\/antequera-joris-hoefnagel-1572\/#breadcrumb\"},\"inLanguage\":\"es\",\"potentialAction\":[{\"@type\":\"ReadAction\",\"target\":[\"https:\/\/sites.cardenalcisneros.es\/ciudadarte\/index.php\/2020\/04\/24\/antequera-joris-hoefnagel-1572\/\"]}]},{\"@type\":\"BreadcrumbList\",\"@id\":\"https:\/\/sites.cardenalcisneros.es\/ciudadarte\/index.php\/2020\/04\/24\/antequera-joris-hoefnagel-1572\/#breadcrumb\",\"itemListElement\":[{\"@type\":\"ListItem\",\"position\":1,\"name\":\"Portada\",\"item\":\"https:\/\/sites.cardenalcisneros.es\/ciudadarte\/\"},{\"@type\":\"ListItem\",\"position\":2,\"name\":\"ANTEQUERA (Joris Hoefnagel, 1572)\"}]},{\"@type\":\"WebSite\",\"@id\":\"https:\/\/sites.cardenalcisneros.es\/ciudadarte\/#website\",\"url\":\"https:\/\/sites.cardenalcisneros.es\/ciudadarte\/\",\"name\":\"La Ciudad en el Arte\",\"description\":\"Un blog colaborativo sobre Geograf\u00eda, Urbanismo, Historia y Arte\",\"potentialAction\":[{\"@type\":\"SearchAction\",\"target\":{\"@type\":\"EntryPoint\",\"urlTemplate\":\"https:\/\/sites.cardenalcisneros.es\/ciudadarte\/?s={search_term_string}\"},\"query-input\":\"required name=search_term_string\"}],\"inLanguage\":\"es\"},{\"@type\":\"Person\",\"@id\":\"https:\/\/sites.cardenalcisneros.es\/ciudadarte\/#\/schema\/person\/5e9996d9679aae37d02cb6f24e0c1f7d\",\"name\":\"Judith Cano Pascual\",\"image\":{\"@type\":\"ImageObject\",\"inLanguage\":\"es\",\"@id\":\"https:\/\/sites.cardenalcisneros.es\/ciudadarte\/#\/schema\/person\/image\/\",\"url\":\"https:\/\/secure.gravatar.com\/avatar\/021886ac34639ae24100a549fe83d869?s=96&d=mm&r=g\",\"contentUrl\":\"https:\/\/secure.gravatar.com\/avatar\/021886ac34639ae24100a549fe83d869?s=96&d=mm&r=g\",\"caption\":\"Judith Cano Pascual\"},\"url\":\"https:\/\/sites.cardenalcisneros.es\/ciudadarte\/index.php\/author\/judith-cano\/\"}]}<\/script>\n<!-- \/ Yoast SEO plugin. -->","yoast_head_json":{"title":"ANTEQUERA (Joris Hoefnagel, 1572) - La Ciudad en el Arte","robots":{"index":"index","follow":"follow","max-snippet":"max-snippet:-1","max-image-preview":"max-image-preview:large","max-video-preview":"max-video-preview:-1"},"canonical":"https:\/\/sites.cardenalcisneros.es\/ciudadarte\/index.php\/2020\/04\/24\/antequera-joris-hoefnagel-1572\/","og_locale":"es_ES","og_type":"article","og_title":"ANTEQUERA (Joris Hoefnagel, 1572) - La Ciudad en el Arte","og_description":"Artista polifac\u00e9tico, se interes\u00f3 mucho por el paisaje y la pintura de g\u00e9nero. Esta obra se encuentra dentro de los vol\u00famenes de Civitatis Orbis Terrarum. Esta pintura es una bella escenograf\u00eda paisaj\u00edstica cargada de gran valor documental y con minuciosas descripciones de Antequera. La ciudad de Antequera se encuentra situada al sur de la Pen\u00ednsula [&hellip;]","og_url":"https:\/\/sites.cardenalcisneros.es\/ciudadarte\/index.php\/2020\/04\/24\/antequera-joris-hoefnagel-1572\/","og_site_name":"La Ciudad en el Arte","article_published_time":"2020-04-24T10:23:48+00:00","article_modified_time":"2020-05-11T14:36:53+00:00","og_image":[{"url":"http:\/\/imgfz.com\/i\/YzoKVyf.jpeg"}],"author":"Judith Cano Pascual","twitter_card":"summary_large_image","twitter_misc":{"Escrito por":"Judith Cano Pascual","Tiempo de lectura":"5 minutos"},"schema":{"@context":"https:\/\/schema.org","@graph":[{"@type":"WebPage","@id":"https:\/\/sites.cardenalcisneros.es\/ciudadarte\/index.php\/2020\/04\/24\/antequera-joris-hoefnagel-1572\/","url":"https:\/\/sites.cardenalcisneros.es\/ciudadarte\/index.php\/2020\/04\/24\/antequera-joris-hoefnagel-1572\/","name":"ANTEQUERA (Joris Hoefnagel, 1572) - La Ciudad en el Arte","isPartOf":{"@id":"https:\/\/sites.cardenalcisneros.es\/ciudadarte\/#website"},"datePublished":"2020-04-24T10:23:48+00:00","dateModified":"2020-05-11T14:36:53+00:00","author":{"@id":"https:\/\/sites.cardenalcisneros.es\/ciudadarte\/#\/schema\/person\/5e9996d9679aae37d02cb6f24e0c1f7d"},"breadcrumb":{"@id":"https:\/\/sites.cardenalcisneros.es\/ciudadarte\/index.php\/2020\/04\/24\/antequera-joris-hoefnagel-1572\/#breadcrumb"},"inLanguage":"es","potentialAction":[{"@type":"ReadAction","target":["https:\/\/sites.cardenalcisneros.es\/ciudadarte\/index.php\/2020\/04\/24\/antequera-joris-hoefnagel-1572\/"]}]},{"@type":"BreadcrumbList","@id":"https:\/\/sites.cardenalcisneros.es\/ciudadarte\/index.php\/2020\/04\/24\/antequera-joris-hoefnagel-1572\/#breadcrumb","itemListElement":[{"@type":"ListItem","position":1,"name":"Portada","item":"https:\/\/sites.cardenalcisneros.es\/ciudadarte\/"},{"@type":"ListItem","position":2,"name":"ANTEQUERA (Joris Hoefnagel, 1572)"}]},{"@type":"WebSite","@id":"https:\/\/sites.cardenalcisneros.es\/ciudadarte\/#website","url":"https:\/\/sites.cardenalcisneros.es\/ciudadarte\/","name":"La Ciudad en el Arte","description":"Un blog colaborativo sobre Geograf\u00eda, Urbanismo, Historia y Arte","potentialAction":[{"@type":"SearchAction","target":{"@type":"EntryPoint","urlTemplate":"https:\/\/sites.cardenalcisneros.es\/ciudadarte\/?s={search_term_string}"},"query-input":"required name=search_term_string"}],"inLanguage":"es"},{"@type":"Person","@id":"https:\/\/sites.cardenalcisneros.es\/ciudadarte\/#\/schema\/person\/5e9996d9679aae37d02cb6f24e0c1f7d","name":"Judith Cano Pascual","image":{"@type":"ImageObject","inLanguage":"es","@id":"https:\/\/sites.cardenalcisneros.es\/ciudadarte\/#\/schema\/person\/image\/","url":"https:\/\/secure.gravatar.com\/avatar\/021886ac34639ae24100a549fe83d869?s=96&d=mm&r=g","contentUrl":"https:\/\/secure.gravatar.com\/avatar\/021886ac34639ae24100a549fe83d869?s=96&d=mm&r=g","caption":"Judith Cano Pascual"},"url":"https:\/\/sites.cardenalcisneros.es\/ciudadarte\/index.php\/author\/judith-cano\/"}]}},"_links":{"self":[{"href":"https:\/\/sites.cardenalcisneros.es\/ciudadarte\/index.php\/wp-json\/wp\/v2\/posts\/8395"}],"collection":[{"href":"https:\/\/sites.cardenalcisneros.es\/ciudadarte\/index.php\/wp-json\/wp\/v2\/posts"}],"about":[{"href":"https:\/\/sites.cardenalcisneros.es\/ciudadarte\/index.php\/wp-json\/wp\/v2\/types\/post"}],"author":[{"embeddable":true,"href":"https:\/\/sites.cardenalcisneros.es\/ciudadarte\/index.php\/wp-json\/wp\/v2\/users\/350"}],"replies":[{"embeddable":true,"href":"https:\/\/sites.cardenalcisneros.es\/ciudadarte\/index.php\/wp-json\/wp\/v2\/comments?post=8395"}],"version-history":[{"count":10,"href":"https:\/\/sites.cardenalcisneros.es\/ciudadarte\/index.php\/wp-json\/wp\/v2\/posts\/8395\/revisions"}],"predecessor-version":[{"id":8534,"href":"https:\/\/sites.cardenalcisneros.es\/ciudadarte\/index.php\/wp-json\/wp\/v2\/posts\/8395\/revisions\/8534"}],"wp:attachment":[{"href":"https:\/\/sites.cardenalcisneros.es\/ciudadarte\/index.php\/wp-json\/wp\/v2\/media?parent=8395"}],"wp:term":[{"taxonomy":"category","embeddable":true,"href":"https:\/\/sites.cardenalcisneros.es\/ciudadarte\/index.php\/wp-json\/wp\/v2\/categories?post=8395"},{"taxonomy":"post_tag","embeddable":true,"href":"https:\/\/sites.cardenalcisneros.es\/ciudadarte\/index.php\/wp-json\/wp\/v2\/tags?post=8395"}],"curies":[{"name":"wp","href":"https:\/\/api.w.org\/{rel}","templated":true}]}}