{"id":8330,"date":"2020-04-30T16:58:00","date_gmt":"2020-04-30T16:58:00","guid":{"rendered":"http:\/\/sites.cardenalcisneros.es\/ciudadarte\/?p=8330"},"modified":"2020-05-11T15:38:16","modified_gmt":"2020-05-11T15:38:16","slug":"alba-de-tormes-parcerisa-f-j-1895","status":"publish","type":"post","link":"https:\/\/sites.cardenalcisneros.es\/ciudadarte\/index.php\/2020\/04\/30\/alba-de-tormes-parcerisa-f-j-1895\/","title":{"rendered":"ALBA DE TORMES (F. J. Parcerisa, 1895)"},"content":{"rendered":"\n<div class=\"wp-block-image\"><figure class=\"aligncenter size-large is-resized\"><a href=\"http:\/\/bibliotecadigital.jcyl.es\/es\/consulta\/registro.cmd?id=9708\" target=\"_blank\" rel=\"noopener noreferrer\"><img decoding=\"async\" loading=\"lazy\" src=\"http:\/\/sites.cardenalcisneros.es\/ciudadarte\/wp-content\/uploads\/2020\/04\/Alba-de-Tormes-1-1024x765.jpg\" alt=\"\" class=\"wp-image-8425\" width=\"634\" height=\"474\" srcset=\"https:\/\/sites.cardenalcisneros.es\/ciudadarte\/wp-content\/uploads\/2020\/04\/Alba-de-Tormes-1-1024x765.jpg 1024w, https:\/\/sites.cardenalcisneros.es\/ciudadarte\/wp-content\/uploads\/2020\/04\/Alba-de-Tormes-1-300x224.jpg 300w, https:\/\/sites.cardenalcisneros.es\/ciudadarte\/wp-content\/uploads\/2020\/04\/Alba-de-Tormes-1-768x573.jpg 768w, https:\/\/sites.cardenalcisneros.es\/ciudadarte\/wp-content\/uploads\/2020\/04\/Alba-de-Tormes-1.jpg 1026w\" sizes=\"(max-width: 634px) 100vw, 634px\" \/><\/a><\/figure><\/div>\n\n\n\n<p>Francisco Javier Parcerisa (1803.1875) era dibujante y &nbsp;pintor rom\u00e1ntico&nbsp;espa\u00f1ol especializado en litograf\u00edas de interior de catedrales g\u00f3ticas espa\u00f1olas. Fue miembro de la \u00abComisi\u00f3n real de Monumentos Hist\u00f3ricos y Art\u00edsticos\u00bb. Sus obras fueron enviadas a las exposiciones nacionales de Bellas Artes. <\/p>\n\n\n\n<p>Esta litograf\u00eda representa el puente y restos del castillo de Alba de Tormes (1865), sacado de la obra\u00bb&nbsp;Recuerdos y bellezas de Espa\u00f1a\u00bb. En esta obra se refleja Alba de Tormes en la \u00e9poca medieval (finales del Siglo XIX) en clara decadencia, debido a numerosos acontecimientos como pueden ser: la ca\u00edda del r\u00e9gimen se\u00f1orial (dejando a la Casa Ducal sin defensa), el proceso de desamortizaci\u00f3n de los bienes religiosos y sobre todo la Guerra de la Independencia junto con el incendio del Castillo de Alba producido por el ej\u00e9rcito napole\u00f3nico. Todo ello gener\u00f3 importantes destrozos tanto en el puente como en la muralla, el palacio de los duques o el Alc\u00e1zar.<\/p>\n\n\n\n<p>Alba de Tormes est\u00e1 situada al sureste de la provincia de salamanca a unos 22 Km de distancia. Se desconoce su origen hist\u00f3rico, una posible teor\u00eda es que fue organizada por los&nbsp;vacceos&nbsp;durante la edad de hierro, conocida como <em>Avia. <\/em>En la edad media mantuvo una posici\u00f3n estrat\u00e9gica como punto fronterizo entre Castilla y Le\u00f3n hasta que definitivamente se unific\u00f3, estaba ubicada en un lugar defensivo con&nbsp; el r\u00edo Tormes como l\u00ednea de separaci\u00f3n. <\/p>\n\n\n\n<p>La repoblaci\u00f3n fue llevada a cabo gracias a los reyes de Le\u00f3n, quienes crearon el concejo de Alba, fundando una red de poblamiento siguiendo el modelo altomedieval. Apenas quedan rastros de la cultura romana y \u00e1rabe, salvo algunas referencias a la frontera entre los cristianos y los musulmanes en el r\u00edo Duero. En 1140, el rey Alfonso VII concede el Fuero, incluyendo un gran territorio conocido como \u201cvilla y tierra\u201d. En 1429 el rey Juan II&nbsp;la entreg\u00f3 a Guti\u00e9rrez \u00c1lvarez de Toledo,&nbsp; tomando as\u00ed el t\u00edtulo de se\u00f1or de la villa de&nbsp;de Alba de Tormes. Con la creaci\u00f3n de las actuales provincias en 1833, Alba de Tormes queda como municipio perteneciente a la&nbsp;provincia de Salamanca.<\/p>\n\n\n\n<p>En cuanto al aspecto urbano, el casco antiguo medieval presenta un plano desordenado e irregular, sin que haya una planificaci\u00f3n o un orden preestablecido en la construcci\u00f3n de las edificaciones. Por ello, podemos encontrar que las calles son estrechas y desiguales formando laberintos, plazas con formas no definidas y la altura de los edificios variada. A finales del&nbsp; S. XIX y principios del XX se ampl\u00eda la zona urbana y el ensanche, aunque con ciertas peculiaridades. Al no haber suficiente suelo urbanizable junto a la necesidad de edificaci\u00f3n por el aumento de la poblaci\u00f3n, provoca la reconstrucci\u00f3n de una gran parte del casco hist\u00f3rico con adaptaciones y alturas desproporcionadas respecto a los espacios urbanos medievales.<\/p>\n\n\n\n<p>Actualmente existen urbanizaciones de vivienda unifamiliar y m\u00e1s moderna. Este factor junto con una alta calidad de vida, ha hecho posible que la poblaci\u00f3n de la villa de Alba no haya disminuido en los \u00faltimos a\u00f1os llegando a los 5.182 habitantes. Esto ha sido posible gracias a un proceso de reurbanizaci\u00f3n de las tradicionales \u00e1reas rurales, modificando sus caracter\u00edsticas antiguas. El ejemplo lo tenemos en la urbanizaci\u00f3n Pinar de Alba, a varios km. de su n\u00facleo principal. <\/p>\n\n\n\n<p>Alba de Tormes, culturalmente, tiene un gran impacto durante el siglo XVI y XVII gracias al tercer Duque de Alba y la influencia de Santa Teresa. Esto se debe al establecimiento de varias \u00f3rdenes religiosas por lo que construyen varias iglesias y monasterios, lo que trasforma el aspecto urbano. En 2012 es declarado por la Junta de Castilla y Le\u00f3n \u00abbien de Inter\u00e9s Cultural con categor\u00eda de Conjunto Hist\u00f3rico\u00bb. Se conserva el n\u00facleo urbano quedando reflejado en importantes edificaciones como la plaza mayor y la plaza de Santa Teresa; monumentos con alto valor patrimonial como el Monasterio de San Leonardo, el Convento de las Carmelitas, la Iglesia de San Juan, la Iglesia de Santiago y el convento de las Madres Isabeles; o edificaciones de gran inter\u00e9s arquitect\u00f3nico como el Palacio Ducal, el Ayuntamiento, la Alh\u00f3ndiga y el Pozo de la Nieve.<\/p>\n\n\n\n<p>La econom\u00eda tambi\u00e9n ha sufrido un gran cambio, antiguamente se basaba principalmente&nbsp;en la agricultura y la ganader\u00eda, as\u00ed como oficios artesanos propiciados por la existencia del r\u00edo Tormes. Seg\u00fan Pascual Madoz \u00abLa generalidad de los habitantes se dedican a la&nbsp;agricultura, no solo para el sostenimiento de las comunidades religiosas, sino tambi\u00e9n para la casa de los duques de Alba\u00bb. Contaba en estos momentos con una poblaci\u00f3n de 2.166 habitantes. En la actualidad la econom\u00eda se ha diversificado destacando el sector servicios (59% ) con peso importante en el turismo. La artesan\u00eda e industria representan el 32% con un peso importante en la construcci\u00f3n. Por \u00faltimo, el sector primario que ocupa aproximadamente al 9% de la poblaci\u00f3n activa. <\/p>\n\n\n\n<p>Beatriz Jaen<\/p>\n","protected":false},"excerpt":{"rendered":"<p>Francisco Javier Parcerisa (1803.1875) era dibujante y &nbsp;pintor rom\u00e1ntico&nbsp;espa\u00f1ol especializado en litograf\u00edas de interior de catedrales g\u00f3ticas espa\u00f1olas. Fue miembro de la \u00abComisi\u00f3n real de Monumentos Hist\u00f3ricos y Art\u00edsticos\u00bb. Sus obras fueron enviadas a las exposiciones nacionales de Bellas Artes. Esta litograf\u00eda representa el puente y restos del castillo de Alba de Tormes (1865), sacado [&hellip;]<\/p>\n","protected":false},"author":345,"featured_media":0,"comment_status":"open","ping_status":"open","sticky":false,"template":"","format":"standard","meta":[],"categories":[1],"tags":[257],"yoast_head":"<!-- This site is optimized with the Yoast SEO plugin v20.7 - https:\/\/yoast.com\/wordpress\/plugins\/seo\/ -->\n<title>ALBA DE TORMES (F. J. Parcerisa, 1895) - La Ciudad en el Arte<\/title>\n<meta name=\"robots\" content=\"index, follow, max-snippet:-1, max-image-preview:large, max-video-preview:-1\" \/>\n<link rel=\"canonical\" href=\"https:\/\/sites.cardenalcisneros.es\/ciudadarte\/index.php\/2020\/04\/30\/alba-de-tormes-parcerisa-f-j-1895\/\" \/>\n<meta property=\"og:locale\" content=\"es_ES\" \/>\n<meta property=\"og:type\" content=\"article\" \/>\n<meta property=\"og:title\" content=\"ALBA DE TORMES (F. J. Parcerisa, 1895) - La Ciudad en el Arte\" \/>\n<meta property=\"og:description\" content=\"Francisco Javier Parcerisa (1803.1875) era dibujante y &nbsp;pintor rom\u00e1ntico&nbsp;espa\u00f1ol especializado en litograf\u00edas de interior de catedrales g\u00f3ticas espa\u00f1olas. Fue miembro de la \u00abComisi\u00f3n real de Monumentos Hist\u00f3ricos y Art\u00edsticos\u00bb. Sus obras fueron enviadas a las exposiciones nacionales de Bellas Artes. Esta litograf\u00eda representa el puente y restos del castillo de Alba de Tormes (1865), sacado [&hellip;]\" \/>\n<meta property=\"og:url\" content=\"https:\/\/sites.cardenalcisneros.es\/ciudadarte\/index.php\/2020\/04\/30\/alba-de-tormes-parcerisa-f-j-1895\/\" \/>\n<meta property=\"og:site_name\" content=\"La Ciudad en el Arte\" \/>\n<meta property=\"article:published_time\" content=\"2020-04-30T16:58:00+00:00\" \/>\n<meta property=\"article:modified_time\" content=\"2020-05-11T15:38:16+00:00\" \/>\n<meta property=\"og:image\" content=\"http:\/\/sites.cardenalcisneros.es\/ciudadarte\/wp-content\/uploads\/2020\/04\/Alba-de-Tormes-1-1024x765.jpg\" \/>\n<meta name=\"author\" content=\"09066456V\" \/>\n<meta name=\"twitter:card\" content=\"summary_large_image\" \/>\n<meta name=\"twitter:label1\" content=\"Escrito por\" \/>\n\t<meta name=\"twitter:data1\" content=\"09066456V\" \/>\n\t<meta name=\"twitter:label2\" content=\"Tiempo de lectura\" \/>\n\t<meta name=\"twitter:data2\" content=\"4 minutos\" \/>\n<script type=\"application\/ld+json\" class=\"yoast-schema-graph\">{\"@context\":\"https:\/\/schema.org\",\"@graph\":[{\"@type\":\"WebPage\",\"@id\":\"https:\/\/sites.cardenalcisneros.es\/ciudadarte\/index.php\/2020\/04\/30\/alba-de-tormes-parcerisa-f-j-1895\/\",\"url\":\"https:\/\/sites.cardenalcisneros.es\/ciudadarte\/index.php\/2020\/04\/30\/alba-de-tormes-parcerisa-f-j-1895\/\",\"name\":\"ALBA DE TORMES (F. J. Parcerisa, 1895) - La Ciudad en el Arte\",\"isPartOf\":{\"@id\":\"https:\/\/sites.cardenalcisneros.es\/ciudadarte\/#website\"},\"datePublished\":\"2020-04-30T16:58:00+00:00\",\"dateModified\":\"2020-05-11T15:38:16+00:00\",\"author\":{\"@id\":\"https:\/\/sites.cardenalcisneros.es\/ciudadarte\/#\/schema\/person\/2164ce32e5c1d876e91859b0f9a871c0\"},\"breadcrumb\":{\"@id\":\"https:\/\/sites.cardenalcisneros.es\/ciudadarte\/index.php\/2020\/04\/30\/alba-de-tormes-parcerisa-f-j-1895\/#breadcrumb\"},\"inLanguage\":\"es\",\"potentialAction\":[{\"@type\":\"ReadAction\",\"target\":[\"https:\/\/sites.cardenalcisneros.es\/ciudadarte\/index.php\/2020\/04\/30\/alba-de-tormes-parcerisa-f-j-1895\/\"]}]},{\"@type\":\"BreadcrumbList\",\"@id\":\"https:\/\/sites.cardenalcisneros.es\/ciudadarte\/index.php\/2020\/04\/30\/alba-de-tormes-parcerisa-f-j-1895\/#breadcrumb\",\"itemListElement\":[{\"@type\":\"ListItem\",\"position\":1,\"name\":\"Portada\",\"item\":\"https:\/\/sites.cardenalcisneros.es\/ciudadarte\/\"},{\"@type\":\"ListItem\",\"position\":2,\"name\":\"ALBA DE TORMES (F. J. Parcerisa, 1895)\"}]},{\"@type\":\"WebSite\",\"@id\":\"https:\/\/sites.cardenalcisneros.es\/ciudadarte\/#website\",\"url\":\"https:\/\/sites.cardenalcisneros.es\/ciudadarte\/\",\"name\":\"La Ciudad en el Arte\",\"description\":\"Un blog colaborativo sobre Geograf\u00eda, Urbanismo, Historia y Arte\",\"potentialAction\":[{\"@type\":\"SearchAction\",\"target\":{\"@type\":\"EntryPoint\",\"urlTemplate\":\"https:\/\/sites.cardenalcisneros.es\/ciudadarte\/?s={search_term_string}\"},\"query-input\":\"required name=search_term_string\"}],\"inLanguage\":\"es\"},{\"@type\":\"Person\",\"@id\":\"https:\/\/sites.cardenalcisneros.es\/ciudadarte\/#\/schema\/person\/2164ce32e5c1d876e91859b0f9a871c0\",\"name\":\"09066456V\",\"image\":{\"@type\":\"ImageObject\",\"inLanguage\":\"es\",\"@id\":\"https:\/\/sites.cardenalcisneros.es\/ciudadarte\/#\/schema\/person\/image\/\",\"url\":\"https:\/\/secure.gravatar.com\/avatar\/176bbe041d5ea7589ad0b37967f77edf?s=96&d=mm&r=g\",\"contentUrl\":\"https:\/\/secure.gravatar.com\/avatar\/176bbe041d5ea7589ad0b37967f77edf?s=96&d=mm&r=g\",\"caption\":\"09066456V\"},\"url\":\"https:\/\/sites.cardenalcisneros.es\/ciudadarte\/index.php\/author\/09066456v\/\"}]}<\/script>\n<!-- \/ Yoast SEO plugin. -->","yoast_head_json":{"title":"ALBA DE TORMES (F. J. Parcerisa, 1895) - La Ciudad en el Arte","robots":{"index":"index","follow":"follow","max-snippet":"max-snippet:-1","max-image-preview":"max-image-preview:large","max-video-preview":"max-video-preview:-1"},"canonical":"https:\/\/sites.cardenalcisneros.es\/ciudadarte\/index.php\/2020\/04\/30\/alba-de-tormes-parcerisa-f-j-1895\/","og_locale":"es_ES","og_type":"article","og_title":"ALBA DE TORMES (F. J. Parcerisa, 1895) - La Ciudad en el Arte","og_description":"Francisco Javier Parcerisa (1803.1875) era dibujante y &nbsp;pintor rom\u00e1ntico&nbsp;espa\u00f1ol especializado en litograf\u00edas de interior de catedrales g\u00f3ticas espa\u00f1olas. Fue miembro de la \u00abComisi\u00f3n real de Monumentos Hist\u00f3ricos y Art\u00edsticos\u00bb. Sus obras fueron enviadas a las exposiciones nacionales de Bellas Artes. Esta litograf\u00eda representa el puente y restos del castillo de Alba de Tormes (1865), sacado [&hellip;]","og_url":"https:\/\/sites.cardenalcisneros.es\/ciudadarte\/index.php\/2020\/04\/30\/alba-de-tormes-parcerisa-f-j-1895\/","og_site_name":"La Ciudad en el Arte","article_published_time":"2020-04-30T16:58:00+00:00","article_modified_time":"2020-05-11T15:38:16+00:00","og_image":[{"url":"http:\/\/sites.cardenalcisneros.es\/ciudadarte\/wp-content\/uploads\/2020\/04\/Alba-de-Tormes-1-1024x765.jpg"}],"author":"09066456V","twitter_card":"summary_large_image","twitter_misc":{"Escrito por":"09066456V","Tiempo de lectura":"4 minutos"},"schema":{"@context":"https:\/\/schema.org","@graph":[{"@type":"WebPage","@id":"https:\/\/sites.cardenalcisneros.es\/ciudadarte\/index.php\/2020\/04\/30\/alba-de-tormes-parcerisa-f-j-1895\/","url":"https:\/\/sites.cardenalcisneros.es\/ciudadarte\/index.php\/2020\/04\/30\/alba-de-tormes-parcerisa-f-j-1895\/","name":"ALBA DE TORMES (F. J. Parcerisa, 1895) - La Ciudad en el Arte","isPartOf":{"@id":"https:\/\/sites.cardenalcisneros.es\/ciudadarte\/#website"},"datePublished":"2020-04-30T16:58:00+00:00","dateModified":"2020-05-11T15:38:16+00:00","author":{"@id":"https:\/\/sites.cardenalcisneros.es\/ciudadarte\/#\/schema\/person\/2164ce32e5c1d876e91859b0f9a871c0"},"breadcrumb":{"@id":"https:\/\/sites.cardenalcisneros.es\/ciudadarte\/index.php\/2020\/04\/30\/alba-de-tormes-parcerisa-f-j-1895\/#breadcrumb"},"inLanguage":"es","potentialAction":[{"@type":"ReadAction","target":["https:\/\/sites.cardenalcisneros.es\/ciudadarte\/index.php\/2020\/04\/30\/alba-de-tormes-parcerisa-f-j-1895\/"]}]},{"@type":"BreadcrumbList","@id":"https:\/\/sites.cardenalcisneros.es\/ciudadarte\/index.php\/2020\/04\/30\/alba-de-tormes-parcerisa-f-j-1895\/#breadcrumb","itemListElement":[{"@type":"ListItem","position":1,"name":"Portada","item":"https:\/\/sites.cardenalcisneros.es\/ciudadarte\/"},{"@type":"ListItem","position":2,"name":"ALBA DE TORMES (F. J. Parcerisa, 1895)"}]},{"@type":"WebSite","@id":"https:\/\/sites.cardenalcisneros.es\/ciudadarte\/#website","url":"https:\/\/sites.cardenalcisneros.es\/ciudadarte\/","name":"La Ciudad en el Arte","description":"Un blog colaborativo sobre Geograf\u00eda, Urbanismo, Historia y Arte","potentialAction":[{"@type":"SearchAction","target":{"@type":"EntryPoint","urlTemplate":"https:\/\/sites.cardenalcisneros.es\/ciudadarte\/?s={search_term_string}"},"query-input":"required name=search_term_string"}],"inLanguage":"es"},{"@type":"Person","@id":"https:\/\/sites.cardenalcisneros.es\/ciudadarte\/#\/schema\/person\/2164ce32e5c1d876e91859b0f9a871c0","name":"09066456V","image":{"@type":"ImageObject","inLanguage":"es","@id":"https:\/\/sites.cardenalcisneros.es\/ciudadarte\/#\/schema\/person\/image\/","url":"https:\/\/secure.gravatar.com\/avatar\/176bbe041d5ea7589ad0b37967f77edf?s=96&d=mm&r=g","contentUrl":"https:\/\/secure.gravatar.com\/avatar\/176bbe041d5ea7589ad0b37967f77edf?s=96&d=mm&r=g","caption":"09066456V"},"url":"https:\/\/sites.cardenalcisneros.es\/ciudadarte\/index.php\/author\/09066456v\/"}]}},"_links":{"self":[{"href":"https:\/\/sites.cardenalcisneros.es\/ciudadarte\/index.php\/wp-json\/wp\/v2\/posts\/8330"}],"collection":[{"href":"https:\/\/sites.cardenalcisneros.es\/ciudadarte\/index.php\/wp-json\/wp\/v2\/posts"}],"about":[{"href":"https:\/\/sites.cardenalcisneros.es\/ciudadarte\/index.php\/wp-json\/wp\/v2\/types\/post"}],"author":[{"embeddable":true,"href":"https:\/\/sites.cardenalcisneros.es\/ciudadarte\/index.php\/wp-json\/wp\/v2\/users\/345"}],"replies":[{"embeddable":true,"href":"https:\/\/sites.cardenalcisneros.es\/ciudadarte\/index.php\/wp-json\/wp\/v2\/comments?post=8330"}],"version-history":[{"count":11,"href":"https:\/\/sites.cardenalcisneros.es\/ciudadarte\/index.php\/wp-json\/wp\/v2\/posts\/8330\/revisions"}],"predecessor-version":[{"id":8537,"href":"https:\/\/sites.cardenalcisneros.es\/ciudadarte\/index.php\/wp-json\/wp\/v2\/posts\/8330\/revisions\/8537"}],"wp:attachment":[{"href":"https:\/\/sites.cardenalcisneros.es\/ciudadarte\/index.php\/wp-json\/wp\/v2\/media?parent=8330"}],"wp:term":[{"taxonomy":"category","embeddable":true,"href":"https:\/\/sites.cardenalcisneros.es\/ciudadarte\/index.php\/wp-json\/wp\/v2\/categories?post=8330"},{"taxonomy":"post_tag","embeddable":true,"href":"https:\/\/sites.cardenalcisneros.es\/ciudadarte\/index.php\/wp-json\/wp\/v2\/tags?post=8330"}],"curies":[{"name":"wp","href":"https:\/\/api.w.org\/{rel}","templated":true}]}}