{"id":8327,"date":"2020-04-22T11:13:52","date_gmt":"2020-04-22T11:13:52","guid":{"rendered":"http:\/\/sites.cardenalcisneros.es\/ciudadarte\/?p=8327"},"modified":"2020-05-11T14:37:54","modified_gmt":"2020-05-11T14:37:54","slug":"pergamo-autor-friedrich-von-thiersch-ano-1882","status":"publish","type":"post","link":"https:\/\/sites.cardenalcisneros.es\/ciudadarte\/index.php\/2020\/04\/22\/pergamo-autor-friedrich-von-thiersch-ano-1882\/","title":{"rendered":"P\u00c9RGAMO (Friedrich von Thiersch, 1882)"},"content":{"rendered":"\n<figure class=\"wp-block-image size-large is-resized\"><a href=\"https:\/\/historia.nationalgeographic.com.es\/a\/pergamo-ciudad-helenistica-que-quiso-competir-atenas_10262\" target=\"_blank\" rel=\"noopener noreferrer\"><img decoding=\"async\" loading=\"lazy\" src=\"https:\/\/sites.cardenalcisneros.es\/ciudadarte\/wp-content\/uploads\/2020\/05\/geocampus1-gonzalez-moraleda-1024x576.jpg\" alt=\"\" class=\"wp-image-8525\" width=\"589\" height=\"332\" srcset=\"https:\/\/sites.cardenalcisneros.es\/ciudadarte\/wp-content\/uploads\/2020\/05\/geocampus1-gonzalez-moraleda-1024x576.jpg 1024w, https:\/\/sites.cardenalcisneros.es\/ciudadarte\/wp-content\/uploads\/2020\/05\/geocampus1-gonzalez-moraleda-300x169.jpg 300w, https:\/\/sites.cardenalcisneros.es\/ciudadarte\/wp-content\/uploads\/2020\/05\/geocampus1-gonzalez-moraleda-768x432.jpg 768w, https:\/\/sites.cardenalcisneros.es\/ciudadarte\/wp-content\/uploads\/2020\/05\/geocampus1-gonzalez-moraleda.jpg 1280w\" sizes=\"(max-width: 589px) 100vw, 589px\" \/><\/a><\/figure>\n\n\n\n<p>La imagen corresponde a P\u00e9rgamo. Se puede encontrar en el museo de Alemania: Antikensammlung Berl\u00edn. La imagen ha sido obtenida de la p\u00e1gina web de National Geographic. Es una recreaci\u00f3n pict\u00f3rica de la ciudad. Fue una polis (\u201cciudad-Estado\u201d) griega. En la actualidad est\u00e1 ubicada al noroeste de Turqu\u00eda, a treinta kil\u00f3metros de la costa del Egeo frente a la isla de Lesbos. <\/p>\n\n\n\n<p>Fue una de las ciudades m\u00e1s importantes, brillantes y poderosas de la Antigua Grecia. &nbsp;Cuando muere Alejandro Magno, en el 323 a.C, el imperio se fragmenta y esta ciudad, entre muchas otras, empieza a tener relevancia. Seg\u00fan National Geographic, en los siglos II y III a.C. tuvo su \u00e9poca de esplendor ya que contaba con una rica industria de manufacturas de pergamino, buena situaci\u00f3n geogr\u00e1fica para el comercio por el mar Mediterr\u00e1neo e infraestructuras amplias. <\/p>\n\n\n\n<p>El lugar en el que est\u00e1 la acr\u00f3polis fue sobre una colina del valle del r\u00edo Selinus. El terreno ten\u00eda pendientes y provoc\u00f3 que la ciudad estuviera escalonada. Para mejorar las vistas construyeron terrazas artificiales, lo que fue una innovaci\u00f3n en la arquitectura de la \u00e9poca porque buscaron integrar la ciudad en su paisaje. <\/p>\n\n\n\n<p>P\u00e9rgamo estaba amurallada para poder\ndefender la ciudad de posibles ataques b\u00e9licos. Adem\u00e1s, ten\u00eda una entrada\nprincipal por la que se acced\u00eda mediante un edificio monumental. Esta entrada\nse conoce como <strong>Propileos<\/strong>. En la parte m\u00e1s alta de la ciudad se\nencontraba la <strong>acr\u00f3polis, <\/strong>que era el lugar donde se concentraba la vida\nreligiosa, residencial y militar. Significa \u201cciudad alta\u201d y cumpl\u00eda dos\nfunciones: defensiva y para situar los principales lugares de culto junto a las\npersonas importantes. En caso de guerra, los ciudadanos pod\u00edan refugiarse en\nella. Filetero gobernaba por esta \u00e9poca en la ciudad y dedic\u00f3 a Atenea\n(victoriosa diosa guerrera) el <strong>santuario<\/strong> de la ciudad que estaba situado\nen el centro de la explanada en muestra de agradecimiento por las numerosas\nvictorias que hab\u00eda otorgado a P\u00e9rgamo. En los alrededores estaba el palacio\ndonde viv\u00edan los soldados. P\u00e9rgamo ten\u00eda una <strong>biblioteca<\/strong>, que fue la\nsegunda m\u00e1s grande e importante de la Antig\u00fcedad despu\u00e9s de la de Alejandr\u00eda.\nTambi\u00e9n estaba destinada a ser escuela. El<strong> teatro <\/strong>de la polis contaba\ncon setenta filas y su capacidad era de diez mil espectadores. Su altura era de\nunos cuarenta metros de altura y su funci\u00f3n pod\u00eda ser de mirador y terraza. El\nlugar de su emplazamiento tiene influencias sonoras, ya que su localizaci\u00f3n\ntiene la capacidad de ampliar el sonido desembocando en que se pueda escuchar\ndesde las \u00faltimas filas. El <strong>templo<\/strong> de la ciudad estaba dedicado al dios <strong>Dioniso\n<\/strong>(rey de la fertilidad y del vino). Adem\u00e1s, la ciudad contaba con otro <strong>santuario<\/strong>,\nel de <strong>Trajano Augusto<\/strong>, que coronaba la acr\u00f3polis. <\/p>\n\n\n\n<p>Por \u00faltimo, encontramos el <strong>\u00e1gora. <\/strong>Era\nun espacio al aire libre donde se concentraba todo el comercio, la cultura y la\npol\u00edtica de la vida social de los griegos. Sol\u00eda estar rodeado de edificios\np\u00fablicos y privados. El <strong>altar de Zeus<\/strong>, situado en el \u00e1gora, es una de\nlas obras helen\u00edsticas m\u00e1s importantes: destaca el friso que no lo esculpieron\nen lo alto, si no que lo situaron en el z\u00f3calo de la columnata para que se\npudiera contemplar mejor. Se construy\u00f3&nbsp;para celebrar la victoria de\nP\u00e9rgamo ante los g\u00e1latas. &nbsp;<\/p>\n\n\n\n<p>La ciudad contaba tambi\u00e9n con gimnasios,\nel santuario de Dem\u00e9ter y barrios residenciales. Ten\u00eda avenidas de veinte\nmetros de longitud de calzada, pasos subterr\u00e1neos\u2026 se invent\u00f3 la jardiner\u00eda tal\ny como la conocemos actualmente, se produc\u00edan pergaminos y sus reyes\ncoleccionaban arte y eran bibli\u00f3grafos. <\/p>\n\n\n\n<p>El \u00faltimo rey de la ciudad, Atalo III,\nles cedi\u00f3 P\u00e9rgamo a los romanos y lo convirtieron en la capital del imperio en\nAsia Menor. La decadencia de la ciudad lleg\u00f3 en \u00e9poca de los romanos porque\nrepartieron todos sus tesoros entre ellos. <\/p>\n\n\n\n<p>Aguilar, Ferrer, L\u00f3pez y Navarro (2009)\nindican que las poblaciones de Grecia se un\u00edan formando polis\n(ciudades-Estado). Todas las personas ten\u00edan los mismos derechos, aunque\nrealmente esto no era as\u00ed. La poblaci\u00f3n estaba dividida en ciudadanos (ten\u00edan\ntodos los derechos) y no ciudadanos (no ten\u00edan ning\u00fan derecho). <\/p>\n\n\n\n<p>Las ciudades ten\u00edan dos lugares muy importantes: la acr\u00f3polis (\u201cciudad en lo alto\u201d), que albergaba los edificios p\u00fablicos m\u00e1s importantes y los santuarios; y el \u00e1gora, que era el centro p\u00fablico y lugar de reuni\u00f3n. En el \u00e1gora se realizaba el comercio y el intercambio de ideas. Esto provoc\u00f3 alg\u00fan conflicto y termin\u00f3 por separarse. Despu\u00e9s de las colonizaciones griegas a lo largo del Mediterr\u00e1neo, aparecieron nuevas ciudades y era necesario planificarlas. Se cre\u00f3 el plano ortogonal o hipod\u00e1mico, que ten\u00eda ejes horizontales y verticales que cuadriculaban el terreno. <\/p>\n\n\n\n<p>La arquitectura griega tiene una\nestrecha relaci\u00f3n con las polis. Predomina la piedra en la arquitectura. \u00c9sta\nes arquitrabada, lo que quiere decir que utiliza elementos horizontales. Los\ngriegos ten\u00edan especial preocupaci\u00f3n por el aspecto del exterior de los\nedificios, por lo que hac\u00edan hincapi\u00e9 en el canon o b\u00fasqueda de las\nproporciones ideales. La belleza externa se consegu\u00eda gracias al orden.<\/p>\n\n\n\n<p>La alimentaci\u00f3n de los griegos se basaba\nen trigo, cebada y cereales. El pescado tambi\u00e9n ten\u00eda relevancia. La pesca, la\nagricultura y la ganader\u00eda eran las principales actividades econ\u00f3micas\nrealizadas por los griegos. Despu\u00e9s vend\u00edan las mercanc\u00edas en mercados que\nnormalmente estaban situados en el \u00e1gora. <\/p>\n\n\n\n<p>La religi\u00f3n era muy importante para ellos y cada ciudad ten\u00eda sus propios dioses protectores. Era antropoc\u00e9ntrica \u201cel ser humano es la medida de todas las cosas\u201d, lo cual estaba reflejado en el arte porque la tendencia era el realismo. Los dioses se humanizaron y ten\u00edan vicios y virtudes como los seres humanos. Hab\u00eda dos diferencias entre dioses y humanos: los dioses ten\u00edan la inmortalidad y el poder sobrehumano. &nbsp;<\/p>\n\n\n\n<p><strong>Tamara Gonz\u00e1lez Moraleda<\/strong><\/p>\n\n\n\n<div class=\"wp-block-file\"><a href=\"https:\/\/sites.cardenalcisneros.es\/9ebeaf0a-d579-4097-9eeb-9870a98e88de\" class=\"wp-block-file__button\" download>Descarga<\/a><\/div>\n\n\n\n<figure class=\"wp-block-image\"><img alt=\"\"\/><\/figure>\n","protected":false},"excerpt":{"rendered":"<p>La imagen corresponde a P\u00e9rgamo. Se puede encontrar en el museo de Alemania: Antikensammlung Berl\u00edn. La imagen ha sido obtenida de la p\u00e1gina web de National Geographic. Es una recreaci\u00f3n pict\u00f3rica de la ciudad. Fue una polis (\u201cciudad-Estado\u201d) griega. En la actualidad est\u00e1 ubicada al noroeste de Turqu\u00eda, a treinta kil\u00f3metros de la costa del [&hellip;]<\/p>\n","protected":false},"author":346,"featured_media":0,"comment_status":"open","ping_status":"open","sticky":false,"template":"","format":"standard","meta":[],"categories":[1],"tags":[],"yoast_head":"<!-- This site is optimized with the Yoast SEO plugin v20.7 - https:\/\/yoast.com\/wordpress\/plugins\/seo\/ -->\n<title>P\u00c9RGAMO (Friedrich von Thiersch, 1882) - La Ciudad en el Arte<\/title>\n<meta name=\"robots\" content=\"index, follow, max-snippet:-1, max-image-preview:large, max-video-preview:-1\" \/>\n<link rel=\"canonical\" href=\"https:\/\/sites.cardenalcisneros.es\/ciudadarte\/index.php\/2020\/04\/22\/pergamo-autor-friedrich-von-thiersch-ano-1882\/\" \/>\n<meta property=\"og:locale\" content=\"es_ES\" \/>\n<meta property=\"og:type\" content=\"article\" \/>\n<meta property=\"og:title\" content=\"P\u00c9RGAMO (Friedrich von Thiersch, 1882) - La Ciudad en el Arte\" \/>\n<meta property=\"og:description\" content=\"La imagen corresponde a P\u00e9rgamo. Se puede encontrar en el museo de Alemania: Antikensammlung Berl\u00edn. La imagen ha sido obtenida de la p\u00e1gina web de National Geographic. Es una recreaci\u00f3n pict\u00f3rica de la ciudad. Fue una polis (\u201cciudad-Estado\u201d) griega. En la actualidad est\u00e1 ubicada al noroeste de Turqu\u00eda, a treinta kil\u00f3metros de la costa del [&hellip;]\" \/>\n<meta property=\"og:url\" content=\"https:\/\/sites.cardenalcisneros.es\/ciudadarte\/index.php\/2020\/04\/22\/pergamo-autor-friedrich-von-thiersch-ano-1882\/\" \/>\n<meta property=\"og:site_name\" content=\"La Ciudad en el Arte\" \/>\n<meta property=\"article:published_time\" content=\"2020-04-22T11:13:52+00:00\" \/>\n<meta property=\"article:modified_time\" content=\"2020-05-11T14:37:54+00:00\" \/>\n<meta property=\"og:image\" content=\"https:\/\/sites.cardenalcisneros.es\/ciudadarte\/wp-content\/uploads\/2020\/05\/geocampus1-gonzalez-moraleda-1024x576.jpg\" \/>\n<meta name=\"author\" content=\"Tamara Gonz\u00e1lez Moraleda\" \/>\n<meta name=\"twitter:card\" content=\"summary_large_image\" \/>\n<meta name=\"twitter:label1\" content=\"Escrito por\" \/>\n\t<meta name=\"twitter:data1\" content=\"Tamara Gonz\u00e1lez Moraleda\" \/>\n\t<meta name=\"twitter:label2\" content=\"Tiempo de lectura\" \/>\n\t<meta name=\"twitter:data2\" content=\"5 minutos\" \/>\n<script type=\"application\/ld+json\" class=\"yoast-schema-graph\">{\"@context\":\"https:\/\/schema.org\",\"@graph\":[{\"@type\":\"WebPage\",\"@id\":\"https:\/\/sites.cardenalcisneros.es\/ciudadarte\/index.php\/2020\/04\/22\/pergamo-autor-friedrich-von-thiersch-ano-1882\/\",\"url\":\"https:\/\/sites.cardenalcisneros.es\/ciudadarte\/index.php\/2020\/04\/22\/pergamo-autor-friedrich-von-thiersch-ano-1882\/\",\"name\":\"P\u00c9RGAMO (Friedrich von Thiersch, 1882) - La Ciudad en el Arte\",\"isPartOf\":{\"@id\":\"https:\/\/sites.cardenalcisneros.es\/ciudadarte\/#website\"},\"datePublished\":\"2020-04-22T11:13:52+00:00\",\"dateModified\":\"2020-05-11T14:37:54+00:00\",\"author\":{\"@id\":\"https:\/\/sites.cardenalcisneros.es\/ciudadarte\/#\/schema\/person\/bc4e9fe088561cd4bd9060e915bd5fe4\"},\"breadcrumb\":{\"@id\":\"https:\/\/sites.cardenalcisneros.es\/ciudadarte\/index.php\/2020\/04\/22\/pergamo-autor-friedrich-von-thiersch-ano-1882\/#breadcrumb\"},\"inLanguage\":\"es\",\"potentialAction\":[{\"@type\":\"ReadAction\",\"target\":[\"https:\/\/sites.cardenalcisneros.es\/ciudadarte\/index.php\/2020\/04\/22\/pergamo-autor-friedrich-von-thiersch-ano-1882\/\"]}]},{\"@type\":\"BreadcrumbList\",\"@id\":\"https:\/\/sites.cardenalcisneros.es\/ciudadarte\/index.php\/2020\/04\/22\/pergamo-autor-friedrich-von-thiersch-ano-1882\/#breadcrumb\",\"itemListElement\":[{\"@type\":\"ListItem\",\"position\":1,\"name\":\"Portada\",\"item\":\"https:\/\/sites.cardenalcisneros.es\/ciudadarte\/\"},{\"@type\":\"ListItem\",\"position\":2,\"name\":\"P\u00c9RGAMO (Friedrich von Thiersch, 1882)\"}]},{\"@type\":\"WebSite\",\"@id\":\"https:\/\/sites.cardenalcisneros.es\/ciudadarte\/#website\",\"url\":\"https:\/\/sites.cardenalcisneros.es\/ciudadarte\/\",\"name\":\"La Ciudad en el Arte\",\"description\":\"Un blog colaborativo sobre Geograf\u00eda, Urbanismo, Historia y Arte\",\"potentialAction\":[{\"@type\":\"SearchAction\",\"target\":{\"@type\":\"EntryPoint\",\"urlTemplate\":\"https:\/\/sites.cardenalcisneros.es\/ciudadarte\/?s={search_term_string}\"},\"query-input\":\"required name=search_term_string\"}],\"inLanguage\":\"es\"},{\"@type\":\"Person\",\"@id\":\"https:\/\/sites.cardenalcisneros.es\/ciudadarte\/#\/schema\/person\/bc4e9fe088561cd4bd9060e915bd5fe4\",\"name\":\"Tamara Gonz\u00e1lez Moraleda\",\"image\":{\"@type\":\"ImageObject\",\"inLanguage\":\"es\",\"@id\":\"https:\/\/sites.cardenalcisneros.es\/ciudadarte\/#\/schema\/person\/image\/\",\"url\":\"https:\/\/secure.gravatar.com\/avatar\/f732ec938214a845e0f2e5d1a543d2cb?s=96&d=mm&r=g\",\"contentUrl\":\"https:\/\/secure.gravatar.com\/avatar\/f732ec938214a845e0f2e5d1a543d2cb?s=96&d=mm&r=g\",\"caption\":\"Tamara Gonz\u00e1lez Moraleda\"},\"url\":\"https:\/\/sites.cardenalcisneros.es\/ciudadarte\/index.php\/author\/54241302b\/\"}]}<\/script>\n<!-- \/ Yoast SEO plugin. -->","yoast_head_json":{"title":"P\u00c9RGAMO (Friedrich von Thiersch, 1882) - La Ciudad en el Arte","robots":{"index":"index","follow":"follow","max-snippet":"max-snippet:-1","max-image-preview":"max-image-preview:large","max-video-preview":"max-video-preview:-1"},"canonical":"https:\/\/sites.cardenalcisneros.es\/ciudadarte\/index.php\/2020\/04\/22\/pergamo-autor-friedrich-von-thiersch-ano-1882\/","og_locale":"es_ES","og_type":"article","og_title":"P\u00c9RGAMO (Friedrich von Thiersch, 1882) - La Ciudad en el Arte","og_description":"La imagen corresponde a P\u00e9rgamo. Se puede encontrar en el museo de Alemania: Antikensammlung Berl\u00edn. La imagen ha sido obtenida de la p\u00e1gina web de National Geographic. Es una recreaci\u00f3n pict\u00f3rica de la ciudad. Fue una polis (\u201cciudad-Estado\u201d) griega. En la actualidad est\u00e1 ubicada al noroeste de Turqu\u00eda, a treinta kil\u00f3metros de la costa del [&hellip;]","og_url":"https:\/\/sites.cardenalcisneros.es\/ciudadarte\/index.php\/2020\/04\/22\/pergamo-autor-friedrich-von-thiersch-ano-1882\/","og_site_name":"La Ciudad en el Arte","article_published_time":"2020-04-22T11:13:52+00:00","article_modified_time":"2020-05-11T14:37:54+00:00","og_image":[{"url":"https:\/\/sites.cardenalcisneros.es\/ciudadarte\/wp-content\/uploads\/2020\/05\/geocampus1-gonzalez-moraleda-1024x576.jpg"}],"author":"Tamara Gonz\u00e1lez Moraleda","twitter_card":"summary_large_image","twitter_misc":{"Escrito por":"Tamara Gonz\u00e1lez Moraleda","Tiempo de lectura":"5 minutos"},"schema":{"@context":"https:\/\/schema.org","@graph":[{"@type":"WebPage","@id":"https:\/\/sites.cardenalcisneros.es\/ciudadarte\/index.php\/2020\/04\/22\/pergamo-autor-friedrich-von-thiersch-ano-1882\/","url":"https:\/\/sites.cardenalcisneros.es\/ciudadarte\/index.php\/2020\/04\/22\/pergamo-autor-friedrich-von-thiersch-ano-1882\/","name":"P\u00c9RGAMO (Friedrich von Thiersch, 1882) - La Ciudad en el Arte","isPartOf":{"@id":"https:\/\/sites.cardenalcisneros.es\/ciudadarte\/#website"},"datePublished":"2020-04-22T11:13:52+00:00","dateModified":"2020-05-11T14:37:54+00:00","author":{"@id":"https:\/\/sites.cardenalcisneros.es\/ciudadarte\/#\/schema\/person\/bc4e9fe088561cd4bd9060e915bd5fe4"},"breadcrumb":{"@id":"https:\/\/sites.cardenalcisneros.es\/ciudadarte\/index.php\/2020\/04\/22\/pergamo-autor-friedrich-von-thiersch-ano-1882\/#breadcrumb"},"inLanguage":"es","potentialAction":[{"@type":"ReadAction","target":["https:\/\/sites.cardenalcisneros.es\/ciudadarte\/index.php\/2020\/04\/22\/pergamo-autor-friedrich-von-thiersch-ano-1882\/"]}]},{"@type":"BreadcrumbList","@id":"https:\/\/sites.cardenalcisneros.es\/ciudadarte\/index.php\/2020\/04\/22\/pergamo-autor-friedrich-von-thiersch-ano-1882\/#breadcrumb","itemListElement":[{"@type":"ListItem","position":1,"name":"Portada","item":"https:\/\/sites.cardenalcisneros.es\/ciudadarte\/"},{"@type":"ListItem","position":2,"name":"P\u00c9RGAMO (Friedrich von Thiersch, 1882)"}]},{"@type":"WebSite","@id":"https:\/\/sites.cardenalcisneros.es\/ciudadarte\/#website","url":"https:\/\/sites.cardenalcisneros.es\/ciudadarte\/","name":"La Ciudad en el Arte","description":"Un blog colaborativo sobre Geograf\u00eda, Urbanismo, Historia y Arte","potentialAction":[{"@type":"SearchAction","target":{"@type":"EntryPoint","urlTemplate":"https:\/\/sites.cardenalcisneros.es\/ciudadarte\/?s={search_term_string}"},"query-input":"required name=search_term_string"}],"inLanguage":"es"},{"@type":"Person","@id":"https:\/\/sites.cardenalcisneros.es\/ciudadarte\/#\/schema\/person\/bc4e9fe088561cd4bd9060e915bd5fe4","name":"Tamara Gonz\u00e1lez Moraleda","image":{"@type":"ImageObject","inLanguage":"es","@id":"https:\/\/sites.cardenalcisneros.es\/ciudadarte\/#\/schema\/person\/image\/","url":"https:\/\/secure.gravatar.com\/avatar\/f732ec938214a845e0f2e5d1a543d2cb?s=96&d=mm&r=g","contentUrl":"https:\/\/secure.gravatar.com\/avatar\/f732ec938214a845e0f2e5d1a543d2cb?s=96&d=mm&r=g","caption":"Tamara Gonz\u00e1lez Moraleda"},"url":"https:\/\/sites.cardenalcisneros.es\/ciudadarte\/index.php\/author\/54241302b\/"}]}},"_links":{"self":[{"href":"https:\/\/sites.cardenalcisneros.es\/ciudadarte\/index.php\/wp-json\/wp\/v2\/posts\/8327"}],"collection":[{"href":"https:\/\/sites.cardenalcisneros.es\/ciudadarte\/index.php\/wp-json\/wp\/v2\/posts"}],"about":[{"href":"https:\/\/sites.cardenalcisneros.es\/ciudadarte\/index.php\/wp-json\/wp\/v2\/types\/post"}],"author":[{"embeddable":true,"href":"https:\/\/sites.cardenalcisneros.es\/ciudadarte\/index.php\/wp-json\/wp\/v2\/users\/346"}],"replies":[{"embeddable":true,"href":"https:\/\/sites.cardenalcisneros.es\/ciudadarte\/index.php\/wp-json\/wp\/v2\/comments?post=8327"}],"version-history":[{"count":8,"href":"https:\/\/sites.cardenalcisneros.es\/ciudadarte\/index.php\/wp-json\/wp\/v2\/posts\/8327\/revisions"}],"predecessor-version":[{"id":8541,"href":"https:\/\/sites.cardenalcisneros.es\/ciudadarte\/index.php\/wp-json\/wp\/v2\/posts\/8327\/revisions\/8541"}],"wp:attachment":[{"href":"https:\/\/sites.cardenalcisneros.es\/ciudadarte\/index.php\/wp-json\/wp\/v2\/media?parent=8327"}],"wp:term":[{"taxonomy":"category","embeddable":true,"href":"https:\/\/sites.cardenalcisneros.es\/ciudadarte\/index.php\/wp-json\/wp\/v2\/categories?post=8327"},{"taxonomy":"post_tag","embeddable":true,"href":"https:\/\/sites.cardenalcisneros.es\/ciudadarte\/index.php\/wp-json\/wp\/v2\/tags?post=8327"}],"curies":[{"name":"wp","href":"https:\/\/api.w.org\/{rel}","templated":true}]}}