{"id":7957,"date":"2018-05-26T17:33:32","date_gmt":"2018-05-26T17:33:32","guid":{"rendered":"http:\/\/sites.cardenalcisneros.es\/ciudadarte\/?p=7957"},"modified":"2018-05-26T17:33:32","modified_gmt":"2018-05-26T17:33:32","slug":"sion-sebastian-munster-siglo-xvi","status":"publish","type":"post","link":"https:\/\/sites.cardenalcisneros.es\/ciudadarte\/index.php\/2018\/05\/26\/sion-sebastian-munster-siglo-xvi\/","title":{"rendered":"SION (Sebastian M\u00fcnster, siglo XVI)"},"content":{"rendered":"<p style=\"text-align: center;\"><a href=\"https:\/\/www.notrehistoire.ch\/medias\/48056\" target=\"_blank\" rel=\"noopener\"><img decoding=\"async\" loading=\"lazy\" class=\"alignnone wp-image-7961\" src=\"http:\/\/sites.cardenalcisneros.es\/ciudadarte\/wp-content\/uploads\/2018\/05\/Captura-de-pantalla-2018-05-26-a-las-19.22.51-1024x576.png\" alt=\"\" width=\"750\" height=\"422\" \/><\/a><\/p>\n<p style=\"text-align: left;\"><span style=\"color: #000000;\">La imagen con la que vamos a trabajar es una ilustraci\u00f3n del cosm\u00f3grafo Sebastian M\u00fcnster, perteneciente a su obra <em>Cosmographia<\/em>, que es la primera descripci\u00f3n del mundo en alem\u00e1n y en uno de los libros de Geograf\u00eda m\u00e1s importantes del siglo XVI.\u00a0M\u00fcnster naci\u00f3 en Alemania en 1488 y falleci\u00f3 en Suiza en 1552. A lo largo de su vida destac\u00f3 por ser profesor de hebreo en la Universidad de Basilea (1527), as\u00ed como por traducir la Biblia al lat\u00edn y publicar numerosos textos en diversas lenguas. Como hemos mencionado anteriormente su gran obra es <em>Cosmographia<\/em>, cuya primera edici\u00f3n en alem\u00e1n apareci\u00f3 en 1544 y posteriormente se han ido publicando alrededor de 40 ediciones en otros idiomas.<\/span><\/p>\n<p><span style=\"color: #000000;\">La ciudad que aparece representada en la ilustraci\u00f3n es Sion, perteneciente al condado de Valais, es una de las ciudades m\u00e1s antiguas de Suiza. Los primeros habitantes de esta ciudad se remontan al periodo del Neol\u00edtico, hace unos 7.000-5.000 a\u00f1os a.C. El nombre actual de Sion, deriva del lat\u00edn \u201cSedunum\u201d que a su vez desciende de la tribu celta de los S\u00e9dunes, lo cuales se asentaron en la regi\u00f3n fundando un poblado estable. Tras los celtas, fue ocupada por los romanos, los se\u00f1ores de Borgo\u00f1a, los de Saboya y Napole\u00f3n, hasta que en 1815 Valais acabo uni\u00e9ndose a la Confederaci\u00f3n Helv\u00e9tica.<\/span><br \/>\n<span style=\"color: #000000;\">La ciudad de Sion se encuentra situada en el valle del r\u00edo R\u00f3dano, rodeada por los Alpes berneses al norte y los Alpes valesanos al sur. Como podemos observar en la imagen, estaba protegida por tres murallas, de las cuales hoy s\u00f3lo quedan algunos restos. Debido a la topograf\u00eda de esta zona geogr\u00e1fica, podemos observar que en la cima de los montes se situaban los dos castillos de la ciudad, con el fin de facilitar la defensa ante posibles adversarios. En la zona m\u00e1s baja de este paisaje, se localizaba el resto de la ciudad con un centro hist\u00f3rico medieval estructurado en peque\u00f1as calles, estrechas y sinuosas, entre las cuales pod\u00edamos encontrar numerosas iglesias, monumentos importantes, as\u00ed como las casas m\u00e1s humildes de la poblaci\u00f3n. Desde el siglo VI, Sion se convirti\u00f3 en sede episcopal. La actividad econ\u00f3mica de esta ciudad se basaba en la agricultura, el comercio y el arte.<\/span><br \/>\n<span style=\"color: #000000;\">Entre los elementos m\u00e1s destacados de esta imagen podemos citar el castillo de Tourbillon (izquierda) y el castillo y la catedral de la Val\u00e8re (derecha), ambos situados en lo alto de las dos colinas. El castillo de Tourbillon fue construido entre los a\u00f1os 1290 y 1308, ocupando una posici\u00f3n defensiva en lo alto de una de las colinas. A lo largo de la historia, este castillo ha desempe\u00f1ado un papel muy importante en la ciudad. A pesar de los numerosos ataques, el castillo de Torubillon ha sufrido una serie de reconstrucciones que le llevaron a convertirse en la residencia de verano de los obispos de la \u00e9poca. Pero en 1788, se produjo un gran incendio del cual no se lleg\u00f3 a recuperar, por lo que hoy en d\u00eda quedan las ruinas.<\/span><br \/>\n<span style=\"color: #000000;\">En cuanto al castillo de la Val\u00e8re, fue construido en 1049 como residencia para los nobles de Sion. Unos a\u00f1os m\u00e1s tarde, en lo alto del complejo, se construy\u00f3 la bas\u00edlica de la Val\u00e8re, dedicada, un edificio de car\u00e1cter fortificado que cuenta con elementos rom\u00e1nicos y g\u00f3ticos. A pesar de haber sobrevivido a tiempos dif\u00edciles a lo largo de la historia, este castillo qued\u00f3 abandonado tras la revoluci\u00f3n Helv\u00e9tica en 1798. Cien a\u00f1os m\u00e1s tarde, el cant\u00f3n del Valais se hizo cargo de la conservaci\u00f3n del castillo y la bas\u00edlica, convirti\u00e9ndolos en un museo que prevalece hasta nuestros d\u00edas.<\/span><br \/>\n<span style=\"color: #000000;\">Otros elementos a destacar de la ciudad ser\u00edan la catedral de Sion, dedicada a la virgen de Notre Dame du Glarier, que fue construida en el siglo XIII sobre un antiguo templo rom\u00e1nico y se caracterizaba por su cripta y campanario. Tambi\u00e9n, cabe se\u00f1alar la Torre de los Hechiceros, una prisi\u00f3n construida en el siglo XIV donde se encerraban y torturaban a todas aquellas personas acusadas de brujer\u00eda.<\/span><br \/>\n<span style=\"color: #000000;\">Pese a los numerosos ataques y saqueos que ha sufrido la ciudad a lo largo de la historia, Sion ha sabido recuperarse. Hoy en d\u00eda se ha convertido en una de las ciudades m\u00e1s tur\u00edsticas y visitadas de Suiza, tanto por su casco hist\u00f3rico y barrio comercial, como por la zona vin\u00edcola en la que se encuentra. Adem\u00e1s, cabe destacar el atractivo que ofrecen los deportes de invierno por su proximidad a los Alpes. En la actualidad, Sion es el centro econ\u00f3mico del condado de Valais y un importante nudo comunicaciones.<\/span><br \/>\nClaudia Mart\u00ednez L\u00f3pez<\/p>\n","protected":false},"excerpt":{"rendered":"<p>La imagen con la que vamos a trabajar es una ilustraci\u00f3n del cosm\u00f3grafo Sebastian M\u00fcnster, perteneciente a su obra Cosmographia, que es la primera descripci\u00f3n del mundo en alem\u00e1n y en uno de los libros de Geograf\u00eda m\u00e1s importantes del siglo XVI.\u00a0M\u00fcnster naci\u00f3 en Alemania en 1488 y falleci\u00f3 en Suiza en 1552. A lo [&hellip;]<\/p>\n","protected":false},"author":306,"featured_media":0,"comment_status":"open","ping_status":"open","sticky":false,"template":"","format":"standard","meta":[],"categories":[1],"tags":[196],"yoast_head":"<!-- This site is optimized with the Yoast SEO plugin v20.7 - https:\/\/yoast.com\/wordpress\/plugins\/seo\/ -->\n<title>SION (Sebastian M\u00fcnster, siglo XVI) - La Ciudad en el Arte<\/title>\n<meta name=\"robots\" content=\"index, follow, max-snippet:-1, max-image-preview:large, max-video-preview:-1\" \/>\n<link rel=\"canonical\" href=\"https:\/\/sites.cardenalcisneros.es\/ciudadarte\/index.php\/2018\/05\/26\/sion-sebastian-munster-siglo-xvi\/\" \/>\n<meta property=\"og:locale\" content=\"es_ES\" \/>\n<meta property=\"og:type\" content=\"article\" \/>\n<meta property=\"og:title\" content=\"SION (Sebastian M\u00fcnster, siglo XVI) - La Ciudad en el Arte\" \/>\n<meta property=\"og:description\" content=\"La imagen con la que vamos a trabajar es una ilustraci\u00f3n del cosm\u00f3grafo Sebastian M\u00fcnster, perteneciente a su obra Cosmographia, que es la primera descripci\u00f3n del mundo en alem\u00e1n y en uno de los libros de Geograf\u00eda m\u00e1s importantes del siglo XVI.\u00a0M\u00fcnster naci\u00f3 en Alemania en 1488 y falleci\u00f3 en Suiza en 1552. A lo [&hellip;]\" \/>\n<meta property=\"og:url\" content=\"https:\/\/sites.cardenalcisneros.es\/ciudadarte\/index.php\/2018\/05\/26\/sion-sebastian-munster-siglo-xvi\/\" \/>\n<meta property=\"og:site_name\" content=\"La Ciudad en el Arte\" \/>\n<meta property=\"article:published_time\" content=\"2018-05-26T17:33:32+00:00\" \/>\n<meta property=\"og:image\" content=\"http:\/\/sites.cardenalcisneros.es\/ciudadarte\/wp-content\/uploads\/2018\/05\/Captura-de-pantalla-2018-05-26-a-las-19.22.51-1024x576.png\" \/>\n<meta name=\"author\" content=\"Claudia Mart\u00ednez L\u00f3pez\" \/>\n<meta name=\"twitter:card\" content=\"summary_large_image\" \/>\n<meta name=\"twitter:label1\" content=\"Escrito por\" \/>\n\t<meta name=\"twitter:data1\" content=\"Claudia Mart\u00ednez L\u00f3pez\" \/>\n\t<meta name=\"twitter:label2\" content=\"Tiempo de lectura\" \/>\n\t<meta name=\"twitter:data2\" content=\"4 minutos\" \/>\n<script type=\"application\/ld+json\" class=\"yoast-schema-graph\">{\"@context\":\"https:\/\/schema.org\",\"@graph\":[{\"@type\":\"WebPage\",\"@id\":\"https:\/\/sites.cardenalcisneros.es\/ciudadarte\/index.php\/2018\/05\/26\/sion-sebastian-munster-siglo-xvi\/\",\"url\":\"https:\/\/sites.cardenalcisneros.es\/ciudadarte\/index.php\/2018\/05\/26\/sion-sebastian-munster-siglo-xvi\/\",\"name\":\"SION (Sebastian M\u00fcnster, siglo XVI) - La Ciudad en el Arte\",\"isPartOf\":{\"@id\":\"https:\/\/sites.cardenalcisneros.es\/ciudadarte\/#website\"},\"datePublished\":\"2018-05-26T17:33:32+00:00\",\"dateModified\":\"2018-05-26T17:33:32+00:00\",\"author\":{\"@id\":\"https:\/\/sites.cardenalcisneros.es\/ciudadarte\/#\/schema\/person\/46841b3fb0b178eb44b0c5d1a61dbaf2\"},\"breadcrumb\":{\"@id\":\"https:\/\/sites.cardenalcisneros.es\/ciudadarte\/index.php\/2018\/05\/26\/sion-sebastian-munster-siglo-xvi\/#breadcrumb\"},\"inLanguage\":\"es\",\"potentialAction\":[{\"@type\":\"ReadAction\",\"target\":[\"https:\/\/sites.cardenalcisneros.es\/ciudadarte\/index.php\/2018\/05\/26\/sion-sebastian-munster-siglo-xvi\/\"]}]},{\"@type\":\"BreadcrumbList\",\"@id\":\"https:\/\/sites.cardenalcisneros.es\/ciudadarte\/index.php\/2018\/05\/26\/sion-sebastian-munster-siglo-xvi\/#breadcrumb\",\"itemListElement\":[{\"@type\":\"ListItem\",\"position\":1,\"name\":\"Portada\",\"item\":\"https:\/\/sites.cardenalcisneros.es\/ciudadarte\/\"},{\"@type\":\"ListItem\",\"position\":2,\"name\":\"SION (Sebastian M\u00fcnster, siglo XVI)\"}]},{\"@type\":\"WebSite\",\"@id\":\"https:\/\/sites.cardenalcisneros.es\/ciudadarte\/#website\",\"url\":\"https:\/\/sites.cardenalcisneros.es\/ciudadarte\/\",\"name\":\"La Ciudad en el Arte\",\"description\":\"Un blog colaborativo sobre Geograf\u00eda, Urbanismo, Historia y Arte\",\"potentialAction\":[{\"@type\":\"SearchAction\",\"target\":{\"@type\":\"EntryPoint\",\"urlTemplate\":\"https:\/\/sites.cardenalcisneros.es\/ciudadarte\/?s={search_term_string}\"},\"query-input\":\"required name=search_term_string\"}],\"inLanguage\":\"es\"},{\"@type\":\"Person\",\"@id\":\"https:\/\/sites.cardenalcisneros.es\/ciudadarte\/#\/schema\/person\/46841b3fb0b178eb44b0c5d1a61dbaf2\",\"name\":\"Claudia Mart\u00ednez L\u00f3pez\",\"image\":{\"@type\":\"ImageObject\",\"inLanguage\":\"es\",\"@id\":\"https:\/\/sites.cardenalcisneros.es\/ciudadarte\/#\/schema\/person\/image\/\",\"url\":\"https:\/\/secure.gravatar.com\/avatar\/f9c8008a7314d819babe86d97a1c76e9?s=96&d=mm&r=g\",\"contentUrl\":\"https:\/\/secure.gravatar.com\/avatar\/f9c8008a7314d819babe86d97a1c76e9?s=96&d=mm&r=g\",\"caption\":\"Claudia Mart\u00ednez L\u00f3pez\"},\"url\":\"https:\/\/sites.cardenalcisneros.es\/ciudadarte\/index.php\/author\/03201402\/\"}]}<\/script>\n<!-- \/ Yoast SEO plugin. -->","yoast_head_json":{"title":"SION (Sebastian M\u00fcnster, siglo XVI) - La Ciudad en el Arte","robots":{"index":"index","follow":"follow","max-snippet":"max-snippet:-1","max-image-preview":"max-image-preview:large","max-video-preview":"max-video-preview:-1"},"canonical":"https:\/\/sites.cardenalcisneros.es\/ciudadarte\/index.php\/2018\/05\/26\/sion-sebastian-munster-siglo-xvi\/","og_locale":"es_ES","og_type":"article","og_title":"SION (Sebastian M\u00fcnster, siglo XVI) - La Ciudad en el Arte","og_description":"La imagen con la que vamos a trabajar es una ilustraci\u00f3n del cosm\u00f3grafo Sebastian M\u00fcnster, perteneciente a su obra Cosmographia, que es la primera descripci\u00f3n del mundo en alem\u00e1n y en uno de los libros de Geograf\u00eda m\u00e1s importantes del siglo XVI.\u00a0M\u00fcnster naci\u00f3 en Alemania en 1488 y falleci\u00f3 en Suiza en 1552. A lo [&hellip;]","og_url":"https:\/\/sites.cardenalcisneros.es\/ciudadarte\/index.php\/2018\/05\/26\/sion-sebastian-munster-siglo-xvi\/","og_site_name":"La Ciudad en el Arte","article_published_time":"2018-05-26T17:33:32+00:00","og_image":[{"url":"http:\/\/sites.cardenalcisneros.es\/ciudadarte\/wp-content\/uploads\/2018\/05\/Captura-de-pantalla-2018-05-26-a-las-19.22.51-1024x576.png"}],"author":"Claudia Mart\u00ednez L\u00f3pez","twitter_card":"summary_large_image","twitter_misc":{"Escrito por":"Claudia Mart\u00ednez L\u00f3pez","Tiempo de lectura":"4 minutos"},"schema":{"@context":"https:\/\/schema.org","@graph":[{"@type":"WebPage","@id":"https:\/\/sites.cardenalcisneros.es\/ciudadarte\/index.php\/2018\/05\/26\/sion-sebastian-munster-siglo-xvi\/","url":"https:\/\/sites.cardenalcisneros.es\/ciudadarte\/index.php\/2018\/05\/26\/sion-sebastian-munster-siglo-xvi\/","name":"SION (Sebastian M\u00fcnster, siglo XVI) - La Ciudad en el Arte","isPartOf":{"@id":"https:\/\/sites.cardenalcisneros.es\/ciudadarte\/#website"},"datePublished":"2018-05-26T17:33:32+00:00","dateModified":"2018-05-26T17:33:32+00:00","author":{"@id":"https:\/\/sites.cardenalcisneros.es\/ciudadarte\/#\/schema\/person\/46841b3fb0b178eb44b0c5d1a61dbaf2"},"breadcrumb":{"@id":"https:\/\/sites.cardenalcisneros.es\/ciudadarte\/index.php\/2018\/05\/26\/sion-sebastian-munster-siglo-xvi\/#breadcrumb"},"inLanguage":"es","potentialAction":[{"@type":"ReadAction","target":["https:\/\/sites.cardenalcisneros.es\/ciudadarte\/index.php\/2018\/05\/26\/sion-sebastian-munster-siglo-xvi\/"]}]},{"@type":"BreadcrumbList","@id":"https:\/\/sites.cardenalcisneros.es\/ciudadarte\/index.php\/2018\/05\/26\/sion-sebastian-munster-siglo-xvi\/#breadcrumb","itemListElement":[{"@type":"ListItem","position":1,"name":"Portada","item":"https:\/\/sites.cardenalcisneros.es\/ciudadarte\/"},{"@type":"ListItem","position":2,"name":"SION (Sebastian M\u00fcnster, siglo XVI)"}]},{"@type":"WebSite","@id":"https:\/\/sites.cardenalcisneros.es\/ciudadarte\/#website","url":"https:\/\/sites.cardenalcisneros.es\/ciudadarte\/","name":"La Ciudad en el Arte","description":"Un blog colaborativo sobre Geograf\u00eda, Urbanismo, Historia y Arte","potentialAction":[{"@type":"SearchAction","target":{"@type":"EntryPoint","urlTemplate":"https:\/\/sites.cardenalcisneros.es\/ciudadarte\/?s={search_term_string}"},"query-input":"required name=search_term_string"}],"inLanguage":"es"},{"@type":"Person","@id":"https:\/\/sites.cardenalcisneros.es\/ciudadarte\/#\/schema\/person\/46841b3fb0b178eb44b0c5d1a61dbaf2","name":"Claudia Mart\u00ednez L\u00f3pez","image":{"@type":"ImageObject","inLanguage":"es","@id":"https:\/\/sites.cardenalcisneros.es\/ciudadarte\/#\/schema\/person\/image\/","url":"https:\/\/secure.gravatar.com\/avatar\/f9c8008a7314d819babe86d97a1c76e9?s=96&d=mm&r=g","contentUrl":"https:\/\/secure.gravatar.com\/avatar\/f9c8008a7314d819babe86d97a1c76e9?s=96&d=mm&r=g","caption":"Claudia Mart\u00ednez L\u00f3pez"},"url":"https:\/\/sites.cardenalcisneros.es\/ciudadarte\/index.php\/author\/03201402\/"}]}},"_links":{"self":[{"href":"https:\/\/sites.cardenalcisneros.es\/ciudadarte\/index.php\/wp-json\/wp\/v2\/posts\/7957"}],"collection":[{"href":"https:\/\/sites.cardenalcisneros.es\/ciudadarte\/index.php\/wp-json\/wp\/v2\/posts"}],"about":[{"href":"https:\/\/sites.cardenalcisneros.es\/ciudadarte\/index.php\/wp-json\/wp\/v2\/types\/post"}],"author":[{"embeddable":true,"href":"https:\/\/sites.cardenalcisneros.es\/ciudadarte\/index.php\/wp-json\/wp\/v2\/users\/306"}],"replies":[{"embeddable":true,"href":"https:\/\/sites.cardenalcisneros.es\/ciudadarte\/index.php\/wp-json\/wp\/v2\/comments?post=7957"}],"version-history":[{"count":0,"href":"https:\/\/sites.cardenalcisneros.es\/ciudadarte\/index.php\/wp-json\/wp\/v2\/posts\/7957\/revisions"}],"wp:attachment":[{"href":"https:\/\/sites.cardenalcisneros.es\/ciudadarte\/index.php\/wp-json\/wp\/v2\/media?parent=7957"}],"wp:term":[{"taxonomy":"category","embeddable":true,"href":"https:\/\/sites.cardenalcisneros.es\/ciudadarte\/index.php\/wp-json\/wp\/v2\/categories?post=7957"},{"taxonomy":"post_tag","embeddable":true,"href":"https:\/\/sites.cardenalcisneros.es\/ciudadarte\/index.php\/wp-json\/wp\/v2\/tags?post=7957"}],"curies":[{"name":"wp","href":"https:\/\/api.w.org\/{rel}","templated":true}]}}