{"id":7876,"date":"2018-05-18T13:58:16","date_gmt":"2018-05-18T13:58:16","guid":{"rendered":"http:\/\/sites.cardenalcisneros.es\/ciudadarte\/?p=7876"},"modified":"2018-05-18T13:58:16","modified_gmt":"2018-05-18T13:58:16","slug":"lugo-benito-chias-y-carbo-1911","status":"publish","type":"post","link":"https:\/\/sites.cardenalcisneros.es\/ciudadarte\/index.php\/2018\/05\/18\/lugo-benito-chias-y-carbo-1911\/","title":{"rendered":"LUGO (Benito Chias y Carb\u00f3, 1911)"},"content":{"rendered":"<p><a href=\"https:\/\/www.alamy.es\/imagenes\/corograficas.html\" target=\"_blank\" rel=\"noopener\"><img decoding=\"async\" loading=\"lazy\" class=\"wp-image-7880 aligncenter\" src=\"http:\/\/sites.cardenalcisneros.es\/ciudadarte\/wp-content\/uploads\/2018\/05\/GeocampusCabreraLucia-1024x759.jpg\" alt=\"\" width=\"646\" height=\"479\" \/><\/a><br \/>\n<span style=\"color: #000000;\">Esta es una carta corogr\u00e1fica de la ciudad de Lugo de principios del siglo XX, realizada por el ingeniero militar Benito Chias y Carb\u00f3, autor de numerosos mapas que forman la <em>Colecci\u00f3n de cartas corogr\u00e1ficas de las provincias y capitales de Espa\u00f1a<\/em>, y otras obras como el <em>Atlas geogr\u00e1fico pedag\u00f3gico de Espa\u00f1a<\/em>. Sus mapas m\u00e1s conocidos est\u00e1n incluidos en la <em>Espa\u00f1a regional <\/em>\u00a0e ilustran los textos descriptivos de Ceferino Rocafort y Casimiro Dalmau, en una obra publicada en Barcelona por la editorial Alberto Martin. a principios del siglo XX.<\/span><br \/>\n<span style=\"color: #000000;\">El casco antiguo amurallado de Lugo est\u00e1 situado al Noroeste de Espa\u00f1a, sobre una colina de 450 metro de altitud y casi por completo rodeado por el r\u00edo Mi\u00f1o y los r\u00edos secundarios Chanca y Rato. Su paisaje rural est\u00e1 muy marcado por el Mi\u00f1o, de hecho forma parte de la Reserva de la Biosfera \u201cTerras do Mi\u00f1o\u201d, en reconocimiento a la conservaci\u00f3n de los paisajes y h\u00e1bitats fluviales.\u00a0El clima es Oce\u00e1nico templado, con pocas precipitaciones en verano y con precipitaciones abundantes el resto del a\u00f1o (1000 mm anuales), con una temperatura media anual de 11\u00b0C.\u00a0<\/span><br \/>\n<span style=\"color: #000000;\">La teor\u00eda m\u00e1s extendida sobre el origen de Lugo es la que defiende la existencia de un castro prerromano, o bien, que hubiese un lugar sagrado dedicado a la divinidad nativa de Luc y, luego, este lugar fuese reconvertido en asentamiento militar romano hasta que el legado de Augusto, Paulo Fabio M\u00e1ximo la fundara como ciudad de Lucus Augusti al final del cambio de era. Pas\u00f3 a ser por su situaci\u00f3n una ciudad importante dentro del n\u00facleo de comunicaciones romanas y capital de la Gallaecia norte.<\/span><br \/>\n<span style=\"color: #000000;\">La famosa muralla romana se levanta entre el 265 y 325 d. C. ante la amenaza de las tribus b\u00e1rbaras. En el a\u00f1o 459 es conquistada por los suevos y en la Alta Edad Media los musulmanes la conquistaron y dominaron, entre el 714 y 755. En ese \u00faltimo a\u00f1o fue reconquistada por Alfonso I de Asturias, y con \u00e9l comenz\u00f3 la repoblaci\u00f3n y el se\u00f1or\u00edo episcopal sobre la ciudad. El clero pas\u00f3 a ser el grupo social dominante y el Obispo ejerci\u00f3 el poder territorial y espiritual, lo que origin\u00f3 a lo largo de los siglos conflictos entre el cabildo y la nobleza y tambi\u00e9n con la burgues\u00eda. Entre los siglos XVI y XVIII, las transformaciones que la modernidad trae a Europa no se manifiestan en la ciudad. Urban\u00edsticamente esta crece intramuros, gana terreno la actual plaza mayor, lugar donde se celebraba el mercado, y se extienden las zonas de los conventos de Santo Domingo y San Francisco. S\u00f3lo en la segunda mitad del XVIII se realizan importantes obras impulsadas por los Obispos, como la tra\u00edda de agua a la ciudad aprovechando el acueducto romano. <\/span><br \/>\n<span style=\"color: #000000;\">Durante la Guerra de la Independencia, la ciudad fue ocupada por los franceses, que saquearon el tesoro catedralicio, lo que afecto seriamente a la econom\u00eda eclesi\u00e1stica.\u00a0A principios del siglo XIX Luego segu\u00eda siendo una ciudad eminentemente eclesi\u00e1stica, con un recinto urbano de gran irregularidad, en el que se aprecia la importancia de los edificios eclesi\u00e1sticos y las zonas verdes, que ocupaban m\u00e1s del 50% del recinto amurallado, y otras dedicadas a la explotaci\u00f3n agr\u00edcola (32 Has.). Entre ellas se abren caminos de carros (carriles), con calles tortuosas y estrechas de aspecto y ascendencia medieval, con algunas casonas se\u00f1oriales, todo ello constre\u00f1ido por la muralla, que mantiene casi intactos sus cubos y donde se abren cinco puertas al exterior. <\/span><br \/>\n<span style=\"color: #000000;\">Lugo sufre una gran transformaci\u00f3n urban\u00edstica en el segundo y \u00faltimo tercio del siglo XIX. Los cambios son propiciados por la implantaci\u00f3n del sistema liberal, que trajo consigo las leyes de desamortizaci\u00f3n y, como consecuencia, la enajenaci\u00f3n de los conventos y huertas conventuales por parte del estado. Estos espacios pasaron a ser ocupados por edificios administrativos, hecho potenciado por la designaci\u00f3n de Lugo como capital de provincia en 1833, lo que permiti\u00f3 un crecimiento de la ciudad en torno a los nuevos edificios y la construcci\u00f3n de plazas y ejes varios. De todas formas, la ciudad se desarroll\u00f3 principalmente intramuros, debido a la gran disposici\u00f3n de espacios sin edificar.<\/span><br \/>\n<span style=\"color: #000000;\">En la imagen escogida, de principios del siglo XX ,ya aparecen calles amplias de trazado rectil\u00edneo (Bola\u00f1o, Ribadeneira, Nueva, Ria\u00f1o, San Marcos\u2026), y plazas con entidad propia (Santo Domingo, Mayor y Ferrol), que conforman los espacios urbanos mejor dibujados de Lugo. Los espacios verdes se recortan pero aun siguen ocupando un 30% del casco urbano. La muralla se perfora con cuatro nuevas puertas que pretenden comunicar el casco hist\u00f3rico con la proyecci\u00f3n exterior de la ciudad.\u00a0<\/span><br \/>\n<span style=\"color: #000000;\">Los terrenos aleda\u00f1os a los conventos, los compran al estado miembros de la burgues\u00eda Lucense, que edifican casas con tendencias gallegas de la \u00e9poca, de tres plantas con vanos balcones y galer\u00edas. En 1894 se instala el alumbrado p\u00fablico y se embellece Lugo con la construcci\u00f3n de jardines en sus principales plazas. El tr\u00e1nsito hacia un nuevo esquema social de dominio burgu\u00e9s se ve reflejado en el incremento de la poblaci\u00f3n de Lugo, que pasa de unos 8.000 hab. en 1857 a 10.700 hab. en 1900. Entre sus vecinos cuenta ya con miembros de la aristocracia rural que se instalan en la ciudad para controlar mejor sus redes clientelas, al estar pr\u00f3ximos a los centro del poder administrativos. Crece el n\u00famero de funcionarios, profesionales liberales y otros colectivos, la iglesia recupera espacios y efectivos y sigue habiendo agricultores en el entorno urbano e incluso dentro del recinto. Se potencia la comunicaci\u00f3n con el exterior a trav\u00e9s del ferrocarril (eje La Coru\u00f1a- Lugo- Madrid) y carreteras (La Coru\u00f1a- Madrid), aunque Lugo seguir\u00e1 siendo una ciudad provinciana durante d\u00e9cadas.<\/span><br \/>\n<span style=\"color: #000000;\">Los elementos m\u00e1s representativos de la ciudad son la muralla, una fortificaci\u00f3n romana de estilo \u201clegionario hisp\u00e1nico\u201d con un per\u00edmetro de 2.140 metros, conserva 72 de los 85 cubos semicirculares primitivos; es la \u00fanica muralla romana del mundo que conserva todo su per\u00edmetro original, y por eso fue declarada Patrimonio de la Humanidad en el 2000. En segundo lugar, la\u00a0Catedral de Santa Mar\u00eda, de planta de cruz latina con tres naves, crucero y girola; su construcci\u00f3n dur\u00f3 m\u00e1s de un siglo, motivo por lo que es una mezcla de estilos rom\u00e1nico, g\u00f3tico, barroco, renacentista y neocl\u00e1sico, por lo que tambi\u00e9n fue incluida en la lista del patrimonio mundial en 2015. Adem\u00e1s destacan la Iglesia y Convento de los Franciscanos, construido en el siglo XIII en estilo g\u00f3tico, con un excepcional claustro; es el monumento religioso m\u00e1s importante de la ciudad despu\u00e9s de la catedral, y fue declarado Monumento Hist\u00f3rico Art\u00edstico en 1931.\u00a0<\/span><br \/>\n<span style=\"color: #000000;\">En la \u00e9poca de la imagen, a principios del siglo XIX, la ganader\u00eda y la agricultura en la provincia de Lugo ten\u00edan car\u00e1cter de subsistencia familiar. La estructura de las explotaciones y parcelas no invitaban a un proceso de modernizaci\u00f3n agraria, ya que esto supondr\u00eda una expulsi\u00f3n de la mano de obra de campo que el sector industrial poco desarrollado no ser\u00eda capaz de absorber. Fue con la llegada del ferrocarril y la celebraci\u00f3n de las ferias de ganado de San Froil\u00e1n, lo que condujo a Lugo a ser el principal centro de comercio de ganado vacuno peninsular.\u00a0<\/span><br \/>\nLuc\u00eda Cabrera D\u00edez<br \/>\n&nbsp;<\/p>\n","protected":false},"excerpt":{"rendered":"<p>Esta es una carta corogr\u00e1fica de la ciudad de Lugo de principios del siglo XX, realizada por el ingeniero militar Benito Chias y Carb\u00f3, autor de numerosos mapas que forman la Colecci\u00f3n de cartas corogr\u00e1ficas de las provincias y capitales de Espa\u00f1a, y otras obras como el Atlas geogr\u00e1fico pedag\u00f3gico de Espa\u00f1a. Sus mapas m\u00e1s [&hellip;]<\/p>\n","protected":false},"author":300,"featured_media":0,"comment_status":"open","ping_status":"open","sticky":false,"template":"","format":"standard","meta":[],"categories":[1],"tags":[125],"yoast_head":"<!-- This site is optimized with the Yoast SEO plugin v20.7 - https:\/\/yoast.com\/wordpress\/plugins\/seo\/ -->\n<title>LUGO (Benito Chias y Carb\u00f3, 1911) - La Ciudad en el Arte<\/title>\n<meta name=\"robots\" content=\"index, follow, max-snippet:-1, max-image-preview:large, max-video-preview:-1\" \/>\n<link rel=\"canonical\" href=\"https:\/\/sites.cardenalcisneros.es\/ciudadarte\/index.php\/2018\/05\/18\/lugo-benito-chias-y-carbo-1911\/\" \/>\n<meta property=\"og:locale\" content=\"es_ES\" \/>\n<meta property=\"og:type\" content=\"article\" \/>\n<meta property=\"og:title\" content=\"LUGO (Benito Chias y Carb\u00f3, 1911) - La Ciudad en el Arte\" \/>\n<meta property=\"og:description\" content=\"Esta es una carta corogr\u00e1fica de la ciudad de Lugo de principios del siglo XX, realizada por el ingeniero militar Benito Chias y Carb\u00f3, autor de numerosos mapas que forman la Colecci\u00f3n de cartas corogr\u00e1ficas de las provincias y capitales de Espa\u00f1a, y otras obras como el Atlas geogr\u00e1fico pedag\u00f3gico de Espa\u00f1a. Sus mapas m\u00e1s [&hellip;]\" \/>\n<meta property=\"og:url\" content=\"https:\/\/sites.cardenalcisneros.es\/ciudadarte\/index.php\/2018\/05\/18\/lugo-benito-chias-y-carbo-1911\/\" \/>\n<meta property=\"og:site_name\" content=\"La Ciudad en el Arte\" \/>\n<meta property=\"article:published_time\" content=\"2018-05-18T13:58:16+00:00\" \/>\n<meta property=\"og:image\" content=\"http:\/\/sites.cardenalcisneros.es\/ciudadarte\/wp-content\/uploads\/2018\/05\/GeocampusCabreraLucia-1024x759.jpg\" \/>\n<meta name=\"author\" content=\"Luc\u00eda Cabrera D\u00edez\" \/>\n<meta name=\"twitter:card\" content=\"summary_large_image\" \/>\n<meta name=\"twitter:label1\" content=\"Escrito por\" \/>\n\t<meta name=\"twitter:data1\" content=\"Luc\u00eda Cabrera D\u00edez\" \/>\n\t<meta name=\"twitter:label2\" content=\"Tiempo de lectura\" \/>\n\t<meta name=\"twitter:data2\" content=\"6 minutos\" \/>\n<script type=\"application\/ld+json\" class=\"yoast-schema-graph\">{\"@context\":\"https:\/\/schema.org\",\"@graph\":[{\"@type\":\"WebPage\",\"@id\":\"https:\/\/sites.cardenalcisneros.es\/ciudadarte\/index.php\/2018\/05\/18\/lugo-benito-chias-y-carbo-1911\/\",\"url\":\"https:\/\/sites.cardenalcisneros.es\/ciudadarte\/index.php\/2018\/05\/18\/lugo-benito-chias-y-carbo-1911\/\",\"name\":\"LUGO (Benito Chias y Carb\u00f3, 1911) - La Ciudad en el Arte\",\"isPartOf\":{\"@id\":\"https:\/\/sites.cardenalcisneros.es\/ciudadarte\/#website\"},\"datePublished\":\"2018-05-18T13:58:16+00:00\",\"dateModified\":\"2018-05-18T13:58:16+00:00\",\"author\":{\"@id\":\"https:\/\/sites.cardenalcisneros.es\/ciudadarte\/#\/schema\/person\/1af0d181e09eddd17ca3c4f8dd8f44e9\"},\"breadcrumb\":{\"@id\":\"https:\/\/sites.cardenalcisneros.es\/ciudadarte\/index.php\/2018\/05\/18\/lugo-benito-chias-y-carbo-1911\/#breadcrumb\"},\"inLanguage\":\"es\",\"potentialAction\":[{\"@type\":\"ReadAction\",\"target\":[\"https:\/\/sites.cardenalcisneros.es\/ciudadarte\/index.php\/2018\/05\/18\/lugo-benito-chias-y-carbo-1911\/\"]}]},{\"@type\":\"BreadcrumbList\",\"@id\":\"https:\/\/sites.cardenalcisneros.es\/ciudadarte\/index.php\/2018\/05\/18\/lugo-benito-chias-y-carbo-1911\/#breadcrumb\",\"itemListElement\":[{\"@type\":\"ListItem\",\"position\":1,\"name\":\"Portada\",\"item\":\"https:\/\/sites.cardenalcisneros.es\/ciudadarte\/\"},{\"@type\":\"ListItem\",\"position\":2,\"name\":\"LUGO (Benito Chias y Carb\u00f3, 1911)\"}]},{\"@type\":\"WebSite\",\"@id\":\"https:\/\/sites.cardenalcisneros.es\/ciudadarte\/#website\",\"url\":\"https:\/\/sites.cardenalcisneros.es\/ciudadarte\/\",\"name\":\"La Ciudad en el Arte\",\"description\":\"Un blog colaborativo sobre Geograf\u00eda, Urbanismo, Historia y Arte\",\"potentialAction\":[{\"@type\":\"SearchAction\",\"target\":{\"@type\":\"EntryPoint\",\"urlTemplate\":\"https:\/\/sites.cardenalcisneros.es\/ciudadarte\/?s={search_term_string}\"},\"query-input\":\"required name=search_term_string\"}],\"inLanguage\":\"es\"},{\"@type\":\"Person\",\"@id\":\"https:\/\/sites.cardenalcisneros.es\/ciudadarte\/#\/schema\/person\/1af0d181e09eddd17ca3c4f8dd8f44e9\",\"name\":\"Luc\u00eda Cabrera D\u00edez\",\"image\":{\"@type\":\"ImageObject\",\"inLanguage\":\"es\",\"@id\":\"https:\/\/sites.cardenalcisneros.es\/ciudadarte\/#\/schema\/person\/image\/\",\"url\":\"https:\/\/secure.gravatar.com\/avatar\/88d82cf00c78fc20eddad216f487b646?s=96&d=mm&r=g\",\"contentUrl\":\"https:\/\/secure.gravatar.com\/avatar\/88d82cf00c78fc20eddad216f487b646?s=96&d=mm&r=g\",\"caption\":\"Luc\u00eda Cabrera D\u00edez\"},\"url\":\"https:\/\/sites.cardenalcisneros.es\/ciudadarte\/index.php\/author\/05950207\/\"}]}<\/script>\n<!-- \/ Yoast SEO plugin. -->","yoast_head_json":{"title":"LUGO (Benito Chias y Carb\u00f3, 1911) - La Ciudad en el Arte","robots":{"index":"index","follow":"follow","max-snippet":"max-snippet:-1","max-image-preview":"max-image-preview:large","max-video-preview":"max-video-preview:-1"},"canonical":"https:\/\/sites.cardenalcisneros.es\/ciudadarte\/index.php\/2018\/05\/18\/lugo-benito-chias-y-carbo-1911\/","og_locale":"es_ES","og_type":"article","og_title":"LUGO (Benito Chias y Carb\u00f3, 1911) - La Ciudad en el Arte","og_description":"Esta es una carta corogr\u00e1fica de la ciudad de Lugo de principios del siglo XX, realizada por el ingeniero militar Benito Chias y Carb\u00f3, autor de numerosos mapas que forman la Colecci\u00f3n de cartas corogr\u00e1ficas de las provincias y capitales de Espa\u00f1a, y otras obras como el Atlas geogr\u00e1fico pedag\u00f3gico de Espa\u00f1a. Sus mapas m\u00e1s [&hellip;]","og_url":"https:\/\/sites.cardenalcisneros.es\/ciudadarte\/index.php\/2018\/05\/18\/lugo-benito-chias-y-carbo-1911\/","og_site_name":"La Ciudad en el Arte","article_published_time":"2018-05-18T13:58:16+00:00","og_image":[{"url":"http:\/\/sites.cardenalcisneros.es\/ciudadarte\/wp-content\/uploads\/2018\/05\/GeocampusCabreraLucia-1024x759.jpg"}],"author":"Luc\u00eda Cabrera D\u00edez","twitter_card":"summary_large_image","twitter_misc":{"Escrito por":"Luc\u00eda Cabrera D\u00edez","Tiempo de lectura":"6 minutos"},"schema":{"@context":"https:\/\/schema.org","@graph":[{"@type":"WebPage","@id":"https:\/\/sites.cardenalcisneros.es\/ciudadarte\/index.php\/2018\/05\/18\/lugo-benito-chias-y-carbo-1911\/","url":"https:\/\/sites.cardenalcisneros.es\/ciudadarte\/index.php\/2018\/05\/18\/lugo-benito-chias-y-carbo-1911\/","name":"LUGO (Benito Chias y Carb\u00f3, 1911) - La Ciudad en el Arte","isPartOf":{"@id":"https:\/\/sites.cardenalcisneros.es\/ciudadarte\/#website"},"datePublished":"2018-05-18T13:58:16+00:00","dateModified":"2018-05-18T13:58:16+00:00","author":{"@id":"https:\/\/sites.cardenalcisneros.es\/ciudadarte\/#\/schema\/person\/1af0d181e09eddd17ca3c4f8dd8f44e9"},"breadcrumb":{"@id":"https:\/\/sites.cardenalcisneros.es\/ciudadarte\/index.php\/2018\/05\/18\/lugo-benito-chias-y-carbo-1911\/#breadcrumb"},"inLanguage":"es","potentialAction":[{"@type":"ReadAction","target":["https:\/\/sites.cardenalcisneros.es\/ciudadarte\/index.php\/2018\/05\/18\/lugo-benito-chias-y-carbo-1911\/"]}]},{"@type":"BreadcrumbList","@id":"https:\/\/sites.cardenalcisneros.es\/ciudadarte\/index.php\/2018\/05\/18\/lugo-benito-chias-y-carbo-1911\/#breadcrumb","itemListElement":[{"@type":"ListItem","position":1,"name":"Portada","item":"https:\/\/sites.cardenalcisneros.es\/ciudadarte\/"},{"@type":"ListItem","position":2,"name":"LUGO (Benito Chias y Carb\u00f3, 1911)"}]},{"@type":"WebSite","@id":"https:\/\/sites.cardenalcisneros.es\/ciudadarte\/#website","url":"https:\/\/sites.cardenalcisneros.es\/ciudadarte\/","name":"La Ciudad en el Arte","description":"Un blog colaborativo sobre Geograf\u00eda, Urbanismo, Historia y Arte","potentialAction":[{"@type":"SearchAction","target":{"@type":"EntryPoint","urlTemplate":"https:\/\/sites.cardenalcisneros.es\/ciudadarte\/?s={search_term_string}"},"query-input":"required name=search_term_string"}],"inLanguage":"es"},{"@type":"Person","@id":"https:\/\/sites.cardenalcisneros.es\/ciudadarte\/#\/schema\/person\/1af0d181e09eddd17ca3c4f8dd8f44e9","name":"Luc\u00eda Cabrera D\u00edez","image":{"@type":"ImageObject","inLanguage":"es","@id":"https:\/\/sites.cardenalcisneros.es\/ciudadarte\/#\/schema\/person\/image\/","url":"https:\/\/secure.gravatar.com\/avatar\/88d82cf00c78fc20eddad216f487b646?s=96&d=mm&r=g","contentUrl":"https:\/\/secure.gravatar.com\/avatar\/88d82cf00c78fc20eddad216f487b646?s=96&d=mm&r=g","caption":"Luc\u00eda Cabrera D\u00edez"},"url":"https:\/\/sites.cardenalcisneros.es\/ciudadarte\/index.php\/author\/05950207\/"}]}},"_links":{"self":[{"href":"https:\/\/sites.cardenalcisneros.es\/ciudadarte\/index.php\/wp-json\/wp\/v2\/posts\/7876"}],"collection":[{"href":"https:\/\/sites.cardenalcisneros.es\/ciudadarte\/index.php\/wp-json\/wp\/v2\/posts"}],"about":[{"href":"https:\/\/sites.cardenalcisneros.es\/ciudadarte\/index.php\/wp-json\/wp\/v2\/types\/post"}],"author":[{"embeddable":true,"href":"https:\/\/sites.cardenalcisneros.es\/ciudadarte\/index.php\/wp-json\/wp\/v2\/users\/300"}],"replies":[{"embeddable":true,"href":"https:\/\/sites.cardenalcisneros.es\/ciudadarte\/index.php\/wp-json\/wp\/v2\/comments?post=7876"}],"version-history":[{"count":0,"href":"https:\/\/sites.cardenalcisneros.es\/ciudadarte\/index.php\/wp-json\/wp\/v2\/posts\/7876\/revisions"}],"wp:attachment":[{"href":"https:\/\/sites.cardenalcisneros.es\/ciudadarte\/index.php\/wp-json\/wp\/v2\/media?parent=7876"}],"wp:term":[{"taxonomy":"category","embeddable":true,"href":"https:\/\/sites.cardenalcisneros.es\/ciudadarte\/index.php\/wp-json\/wp\/v2\/categories?post=7876"},{"taxonomy":"post_tag","embeddable":true,"href":"https:\/\/sites.cardenalcisneros.es\/ciudadarte\/index.php\/wp-json\/wp\/v2\/tags?post=7876"}],"curies":[{"name":"wp","href":"https:\/\/api.w.org\/{rel}","templated":true}]}}