{"id":7450,"date":"2017-05-26T08:04:49","date_gmt":"2017-05-26T08:04:49","guid":{"rendered":"http:\/\/sites.cardenalcisneros.es\/ciudadarte\/?p=7450"},"modified":"2017-05-26T08:04:49","modified_gmt":"2017-05-26T08:04:49","slug":"tournai-van-deventer-1588","status":"publish","type":"post","link":"https:\/\/sites.cardenalcisneros.es\/ciudadarte\/index.php\/2017\/05\/26\/tournai-van-deventer-1588\/","title":{"rendered":"TOURNAI (Jakob van Deventer, 1588)"},"content":{"rendered":"<p style=\"text-align: justify;\"><span style=\"color: #000000;\"><img decoding=\"async\" loading=\"lazy\" alt=\"Tournai.jpg\" src=\"https:\/\/lh3.googleusercontent.com\/0ztsYftucdJmmZJhbdWfaGFHCofdCpoV-K_RymIztjVhCYAbmM_1Ji2dfWvH3mZ0OinX7LqZuJk_-PGQBBeDhqB1110gbqc_w60OlBZ_prijKkYRy-MpV6QKzhXx-afdWZsqPzjE\" width=\"621\" height=\"348\" \/><\/span><\/p>\n<p style=\"text-align: justify;\"><span style=\"text-align: justify; color: #000000;\">Este mapa fue realizado por el cart\u00f3grafo holand\u00e9s del renacimiento Jakob van Deventer (1500\/1505, Kampen &#8211; 1575, Colonia). Fue conocido por cartografiar todos los pueblos y ciudades holandesas de su tiempo. Este mapa fue publicado en 1588 en la IV edici\u00f3n de Civitatis Orbis Terrarum, proyecto editorial creado por Frans Hogenberg (1535, Mechelen &#8211; 1590, Keulen) y Georg Braun (1541, Keulen &#8211; 1622, Keulen). Estos atlas contaron con varios grabadores, ilustradores y cart\u00f3grafos; ten\u00edan adem\u00e1s textos en lat\u00edn que acompa\u00f1aban a las im\u00e1genes y hac\u00edan una descripci\u00f3n de la historia, geograf\u00eda y aspectos sociales y econ\u00f3micos de la ciudad.<\/span><\/p>\n<p dir=\"ltr\" style=\"text-align: justify;\"><span style=\"color: #000000;\">Tournai, conocida como la ciudad de los cinco campanarios, est\u00e1 situada en la regi\u00f3n valona de B\u00e9lgica, concretamente en la provincia de Hainut. Alrededor del s.I a.C fue una ciudad galo-romana o franca. Con el nombramiento del obispo Eleuterio (456 &#8211; 532) para representar a Clodoveo I (466 Tournai &#8211; 511 Par\u00eds) \u00a0en Tournai, comenzar\u00e1 un gobierno de obispos que llevaron a cabo los poderes civiles y religiosos durante varios siglos. Con los privilegios obtenidos, la ciudad se libera tras luchas de sus ciudadanos del poder religioso y pasa a pertenecer a la corona de Francia a partir del 1187. Desde el siglo XV formaba parte de las Diecisiete Provincias, una uni\u00f3n de estados feudales \u00a0que formaban los Pa\u00edses Bajos borgo\u00f1ones, unidos entre el siglo XIV y XV y con autonom\u00eda de estado. Alrededor del s. XII hasta el XV se puede denominar como el periodo de la edad de oro por su crecimiento de la poblaci\u00f3n, el comercio tan pr\u00f3spero y por la construcci\u00f3n de nuevas edificaciones. \u00a0Tras la Guerra de los ochenta a\u00f1os (1568 &#8211; 1648) se dividieron las provincias y los Pa\u00edses Bajos del sur fueron gobernados sucesivamente por los Hasburgo espa\u00f1oles y austriacos. Tuvo un papel hist\u00f3rico, econ\u00f3mico y cultural importante en el Condado de Flandes durante la Edad Media. Actualmente es sede episcopal.<\/span><\/p>\n<p dir=\"ltr\" style=\"text-align: justify;\"><span style=\"color: #000000;\">En la Edad Media fue un centro de objetos de cobre y producci\u00f3n de pa\u00f1os y tapices; hacia el siglo XVII fue conocida por el trabajo de las alfombras. Todo esto se debe a la localizaci\u00f3n de la ciudad a los lados del r\u00edo Escalda. Tambi\u00e9n hubo una famosa escuela de escultura. Entre sus ilustres figuras encontramos al pintor primitivo flamenco Rogier van der Weyden (1399 &#8211; 1464). Actualmente, gracias a la caliza existente y a su explotaci\u00f3n, tiene una industria del cemento muy fuerte, ya que por el curso del r\u00edo es un lugar propicio para el comercio, factor determinante en la econom\u00eda de Tournai.<\/span><\/p>\n<p dir=\"ltr\" style=\"text-align: justify;\"><span style=\"color: #000000;\">Tournai se sit\u00faa en una falla anticlinal (dividida por el valle del r\u00edo Escalda) orientada de este a oeste y fallas de desgarre dextral. La zona de llanura se encuentra en el norte y la meseta en el sur. No destaca por su vegetaci\u00f3n aunque hay algunos tipos de entorno natural en la ciudad de Tournai como parques, terrenos bald\u00edos, zonas h\u00famedas como marismas, las antiguas canteras como la de Oriente y alguna zona boscosa. Tournai goza de un clima templado oce\u00e1nico: peque\u00f1as variaciones de temperatura estacionales y lluvias moderadas durante todo el a\u00f1o.<\/span><\/p>\n<p dir=\"ltr\" style=\"text-align: justify;\"><span style=\"color: #000000;\">La imagen nos muestra el plano de la ciudad preindustrial amurallada, con una morfolog\u00eda urbana medieval del siglo XII y calles irregulares que se extienden en paralelo a los dos lados del r\u00edo Escalda (Escault en franc\u00e9s). Se puede ver un anillo interior fortificado y urbanizado que pertenece al origen de la ciudad galo-romano. La Gran Plaza era por tanto la antigua necr\u00f3polis durante este periodo, lo que significa que se encontraba a las afueras de la ciudad, junto con las parcelas vegetales irregulares (situadas en la parte oeste de la ciudad) que podemos ver alrededor de la segunda fortificaci\u00f3n. Su fortificaci\u00f3n posterior se llevar\u00eda a cabo durante el siglo XII y se puede apreciar la muralla exterior situada dentro de un foso con agua. Dentro de esa segunda fortificaci\u00f3n, \u00a0en la parte izquierda del mapa, podemos ver que las edificaciones se estructuran en torno a la plaza, Beffroi y la catedral de Notre-Dame; en la parte derecha se estructuran a partir de la iglesia de Saint-Brice, como ocurr\u00eda en la primera fortificaci\u00f3n.<\/span><\/p>\n<p dir=\"ltr\" style=\"text-align: justify;\"><span style=\"color: #000000;\">Los elementos m\u00e1s representativos de la ciudad son:<\/span><\/p>\n<p dir=\"ltr\" style=\"text-align: justify;\"><span style=\"color: #000000;\">Beffroi, campanario de Tournai, fue constru\u00eddo a partir 1188 -por lo que es el campanario m\u00e1s antiguo de B\u00e9lgica- cuando se permiti\u00f3 a los burgueses tener una campana. Sirvi\u00f3 como torre de vigilancia, prisi\u00f3n, ayuntamiento y torre de alarma. Tiene cuatro torres, 74m de alto y un carill\u00f3n de 43 campanas.<\/span><\/p>\n<p dir=\"ltr\" style=\"text-align: justify;\"><span style=\"color: #000000;\">Catedral de Nuestra Se\u00f1ora de Tournai (Notre-Dame) se construy\u00f3 en el s. XII sobre la planta de un edificio m\u00e1s antiguo datado del s. V. Combina por tanto tres estilos que se pueden ver en la nave del periodo rom\u00e1nico, el coro g\u00f3tico y el transepto que es de un estilo transitorio entre ambos.<\/span><\/p>\n<p dir=\"ltr\" style=\"text-align: justify;\"><span style=\"color: #000000;\">La plaza, Grand-Place, de planta triangular, est\u00e1 formada actualmente por palacios del siglo XVII y dominada por el campanario. Rodeando la plaza hacia el sur, se ubica la la antigua Casa &#8216;Al Traill\u00e9&#8217;, en la parte oeste de la plaza est\u00e1 la rom\u00e1nica Eglise Saint Quint\u00edn del siglo XIII. En el centro de la plaza se halla la estatua de Cristina de Lalaing, princesa d&#8217;Espinoy.<\/span><\/p>\n<p dir=\"ltr\" style=\"text-align: justify;\"><span style=\"color: #000000;\">Fort Rouge (muralla), debe el nombre a que estaba recubierta de azulejos de ese color. Por las excavaciones de 1998, dicen que la muralla podr\u00eda haberse constru\u00eddo a finales del siglo XII por el tipo de caracter\u00edsticas que tienen sus torres de defensa, levantada sobre construcciones romanas.<\/span><\/p>\n<p dir=\"ltr\" style=\"text-align: justify;\"><span style=\"color: #000000;\">Ponts des trous (puente) s.XIII, es uno de los tres puentes de r\u00edo militares que a\u00fan existe en el mundo y \u00a0de los vestigios m\u00e1s prestigiosos de la arquitectura medieval. El nombre se debe a los tres grandes \u201cagujeros\u201d por los que pod\u00edan pasar las embarcaciones.<\/span><\/p>\n<p>\u00a0Helvia Pasamar<br \/>\n<span style=\"border-radius: 2px; text-indent: 20px; width: auto; padding: 0px 4px 0px 0px; text-align: center; font: bold 11px\/20px 'Helvetica Neue',Helvetica,sans-serif; color: #ffffff; background: #bd081c url('data:image\/svg+xml;base64,PHN2ZyB4bWxucz0iaHR0cDovL3d3dy53My5vcmcvMjAwMC9zdmciIGhlaWdodD0iMzBweCIgd2lkdGg9IjMwcHgiIHZpZXdCb3g9Ii0xIC0xIDMxIDMxIj48Zz48cGF0aCBkPSJNMjkuNDQ5LDE0LjY2MiBDMjkuNDQ5LDIyLjcyMiAyMi44NjgsMjkuMjU2IDE0Ljc1LDI5LjI1NiBDNi42MzIsMjkuMjU2IDAuMDUxLDIyLjcyMiAwLjA1MSwxNC42NjIgQzAuMDUxLDYuNjAxIDYuNjMyLDAuMDY3IDE0Ljc1LDAuMDY3IEMyMi44NjgsMC4wNjcgMjkuNDQ5LDYuNjAxIDI5LjQ0OSwxNC42NjIiIGZpbGw9IiNmZmYiIHN0cm9rZT0iI2ZmZiIgc3Ryb2tlLXdpZHRoPSIxIj48L3BhdGg+PHBhdGggZD0iTTE0LjczMywxLjY4NiBDNy41MTYsMS42ODYgMS42NjUsNy40OTUgMS42NjUsMTQuNjYyIEMxLjY2NSwyMC4xNTkgNS4xMDksMjQuODU0IDkuOTcsMjYuNzQ0IEM5Ljg1NiwyNS43MTggOS43NTMsMjQuMTQzIDEwLjAxNiwyMy4wMjIgQzEwLjI1MywyMi4wMSAxMS41NDgsMTYuNTcyIDExLjU0OCwxNi41NzIgQzExLjU0OCwxNi41NzIgMTEuMTU3LDE1Ljc5NSAxMS4xNTcsMTQuNjQ2IEMxMS4xNTcsMTIuODQyIDEyLjIxMSwxMS40OTUgMTMuNTIyLDExLjQ5NSBDMTQuNjM3LDExLjQ5NSAxNS4xNzUsMTIuMzI2IDE1LjE3NSwxMy4zMjMgQzE1LjE3NSwxNC40MzYgMTQuNDYyLDE2LjEgMTQuMDkzLDE3LjY0MyBDMTMuNzg1LDE4LjkzNSAxNC43NDUsMTkuOTg4IDE2LjAyOCwxOS45ODggQzE4LjM1MSwxOS45ODggMjAuMTM2LDE3LjU1NiAyMC4xMzYsMTQuMDQ2IEMyMC4xMzYsMTAuOTM5IDE3Ljg4OCw4Ljc2NyAxNC42NzgsOC43NjcgQzEwLjk1OSw4Ljc2NyA4Ljc3NywxMS41MzYgOC43NzcsMTQuMzk4IEM4Ljc3NywxNS41MTMgOS4yMSwxNi43MDkgOS43NDksMTcuMzU5IEM5Ljg1NiwxNy40ODggOS44NzIsMTcuNiA5Ljg0LDE3LjczMSBDOS43NDEsMTguMTQxIDkuNTIsMTkuMDIzIDkuNDc3LDE5LjIwMyBDOS40MiwxOS40NCA5LjI4OCwxOS40OTEgOS4wNCwxOS4zNzYgQzcuNDA4LDE4LjYyMiA2LjM4NywxNi4yNTIgNi4zODcsMTQuMzQ5IEM2LjM4NywxMC4yNTYgOS4zODMsNi40OTcgMTUuMDIyLDYuNDk3IEMxOS41NTUsNi40OTcgMjMuMDc4LDkuNzA1IDIzLjA3OCwxMy45OTEgQzIzLjA3OCwxOC40NjMgMjAuMjM5LDIyLjA2MiAxNi4yOTcsMjIuMDYyIEMxNC45NzMsMjIuMDYyIDEzLjcyOCwyMS4zNzkgMTMuMzAyLDIwLjU3MiBDMTMuMzAyLDIwLjU3MiAxMi42NDcsMjMuMDUgMTIuNDg4LDIzLjY1NyBDMTIuMTkzLDI0Ljc4NCAxMS4zOTYsMjYuMTk2IDEwLjg2MywyNy4wNTggQzEyLjA4NiwyNy40MzQgMTMuMzg2LDI3LjYzNyAxNC43MzMsMjcuNjM3IEMyMS45NSwyNy42MzcgMjcuODAxLDIxLjgyOCAyNy44MDEsMTQuNjYyIEMyNy44MDEsNy40OTUgMjEuOTUsMS42ODYgMTQuNzMzLDEuNjg2IiBmaWxsPSIjYmQwODFjIj48L3BhdGg+PC9nPjwvc3ZnPg==') no-repeat scroll 3px 50% \/ 14px 14px; position: absolute; opacity: 1; z-index: 8675309; display: none; cursor: pointer; top: 20px; left: 20px;\">Guardar<\/span><br \/>\n<span style=\"border-radius: 2px; text-indent: 20px; width: auto; padding: 0px 4px 0px 0px; text-align: center; font: bold 11px\/20px 'Helvetica Neue',Helvetica,sans-serif; color: #ffffff; background: #bd081c url('data:image\/svg+xml;base64,PHN2ZyB4bWxucz0iaHR0cDovL3d3dy53My5vcmcvMjAwMC9zdmciIGhlaWdodD0iMzBweCIgd2lkdGg9IjMwcHgiIHZpZXdCb3g9Ii0xIC0xIDMxIDMxIj48Zz48cGF0aCBkPSJNMjkuNDQ5LDE0LjY2MiBDMjkuNDQ5LDIyLjcyMiAyMi44NjgsMjkuMjU2IDE0Ljc1LDI5LjI1NiBDNi42MzIsMjkuMjU2IDAuMDUxLDIyLjcyMiAwLjA1MSwxNC42NjIgQzAuMDUxLDYuNjAxIDYuNjMyLDAuMDY3IDE0Ljc1LDAuMDY3IEMyMi44NjgsMC4wNjcgMjkuNDQ5LDYuNjAxIDI5LjQ0OSwxNC42NjIiIGZpbGw9IiNmZmYiIHN0cm9rZT0iI2ZmZiIgc3Ryb2tlLXdpZHRoPSIxIj48L3BhdGg+PHBhdGggZD0iTTE0LjczMywxLjY4NiBDNy41MTYsMS42ODYgMS42NjUsNy40OTUgMS42NjUsMTQuNjYyIEMxLjY2NSwyMC4xNTkgNS4xMDksMjQuODU0IDkuOTcsMjYuNzQ0IEM5Ljg1NiwyNS43MTggOS43NTMsMjQuMTQzIDEwLjAxNiwyMy4wMjIgQzEwLjI1MywyMi4wMSAxMS41NDgsMTYuNTcyIDExLjU0OCwxNi41NzIgQzExLjU0OCwxNi41NzIgMTEuMTU3LDE1Ljc5NSAxMS4xNTcsMTQuNjQ2IEMxMS4xNTcsMTIuODQyIDEyLjIxMSwxMS40OTUgMTMuNTIyLDExLjQ5NSBDMTQuNjM3LDExLjQ5NSAxNS4xNzUsMTIuMzI2IDE1LjE3NSwxMy4zMjMgQzE1LjE3NSwxNC40MzYgMTQuNDYyLDE2LjEgMTQuMDkzLDE3LjY0MyBDMTMuNzg1LDE4LjkzNSAxNC43NDUsMTkuOTg4IDE2LjAyOCwxOS45ODggQzE4LjM1MSwxOS45ODggMjAuMTM2LDE3LjU1NiAyMC4xMzYsMTQuMDQ2IEMyMC4xMzYsMTAuOTM5IDE3Ljg4OCw4Ljc2NyAxNC42NzgsOC43NjcgQzEwLjk1OSw4Ljc2NyA4Ljc3NywxMS41MzYgOC43NzcsMTQuMzk4IEM4Ljc3NywxNS41MTMgOS4yMSwxNi43MDkgOS43NDksMTcuMzU5IEM5Ljg1NiwxNy40ODggOS44NzIsMTcuNiA5Ljg0LDE3LjczMSBDOS43NDEsMTguMTQxIDkuNTIsMTkuMDIzIDkuNDc3LDE5LjIwMyBDOS40MiwxOS40NCA5LjI4OCwxOS40OTEgOS4wNCwxOS4zNzYgQzcuNDA4LDE4LjYyMiA2LjM4NywxNi4yNTIgNi4zODcsMTQuMzQ5IEM2LjM4NywxMC4yNTYgOS4zODMsNi40OTcgMTUuMDIyLDYuNDk3IEMxOS41NTUsNi40OTcgMjMuMDc4LDkuNzA1IDIzLjA3OCwxMy45OTEgQzIzLjA3OCwxOC40NjMgMjAuMjM5LDIyLjA2MiAxNi4yOTcsMjIuMDYyIEMxNC45NzMsMjIuMDYyIDEzLjcyOCwyMS4zNzkgMTMuMzAyLDIwLjU3MiBDMTMuMzAyLDIwLjU3MiAxMi42NDcsMjMuMDUgMTIuNDg4LDIzLjY1NyBDMTIuMTkzLDI0Ljc4NCAxMS4zOTYsMjYuMTk2IDEwLjg2MywyNy4wNTggQzEyLjA4NiwyNy40MzQgMTMuMzg2LDI3LjYzNyAxNC43MzMsMjcuNjM3IEMyMS45NSwyNy42MzcgMjcuODAxLDIxLjgyOCAyNy44MDEsMTQuNjYyIEMyNy44MDEsNy40OTUgMjEuOTUsMS42ODYgMTQuNzMzLDEuNjg2IiBmaWxsPSIjYmQwODFjIj48L3BhdGg+PC9nPjwvc3ZnPg==') no-repeat scroll 3px 50% \/ 14px 14px; position: absolute; opacity: 1; z-index: 8675309; display: none; cursor: pointer; top: 20px; left: 20px;\">Guardar<\/span><br \/>\n<span style=\"border-radius: 2px; text-indent: 20px; width: auto; padding: 0px 4px 0px 0px; text-align: center; font: bold 11px\/20px 'Helvetica Neue',Helvetica,sans-serif; color: #ffffff; background: #bd081c url('data:image\/svg+xml;base64,PHN2ZyB4bWxucz0iaHR0cDovL3d3dy53My5vcmcvMjAwMC9zdmciIGhlaWdodD0iMzBweCIgd2lkdGg9IjMwcHgiIHZpZXdCb3g9Ii0xIC0xIDMxIDMxIj48Zz48cGF0aCBkPSJNMjkuNDQ5LDE0LjY2MiBDMjkuNDQ5LDIyLjcyMiAyMi44NjgsMjkuMjU2IDE0Ljc1LDI5LjI1NiBDNi42MzIsMjkuMjU2IDAuMDUxLDIyLjcyMiAwLjA1MSwxNC42NjIgQzAuMDUxLDYuNjAxIDYuNjMyLDAuMDY3IDE0Ljc1LDAuMDY3IEMyMi44NjgsMC4wNjcgMjkuNDQ5LDYuNjAxIDI5LjQ0OSwxNC42NjIiIGZpbGw9IiNmZmYiIHN0cm9rZT0iI2ZmZiIgc3Ryb2tlLXdpZHRoPSIxIj48L3BhdGg+PHBhdGggZD0iTTE0LjczMywxLjY4NiBDNy41MTYsMS42ODYgMS42NjUsNy40OTUgMS42NjUsMTQuNjYyIEMxLjY2NSwyMC4xNTkgNS4xMDksMjQuODU0IDkuOTcsMjYuNzQ0IEM5Ljg1NiwyNS43MTggOS43NTMsMjQuMTQzIDEwLjAxNiwyMy4wMjIgQzEwLjI1MywyMi4wMSAxMS41NDgsMTYuNTcyIDExLjU0OCwxNi41NzIgQzExLjU0OCwxNi41NzIgMTEuMTU3LDE1Ljc5NSAxMS4xNTcsMTQuNjQ2IEMxMS4xNTcsMTIuODQyIDEyLjIxMSwxMS40OTUgMTMuNTIyLDExLjQ5NSBDMTQuNjM3LDExLjQ5NSAxNS4xNzUsMTIuMzI2IDE1LjE3NSwxMy4zMjMgQzE1LjE3NSwxNC40MzYgMTQuNDYyLDE2LjEgMTQuMDkzLDE3LjY0MyBDMTMuNzg1LDE4LjkzNSAxNC43NDUsMTkuOTg4IDE2LjAyOCwxOS45ODggQzE4LjM1MSwxOS45ODggMjAuMTM2LDE3LjU1NiAyMC4xMzYsMTQuMDQ2IEMyMC4xMzYsMTAuOTM5IDE3Ljg4OCw4Ljc2NyAxNC42NzgsOC43NjcgQzEwLjk1OSw4Ljc2NyA4Ljc3NywxMS41MzYgOC43NzcsMTQuMzk4IEM4Ljc3NywxNS41MTMgOS4yMSwxNi43MDkgOS43NDksMTcuMzU5IEM5Ljg1NiwxNy40ODggOS44NzIsMTcuNiA5Ljg0LDE3LjczMSBDOS43NDEsMTguMTQxIDkuNTIsMTkuMDIzIDkuNDc3LDE5LjIwMyBDOS40MiwxOS40NCA5LjI4OCwxOS40OTEgOS4wNCwxOS4zNzYgQzcuNDA4LDE4LjYyMiA2LjM4NywxNi4yNTIgNi4zODcsMTQuMzQ5IEM2LjM4NywxMC4yNTYgOS4zODMsNi40OTcgMTUuMDIyLDYuNDk3IEMxOS41NTUsNi40OTcgMjMuMDc4LDkuNzA1IDIzLjA3OCwxMy45OTEgQzIzLjA3OCwxOC40NjMgMjAuMjM5LDIyLjA2MiAxNi4yOTcsMjIuMDYyIEMxNC45NzMsMjIuMDYyIDEzLjcyOCwyMS4zNzkgMTMuMzAyLDIwLjU3MiBDMTMuMzAyLDIwLjU3MiAxMi42NDcsMjMuMDUgMTIuNDg4LDIzLjY1NyBDMTIuMTkzLDI0Ljc4NCAxMS4zOTYsMjYuMTk2IDEwLjg2MywyNy4wNTggQzEyLjA4NiwyNy40MzQgMTMuMzg2LDI3LjYzNyAxNC43MzMsMjcuNjM3IEMyMS45NSwyNy42MzcgMjcuODAxLDIxLjgyOCAyNy44MDEsMTQuNjYyIEMyNy44MDEsNy40OTUgMjEuOTUsMS42ODYgMTQuNzMzLDEuNjg2IiBmaWxsPSIjYmQwODFjIj48L3BhdGg+PC9nPjwvc3ZnPg==') no-repeat scroll 3px 50% \/ 14px 14px; position: absolute; opacity: 1; z-index: 8675309; display: none; cursor: pointer;\">Guardar<\/span><\/p>\n","protected":false},"excerpt":{"rendered":"<p>Este mapa fue realizado por el cart\u00f3grafo holand\u00e9s del renacimiento Jakob van Deventer (1500\/1505, Kampen &#8211; 1575, Colonia). Fue conocido por cartografiar todos los pueblos y ciudades holandesas de su tiempo. Este mapa fue publicado en 1588 en la IV edici\u00f3n de Civitatis Orbis Terrarum, proyecto editorial creado por Frans Hogenberg (1535, Mechelen &#8211; 1590, [&hellip;]<\/p>\n","protected":false},"author":282,"featured_media":0,"comment_status":"open","ping_status":"open","sticky":false,"template":"","format":"standard","meta":[],"categories":[1],"tags":[209],"yoast_head":"<!-- This site is optimized with the Yoast SEO plugin v20.7 - https:\/\/yoast.com\/wordpress\/plugins\/seo\/ -->\n<title>TOURNAI (Jakob van Deventer, 1588) - La Ciudad en el Arte<\/title>\n<meta name=\"robots\" content=\"index, follow, max-snippet:-1, max-image-preview:large, max-video-preview:-1\" \/>\n<link rel=\"canonical\" href=\"https:\/\/sites.cardenalcisneros.es\/ciudadarte\/index.php\/2017\/05\/26\/tournai-van-deventer-1588\/\" \/>\n<meta property=\"og:locale\" content=\"es_ES\" \/>\n<meta property=\"og:type\" content=\"article\" \/>\n<meta property=\"og:title\" content=\"TOURNAI (Jakob van Deventer, 1588) - La Ciudad en el Arte\" \/>\n<meta property=\"og:description\" content=\"Este mapa fue realizado por el cart\u00f3grafo holand\u00e9s del renacimiento Jakob van Deventer (1500\/1505, Kampen &#8211; 1575, Colonia). Fue conocido por cartografiar todos los pueblos y ciudades holandesas de su tiempo. Este mapa fue publicado en 1588 en la IV edici\u00f3n de Civitatis Orbis Terrarum, proyecto editorial creado por Frans Hogenberg (1535, Mechelen &#8211; 1590, [&hellip;]\" \/>\n<meta property=\"og:url\" content=\"https:\/\/sites.cardenalcisneros.es\/ciudadarte\/index.php\/2017\/05\/26\/tournai-van-deventer-1588\/\" \/>\n<meta property=\"og:site_name\" content=\"La Ciudad en el Arte\" \/>\n<meta property=\"article:published_time\" content=\"2017-05-26T08:04:49+00:00\" \/>\n<meta property=\"og:image\" content=\"https:\/\/lh3.googleusercontent.com\/0ztsYftucdJmmZJhbdWfaGFHCofdCpoV-K_RymIztjVhCYAbmM_1Ji2dfWvH3mZ0OinX7LqZuJk_-PGQBBeDhqB1110gbqc_w60OlBZ_prijKkYRy-MpV6QKzhXx-afdWZsqPzjE\" \/>\n<meta name=\"author\" content=\"Helvia P.\" \/>\n<meta name=\"twitter:card\" content=\"summary_large_image\" \/>\n<meta name=\"twitter:label1\" content=\"Escrito por\" \/>\n\t<meta name=\"twitter:data1\" content=\"Helvia P.\" \/>\n\t<meta name=\"twitter:label2\" content=\"Tiempo de lectura\" \/>\n\t<meta name=\"twitter:data2\" content=\"5 minutos\" \/>\n<script type=\"application\/ld+json\" class=\"yoast-schema-graph\">{\"@context\":\"https:\/\/schema.org\",\"@graph\":[{\"@type\":\"WebPage\",\"@id\":\"https:\/\/sites.cardenalcisneros.es\/ciudadarte\/index.php\/2017\/05\/26\/tournai-van-deventer-1588\/\",\"url\":\"https:\/\/sites.cardenalcisneros.es\/ciudadarte\/index.php\/2017\/05\/26\/tournai-van-deventer-1588\/\",\"name\":\"TOURNAI (Jakob van Deventer, 1588) - La Ciudad en el Arte\",\"isPartOf\":{\"@id\":\"https:\/\/sites.cardenalcisneros.es\/ciudadarte\/#website\"},\"datePublished\":\"2017-05-26T08:04:49+00:00\",\"dateModified\":\"2017-05-26T08:04:49+00:00\",\"author\":{\"@id\":\"https:\/\/sites.cardenalcisneros.es\/ciudadarte\/#\/schema\/person\/d6c00f684c91253c1b68b6ba1a6c3230\"},\"breadcrumb\":{\"@id\":\"https:\/\/sites.cardenalcisneros.es\/ciudadarte\/index.php\/2017\/05\/26\/tournai-van-deventer-1588\/#breadcrumb\"},\"inLanguage\":\"es\",\"potentialAction\":[{\"@type\":\"ReadAction\",\"target\":[\"https:\/\/sites.cardenalcisneros.es\/ciudadarte\/index.php\/2017\/05\/26\/tournai-van-deventer-1588\/\"]}]},{\"@type\":\"BreadcrumbList\",\"@id\":\"https:\/\/sites.cardenalcisneros.es\/ciudadarte\/index.php\/2017\/05\/26\/tournai-van-deventer-1588\/#breadcrumb\",\"itemListElement\":[{\"@type\":\"ListItem\",\"position\":1,\"name\":\"Portada\",\"item\":\"https:\/\/sites.cardenalcisneros.es\/ciudadarte\/\"},{\"@type\":\"ListItem\",\"position\":2,\"name\":\"TOURNAI (Jakob van Deventer, 1588)\"}]},{\"@type\":\"WebSite\",\"@id\":\"https:\/\/sites.cardenalcisneros.es\/ciudadarte\/#website\",\"url\":\"https:\/\/sites.cardenalcisneros.es\/ciudadarte\/\",\"name\":\"La Ciudad en el Arte\",\"description\":\"Un blog colaborativo sobre Geograf\u00eda, Urbanismo, Historia y Arte\",\"potentialAction\":[{\"@type\":\"SearchAction\",\"target\":{\"@type\":\"EntryPoint\",\"urlTemplate\":\"https:\/\/sites.cardenalcisneros.es\/ciudadarte\/?s={search_term_string}\"},\"query-input\":\"required name=search_term_string\"}],\"inLanguage\":\"es\"},{\"@type\":\"Person\",\"@id\":\"https:\/\/sites.cardenalcisneros.es\/ciudadarte\/#\/schema\/person\/d6c00f684c91253c1b68b6ba1a6c3230\",\"name\":\"Helvia P.\",\"image\":{\"@type\":\"ImageObject\",\"inLanguage\":\"es\",\"@id\":\"https:\/\/sites.cardenalcisneros.es\/ciudadarte\/#\/schema\/person\/image\/\",\"url\":\"https:\/\/secure.gravatar.com\/avatar\/574b0f283984637821125b1216acc497?s=96&d=mm&r=g\",\"contentUrl\":\"https:\/\/secure.gravatar.com\/avatar\/574b0f283984637821125b1216acc497?s=96&d=mm&r=g\",\"caption\":\"Helvia P.\"},\"url\":\"https:\/\/sites.cardenalcisneros.es\/ciudadarte\/index.php\/author\/helvia-p\/\"}]}<\/script>\n<!-- \/ Yoast SEO plugin. -->","yoast_head_json":{"title":"TOURNAI (Jakob van Deventer, 1588) - La Ciudad en el Arte","robots":{"index":"index","follow":"follow","max-snippet":"max-snippet:-1","max-image-preview":"max-image-preview:large","max-video-preview":"max-video-preview:-1"},"canonical":"https:\/\/sites.cardenalcisneros.es\/ciudadarte\/index.php\/2017\/05\/26\/tournai-van-deventer-1588\/","og_locale":"es_ES","og_type":"article","og_title":"TOURNAI (Jakob van Deventer, 1588) - La Ciudad en el Arte","og_description":"Este mapa fue realizado por el cart\u00f3grafo holand\u00e9s del renacimiento Jakob van Deventer (1500\/1505, Kampen &#8211; 1575, Colonia). Fue conocido por cartografiar todos los pueblos y ciudades holandesas de su tiempo. Este mapa fue publicado en 1588 en la IV edici\u00f3n de Civitatis Orbis Terrarum, proyecto editorial creado por Frans Hogenberg (1535, Mechelen &#8211; 1590, [&hellip;]","og_url":"https:\/\/sites.cardenalcisneros.es\/ciudadarte\/index.php\/2017\/05\/26\/tournai-van-deventer-1588\/","og_site_name":"La Ciudad en el Arte","article_published_time":"2017-05-26T08:04:49+00:00","og_image":[{"url":"https:\/\/lh3.googleusercontent.com\/0ztsYftucdJmmZJhbdWfaGFHCofdCpoV-K_RymIztjVhCYAbmM_1Ji2dfWvH3mZ0OinX7LqZuJk_-PGQBBeDhqB1110gbqc_w60OlBZ_prijKkYRy-MpV6QKzhXx-afdWZsqPzjE"}],"author":"Helvia P.","twitter_card":"summary_large_image","twitter_misc":{"Escrito por":"Helvia P.","Tiempo de lectura":"5 minutos"},"schema":{"@context":"https:\/\/schema.org","@graph":[{"@type":"WebPage","@id":"https:\/\/sites.cardenalcisneros.es\/ciudadarte\/index.php\/2017\/05\/26\/tournai-van-deventer-1588\/","url":"https:\/\/sites.cardenalcisneros.es\/ciudadarte\/index.php\/2017\/05\/26\/tournai-van-deventer-1588\/","name":"TOURNAI (Jakob van Deventer, 1588) - La Ciudad en el Arte","isPartOf":{"@id":"https:\/\/sites.cardenalcisneros.es\/ciudadarte\/#website"},"datePublished":"2017-05-26T08:04:49+00:00","dateModified":"2017-05-26T08:04:49+00:00","author":{"@id":"https:\/\/sites.cardenalcisneros.es\/ciudadarte\/#\/schema\/person\/d6c00f684c91253c1b68b6ba1a6c3230"},"breadcrumb":{"@id":"https:\/\/sites.cardenalcisneros.es\/ciudadarte\/index.php\/2017\/05\/26\/tournai-van-deventer-1588\/#breadcrumb"},"inLanguage":"es","potentialAction":[{"@type":"ReadAction","target":["https:\/\/sites.cardenalcisneros.es\/ciudadarte\/index.php\/2017\/05\/26\/tournai-van-deventer-1588\/"]}]},{"@type":"BreadcrumbList","@id":"https:\/\/sites.cardenalcisneros.es\/ciudadarte\/index.php\/2017\/05\/26\/tournai-van-deventer-1588\/#breadcrumb","itemListElement":[{"@type":"ListItem","position":1,"name":"Portada","item":"https:\/\/sites.cardenalcisneros.es\/ciudadarte\/"},{"@type":"ListItem","position":2,"name":"TOURNAI (Jakob van Deventer, 1588)"}]},{"@type":"WebSite","@id":"https:\/\/sites.cardenalcisneros.es\/ciudadarte\/#website","url":"https:\/\/sites.cardenalcisneros.es\/ciudadarte\/","name":"La Ciudad en el Arte","description":"Un blog colaborativo sobre Geograf\u00eda, Urbanismo, Historia y Arte","potentialAction":[{"@type":"SearchAction","target":{"@type":"EntryPoint","urlTemplate":"https:\/\/sites.cardenalcisneros.es\/ciudadarte\/?s={search_term_string}"},"query-input":"required name=search_term_string"}],"inLanguage":"es"},{"@type":"Person","@id":"https:\/\/sites.cardenalcisneros.es\/ciudadarte\/#\/schema\/person\/d6c00f684c91253c1b68b6ba1a6c3230","name":"Helvia P.","image":{"@type":"ImageObject","inLanguage":"es","@id":"https:\/\/sites.cardenalcisneros.es\/ciudadarte\/#\/schema\/person\/image\/","url":"https:\/\/secure.gravatar.com\/avatar\/574b0f283984637821125b1216acc497?s=96&d=mm&r=g","contentUrl":"https:\/\/secure.gravatar.com\/avatar\/574b0f283984637821125b1216acc497?s=96&d=mm&r=g","caption":"Helvia P."},"url":"https:\/\/sites.cardenalcisneros.es\/ciudadarte\/index.php\/author\/helvia-p\/"}]}},"_links":{"self":[{"href":"https:\/\/sites.cardenalcisneros.es\/ciudadarte\/index.php\/wp-json\/wp\/v2\/posts\/7450"}],"collection":[{"href":"https:\/\/sites.cardenalcisneros.es\/ciudadarte\/index.php\/wp-json\/wp\/v2\/posts"}],"about":[{"href":"https:\/\/sites.cardenalcisneros.es\/ciudadarte\/index.php\/wp-json\/wp\/v2\/types\/post"}],"author":[{"embeddable":true,"href":"https:\/\/sites.cardenalcisneros.es\/ciudadarte\/index.php\/wp-json\/wp\/v2\/users\/282"}],"replies":[{"embeddable":true,"href":"https:\/\/sites.cardenalcisneros.es\/ciudadarte\/index.php\/wp-json\/wp\/v2\/comments?post=7450"}],"version-history":[{"count":0,"href":"https:\/\/sites.cardenalcisneros.es\/ciudadarte\/index.php\/wp-json\/wp\/v2\/posts\/7450\/revisions"}],"wp:attachment":[{"href":"https:\/\/sites.cardenalcisneros.es\/ciudadarte\/index.php\/wp-json\/wp\/v2\/media?parent=7450"}],"wp:term":[{"taxonomy":"category","embeddable":true,"href":"https:\/\/sites.cardenalcisneros.es\/ciudadarte\/index.php\/wp-json\/wp\/v2\/categories?post=7450"},{"taxonomy":"post_tag","embeddable":true,"href":"https:\/\/sites.cardenalcisneros.es\/ciudadarte\/index.php\/wp-json\/wp\/v2\/tags?post=7450"}],"curies":[{"name":"wp","href":"https:\/\/api.w.org\/{rel}","templated":true}]}}