{"id":7408,"date":"2017-05-21T22:07:29","date_gmt":"2017-05-21T22:07:29","guid":{"rendered":"http:\/\/sites.cardenalcisneros.es\/ciudadarte\/?p=7408"},"modified":"2017-05-21T22:07:29","modified_gmt":"2017-05-21T22:07:29","slug":"lisboa-1613","status":"publish","type":"post","link":"https:\/\/sites.cardenalcisneros.es\/ciudadarte\/index.php\/2017\/05\/21\/lisboa-1613\/","title":{"rendered":"LISBOA (1613)"},"content":{"rendered":"<p style=\"text-align: justify;\"><span style=\"color: #000000;\"><a href=\"http:\/\/sites.cardenalcisneros.es\/ciudadarte\/wp-content\/uploads\/2017\/05\/GEOCAMPUS1-lopez-perez.jpg\"><span style=\"color: #000000;\"><img decoding=\"async\" loading=\"lazy\" class=\"wp-image-7414 alignnone\" title=\"Lisboa (1613)\" alt=\"\" src=\"http:\/\/sites.cardenalcisneros.es\/ciudadarte\/wp-content\/uploads\/2017\/05\/GEOCAMPUS1-lopez-perez.jpg\" width=\"615\" height=\"460\" \/><\/span><\/a><\/span><\/p>\n<p style=\"text-align: justify;\"><span style=\"color: #000000;\">La\u00a0imagen que hemos seleccionado data de 1613 y se hace llamar como \u201cJoyeuse Entr\u00e9e\u201d la cual\u00a0 se considera una de las m\u00e1s antiguas y raras perspectivas de Lisboa, d\u00f3nde podemos ver la ciudad celebrando uno de los acontecimientos m\u00e1s grandes de Europa a comienzos del siglo XVII: la entrada triunfal de Felipe III de Espa\u00f1a el 29 de junio de 1619 en Lisboa. Adem\u00e1s, se desconocen varios detalles de esta obra, como el autor, y que la realizaci\u00f3n de esta obra fuera cinco a\u00f1os antes de la llegada de Felipe III, se cree que el Rey fue retrasando su llegada a Lisboa durante varios a\u00f1os y por tanto, el trabajo es una vista previa de la recepci\u00f3n del Rey hasta su llegada final. Nuestra obra pertenece a la colecci\u00f3n del castillo de Weilburg en Alemania.<\/span><\/p>\n<p style=\"text-align: justify;\"><span style=\"color: #000000;\">Lo primero que apreciamos es que Lisboa aparece como una ciudad bien abastecida, ya que se encuentra rodeada de agua con el Oc\u00e9ano Atl\u00e1ntico y el r\u00edo Tajo. Asimismo, observamos la presencia de tierra f\u00e9rtil en las afueras de la ciudad con terrenos para cultivar y abundancia de montes que producen la le\u00f1a para la construcci\u00f3n de las embarcaciones. Podemos ver que la ciudad se asent\u00f3 sobre un relieve muy concreto, entre colinas que encerraban un peque\u00f1o valle que se abr\u00eda al Tajo.\u00a0 Uno de esos montes recibir\u00eda su nombre como colina del castillo, a causa del Castillo de Sao Jorge que se construir\u00eda en su cima. Elemento \u00e9ste muy importante en la historia de Lisboa, ya que durante los siglos VIII y XII, fue una importante ciudad musulmana y portuaria;\u00a0en la que los \u00e1rabes se asentaron en torno a la construcci\u00f3n del Castillo de Sao Jorge, fortific\u00e1ndolo y resistiendo hasta el a\u00f1o 1147, momento en el que la ciudad fue tomada por\u00a0Afonso Henriques, primer rey de Portugal. Quedando as\u00ed en poder de los cristianos.<\/span><\/p>\n<p style=\"text-align: justify;\"><span style=\"color: #000000;\">Otra decisi\u00f3n que llev\u00f3 se cabo como muestra de poder tras la conquista cristiana fue la transformaci\u00f3n de la principal mezquita de Lisboa en la catedral S\u00e9 de Lisboa, convirti\u00e9ndose en la iglesia m\u00e1s importante de la ciudad y erigi\u00e9ndose como n\u00facleo de crecimiento urbano.\u00a0 Asimismo, entre los a\u00f1os 1373 y 1375 se realiz\u00f3 la reconstrucci\u00f3n \u00a0de las murallas que rodean a la ciudad, dotando los 1930 metros de per\u00edmetro de la muralla isl\u00e1mica en 5710 metros de per\u00edmetro.<\/span><\/p>\n<p style=\"text-align: justify;\"><span style=\"color: #000000;\">En la imagen podemos apreciar en cuanto al plan urban\u00edstico que el trazado del casco antiguo es muy irregular y denso, con la presencia de calles estrechas y tortuosas, que conservan en buena parte el trazado musulm\u00e1n. Adem\u00e1s observamos la densidad del plano urbano, en que todas las viviendas se agrupaban unas con otras alrededor de las murallas y converg\u00edan hacia la zona del puerto, que adquiere importancia como centro principal de comercio y residencia. Impulsado a su vez por la construcci\u00f3n del puerto y los astilleros, as\u00ed como la presencia del nuevo\u00a0Palacio Real o Palacio de Ribeira, construido en 1511, y desplazando el centro de poder portugu\u00e9s a la ciudad baja, junto al Tajo. Este palacio se ubicaba perpendicularmente a la orilla del r\u00edo Tajo y estaba situado junto a la Plaza de Comercio. Una de las caracter\u00edsticas que <i>\u00a0<\/i>podemos observar es la amplitud de la plaza, que se corresponden a reformas urban\u00edsticas posteriores, realizadas en la Edad Moderna y que efect\u00faa una funci\u00f3n de explanaci\u00f3n y regularizaci\u00f3n muy importante.<i><\/i><\/span><\/p>\n<p style=\"text-align: justify;\"><span style=\"color: #000000;\">En la propia Plaza de Comercio se estableci\u00f3 la Casa de Indias, que enriqueci\u00f3 a\u00fan m\u00e1s la ciudad debido a centralizar el comercio con las costas de Cabo Verde, y organizar\u00a0 al comercio con Asia, \u00c1frica y Brasil, convirti\u00e9ndose as\u00ed en el\u00a0centro m\u00e1s importante de Europa en cuanto al tr\u00e1fico de esclavos. De esta manera el puerto de Lisboa se convirti\u00f3 en uno de los m\u00e1s importantes del mundo y \u00a0fue la fuente principal de ingresos econ\u00f3micos de la ciudad.<\/span><\/p>\n<p style=\"text-align: justify;\"><span style=\"color: #000000;\">Esta era la estructura de la Lisboa triunfal, la capital del floreciente Imperio portugu\u00e9s de los siglos XVI y XVII, que se hab\u00eda forjado durante la era de los Descubrimientos. Este protagonismo internacional y su condici\u00f3n de ciudad mar\u00edtima la encumbraron hasta ser uno de los principales centros de comercio europeo, tal y como vemos reflejado en la imagen con la inmensa presencia de la galera real y\u00a0 los barcos disparando en saludo a la llegada de Felipe III sobre el r\u00edo Tajo. <\/span><\/p>\n<p style=\"text-align: justify;\"><span style=\"color: #000000;\">Tal era la importancia de la posici\u00f3n de Lisboa entre Europa y\u00a0 el nuevo mundo, as\u00ed como las actividades tanto de comercio e intercambio de productos, y de salida de grandes expediciones mar\u00edtimas, que se convirti\u00f3 en un lugar ideal para el\u00a0 gobierno de un imperio mundial. Por eso, aprovechando el motivo de la llegada por primera vez de Felipe III a Portugal para la celebraci\u00f3n de las Cortes, para ser jurado como rey, se le pidi\u00f3 que convirtiera a Lisboa en la capital del Imperio. Esto da muestras de la importancia de Lisboa en el siglo XVII, ya que era considerada un punto de referencia mar\u00edtimo y comercial a nivel mundial.<\/span><\/p>\n<p>Javier L\u00f3pez P\u00e9rez<br \/>\n<span style=\"border-radius: 2px; text-indent: 20px; width: auto; padding: 0px 4px 0px 0px; text-align: center; font: bold 11px\/20px 'Helvetica Neue',Helvetica,sans-serif; color: #ffffff; background: #bd081c url('data:image\/svg+xml;base64,PHN2ZyB4bWxucz0iaHR0cDovL3d3dy53My5vcmcvMjAwMC9zdmciIGhlaWdodD0iMzBweCIgd2lkdGg9IjMwcHgiIHZpZXdCb3g9Ii0xIC0xIDMxIDMxIj48Zz48cGF0aCBkPSJNMjkuNDQ5LDE0LjY2MiBDMjkuNDQ5LDIyLjcyMiAyMi44NjgsMjkuMjU2IDE0Ljc1LDI5LjI1NiBDNi42MzIsMjkuMjU2IDAuMDUxLDIyLjcyMiAwLjA1MSwxNC42NjIgQzAuMDUxLDYuNjAxIDYuNjMyLDAuMDY3IDE0Ljc1LDAuMDY3IEMyMi44NjgsMC4wNjcgMjkuNDQ5LDYuNjAxIDI5LjQ0OSwxNC42NjIiIGZpbGw9IiNmZmYiIHN0cm9rZT0iI2ZmZiIgc3Ryb2tlLXdpZHRoPSIxIj48L3BhdGg+PHBhdGggZD0iTTE0LjczMywxLjY4NiBDNy41MTYsMS42ODYgMS42NjUsNy40OTUgMS42NjUsMTQuNjYyIEMxLjY2NSwyMC4xNTkgNS4xMDksMjQuODU0IDkuOTcsMjYuNzQ0IEM5Ljg1NiwyNS43MTggOS43NTMsMjQuMTQzIDEwLjAxNiwyMy4wMjIgQzEwLjI1MywyMi4wMSAxMS41NDgsMTYuNTcyIDExLjU0OCwxNi41NzIgQzExLjU0OCwxNi41NzIgMTEuMTU3LDE1Ljc5NSAxMS4xNTcsMTQuNjQ2IEMxMS4xNTcsMTIuODQyIDEyLjIxMSwxMS40OTUgMTMuNTIyLDExLjQ5NSBDMTQuNjM3LDExLjQ5NSAxNS4xNzUsMTIuMzI2IDE1LjE3NSwxMy4zMjMgQzE1LjE3NSwxNC40MzYgMTQuNDYyLDE2LjEgMTQuMDkzLDE3LjY0MyBDMTMuNzg1LDE4LjkzNSAxNC43NDUsMTkuOTg4IDE2LjAyOCwxOS45ODggQzE4LjM1MSwxOS45ODggMjAuMTM2LDE3LjU1NiAyMC4xMzYsMTQuMDQ2IEMyMC4xMzYsMTAuOTM5IDE3Ljg4OCw4Ljc2NyAxNC42NzgsOC43NjcgQzEwLjk1OSw4Ljc2NyA4Ljc3NywxMS41MzYgOC43NzcsMTQuMzk4IEM4Ljc3NywxNS41MTMgOS4yMSwxNi43MDkgOS43NDksMTcuMzU5IEM5Ljg1NiwxNy40ODggOS44NzIsMTcuNiA5Ljg0LDE3LjczMSBDOS43NDEsMTguMTQxIDkuNTIsMTkuMDIzIDkuNDc3LDE5LjIwMyBDOS40MiwxOS40NCA5LjI4OCwxOS40OTEgOS4wNCwxOS4zNzYgQzcuNDA4LDE4LjYyMiA2LjM4NywxNi4yNTIgNi4zODcsMTQuMzQ5IEM2LjM4NywxMC4yNTYgOS4zODMsNi40OTcgMTUuMDIyLDYuNDk3IEMxOS41NTUsNi40OTcgMjMuMDc4LDkuNzA1IDIzLjA3OCwxMy45OTEgQzIzLjA3OCwxOC40NjMgMjAuMjM5LDIyLjA2MiAxNi4yOTcsMjIuMDYyIEMxNC45NzMsMjIuMDYyIDEzLjcyOCwyMS4zNzkgMTMuMzAyLDIwLjU3MiBDMTMuMzAyLDIwLjU3MiAxMi42NDcsMjMuMDUgMTIuNDg4LDIzLjY1NyBDMTIuMTkzLDI0Ljc4NCAxMS4zOTYsMjYuMTk2IDEwLjg2MywyNy4wNTggQzEyLjA4NiwyNy40MzQgMTMuMzg2LDI3LjYzNyAxNC43MzMsMjcuNjM3IEMyMS45NSwyNy42MzcgMjcuODAxLDIxLjgyOCAyNy44MDEsMTQuNjYyIEMyNy44MDEsNy40OTUgMjEuOTUsMS42ODYgMTQuNzMzLDEuNjg2IiBmaWxsPSIjYmQwODFjIj48L3BhdGg+PC9nPjwvc3ZnPg==') no-repeat scroll 3px 50% \/ 14px 14px; position: absolute; opacity: 1; z-index: 8675309; display: none; cursor: pointer; top: 20px; left: 20px;\">Guardar<\/span><br \/>\n<span style=\"border-radius: 2px; text-indent: 20px; width: auto; padding: 0px 4px 0px 0px; text-align: center; font: bold 11px\/20px 'Helvetica Neue',Helvetica,sans-serif; color: #ffffff; background: #bd081c url('data:image\/svg+xml;base64,PHN2ZyB4bWxucz0iaHR0cDovL3d3dy53My5vcmcvMjAwMC9zdmciIGhlaWdodD0iMzBweCIgd2lkdGg9IjMwcHgiIHZpZXdCb3g9Ii0xIC0xIDMxIDMxIj48Zz48cGF0aCBkPSJNMjkuNDQ5LDE0LjY2MiBDMjkuNDQ5LDIyLjcyMiAyMi44NjgsMjkuMjU2IDE0Ljc1LDI5LjI1NiBDNi42MzIsMjkuMjU2IDAuMDUxLDIyLjcyMiAwLjA1MSwxNC42NjIgQzAuMDUxLDYuNjAxIDYuNjMyLDAuMDY3IDE0Ljc1LDAuMDY3IEMyMi44NjgsMC4wNjcgMjkuNDQ5LDYuNjAxIDI5LjQ0OSwxNC42NjIiIGZpbGw9IiNmZmYiIHN0cm9rZT0iI2ZmZiIgc3Ryb2tlLXdpZHRoPSIxIj48L3BhdGg+PHBhdGggZD0iTTE0LjczMywxLjY4NiBDNy41MTYsMS42ODYgMS42NjUsNy40OTUgMS42NjUsMTQuNjYyIEMxLjY2NSwyMC4xNTkgNS4xMDksMjQuODU0IDkuOTcsMjYuNzQ0IEM5Ljg1NiwyNS43MTggOS43NTMsMjQuMTQzIDEwLjAxNiwyMy4wMjIgQzEwLjI1MywyMi4wMSAxMS41NDgsMTYuNTcyIDExLjU0OCwxNi41NzIgQzExLjU0OCwxNi41NzIgMTEuMTU3LDE1Ljc5NSAxMS4xNTcsMTQuNjQ2IEMxMS4xNTcsMTIuODQyIDEyLjIxMSwxMS40OTUgMTMuNTIyLDExLjQ5NSBDMTQuNjM3LDExLjQ5NSAxNS4xNzUsMTIuMzI2IDE1LjE3NSwxMy4zMjMgQzE1LjE3NSwxNC40MzYgMTQuNDYyLDE2LjEgMTQuMDkzLDE3LjY0MyBDMTMuNzg1LDE4LjkzNSAxNC43NDUsMTkuOTg4IDE2LjAyOCwxOS45ODggQzE4LjM1MSwxOS45ODggMjAuMTM2LDE3LjU1NiAyMC4xMzYsMTQuMDQ2IEMyMC4xMzYsMTAuOTM5IDE3Ljg4OCw4Ljc2NyAxNC42NzgsOC43NjcgQzEwLjk1OSw4Ljc2NyA4Ljc3NywxMS41MzYgOC43NzcsMTQuMzk4IEM4Ljc3NywxNS41MTMgOS4yMSwxNi43MDkgOS43NDksMTcuMzU5IEM5Ljg1NiwxNy40ODggOS44NzIsMTcuNiA5Ljg0LDE3LjczMSBDOS43NDEsMTguMTQxIDkuNTIsMTkuMDIzIDkuNDc3LDE5LjIwMyBDOS40MiwxOS40NCA5LjI4OCwxOS40OTEgOS4wNCwxOS4zNzYgQzcuNDA4LDE4LjYyMiA2LjM4NywxNi4yNTIgNi4zODcsMTQuMzQ5IEM2LjM4NywxMC4yNTYgOS4zODMsNi40OTcgMTUuMDIyLDYuNDk3IEMxOS41NTUsNi40OTcgMjMuMDc4LDkuNzA1IDIzLjA3OCwxMy45OTEgQzIzLjA3OCwxOC40NjMgMjAuMjM5LDIyLjA2MiAxNi4yOTcsMjIuMDYyIEMxNC45NzMsMjIuMDYyIDEzLjcyOCwyMS4zNzkgMTMuMzAyLDIwLjU3MiBDMTMuMzAyLDIwLjU3MiAxMi42NDcsMjMuMDUgMTIuNDg4LDIzLjY1NyBDMTIuMTkzLDI0Ljc4NCAxMS4zOTYsMjYuMTk2IDEwLjg2MywyNy4wNTggQzEyLjA4NiwyNy40MzQgMTMuMzg2LDI3LjYzNyAxNC43MzMsMjcuNjM3IEMyMS45NSwyNy42MzcgMjcuODAxLDIxLjgyOCAyNy44MDEsMTQuNjYyIEMyNy44MDEsNy40OTUgMjEuOTUsMS42ODYgMTQuNzMzLDEuNjg2IiBmaWxsPSIjYmQwODFjIj48L3BhdGg+PC9nPjwvc3ZnPg==') no-repeat scroll 3px 50% \/ 14px 14px; position: absolute; opacity: 1; z-index: 8675309; display: none; cursor: pointer; top: 20px; left: 20px;\">Guardar<\/span><\/p>\n","protected":false},"excerpt":{"rendered":"<p>La\u00a0imagen que hemos seleccionado data de 1613 y se hace llamar como \u201cJoyeuse Entr\u00e9e\u201d la cual\u00a0 se considera una de las m\u00e1s antiguas y raras perspectivas de Lisboa, d\u00f3nde podemos ver la ciudad celebrando uno de los acontecimientos m\u00e1s grandes de Europa a comienzos del siglo XVII: la entrada triunfal de Felipe III de Espa\u00f1a [&hellip;]<\/p>\n","protected":false},"author":279,"featured_media":0,"comment_status":"open","ping_status":"open","sticky":false,"template":"","format":"standard","meta":[],"categories":[1],"tags":[120],"yoast_head":"<!-- This site is optimized with the Yoast SEO plugin v20.7 - https:\/\/yoast.com\/wordpress\/plugins\/seo\/ -->\n<title>LISBOA (1613) - La Ciudad en el Arte<\/title>\n<meta name=\"robots\" content=\"index, follow, max-snippet:-1, max-image-preview:large, max-video-preview:-1\" \/>\n<link rel=\"canonical\" href=\"https:\/\/sites.cardenalcisneros.es\/ciudadarte\/index.php\/2017\/05\/21\/lisboa-1613\/\" \/>\n<meta property=\"og:locale\" content=\"es_ES\" \/>\n<meta property=\"og:type\" content=\"article\" \/>\n<meta property=\"og:title\" content=\"LISBOA (1613) - La Ciudad en el Arte\" \/>\n<meta property=\"og:description\" content=\"La\u00a0imagen que hemos seleccionado data de 1613 y se hace llamar como \u201cJoyeuse Entr\u00e9e\u201d la cual\u00a0 se considera una de las m\u00e1s antiguas y raras perspectivas de Lisboa, d\u00f3nde podemos ver la ciudad celebrando uno de los acontecimientos m\u00e1s grandes de Europa a comienzos del siglo XVII: la entrada triunfal de Felipe III de Espa\u00f1a [&hellip;]\" \/>\n<meta property=\"og:url\" content=\"https:\/\/sites.cardenalcisneros.es\/ciudadarte\/index.php\/2017\/05\/21\/lisboa-1613\/\" \/>\n<meta property=\"og:site_name\" content=\"La Ciudad en el Arte\" \/>\n<meta property=\"article:published_time\" content=\"2017-05-21T22:07:29+00:00\" \/>\n<meta property=\"og:image\" content=\"http:\/\/sites.cardenalcisneros.es\/ciudadarte\/wp-content\/uploads\/2017\/05\/GEOCAMPUS1-lopez-perez.jpg\" \/>\n<meta name=\"author\" content=\"javilopez\" \/>\n<meta name=\"twitter:card\" content=\"summary_large_image\" \/>\n<meta name=\"twitter:label1\" content=\"Escrito por\" \/>\n\t<meta name=\"twitter:data1\" content=\"javilopez\" \/>\n\t<meta name=\"twitter:label2\" content=\"Tiempo de lectura\" \/>\n\t<meta name=\"twitter:data2\" content=\"5 minutos\" \/>\n<script type=\"application\/ld+json\" class=\"yoast-schema-graph\">{\"@context\":\"https:\/\/schema.org\",\"@graph\":[{\"@type\":\"WebPage\",\"@id\":\"https:\/\/sites.cardenalcisneros.es\/ciudadarte\/index.php\/2017\/05\/21\/lisboa-1613\/\",\"url\":\"https:\/\/sites.cardenalcisneros.es\/ciudadarte\/index.php\/2017\/05\/21\/lisboa-1613\/\",\"name\":\"LISBOA (1613) - La Ciudad en el Arte\",\"isPartOf\":{\"@id\":\"https:\/\/sites.cardenalcisneros.es\/ciudadarte\/#website\"},\"datePublished\":\"2017-05-21T22:07:29+00:00\",\"dateModified\":\"2017-05-21T22:07:29+00:00\",\"author\":{\"@id\":\"https:\/\/sites.cardenalcisneros.es\/ciudadarte\/#\/schema\/person\/564196beed92a4e58ff998f8741685f6\"},\"breadcrumb\":{\"@id\":\"https:\/\/sites.cardenalcisneros.es\/ciudadarte\/index.php\/2017\/05\/21\/lisboa-1613\/#breadcrumb\"},\"inLanguage\":\"es\",\"potentialAction\":[{\"@type\":\"ReadAction\",\"target\":[\"https:\/\/sites.cardenalcisneros.es\/ciudadarte\/index.php\/2017\/05\/21\/lisboa-1613\/\"]}]},{\"@type\":\"BreadcrumbList\",\"@id\":\"https:\/\/sites.cardenalcisneros.es\/ciudadarte\/index.php\/2017\/05\/21\/lisboa-1613\/#breadcrumb\",\"itemListElement\":[{\"@type\":\"ListItem\",\"position\":1,\"name\":\"Portada\",\"item\":\"https:\/\/sites.cardenalcisneros.es\/ciudadarte\/\"},{\"@type\":\"ListItem\",\"position\":2,\"name\":\"LISBOA (1613)\"}]},{\"@type\":\"WebSite\",\"@id\":\"https:\/\/sites.cardenalcisneros.es\/ciudadarte\/#website\",\"url\":\"https:\/\/sites.cardenalcisneros.es\/ciudadarte\/\",\"name\":\"La Ciudad en el Arte\",\"description\":\"Un blog colaborativo sobre Geograf\u00eda, Urbanismo, Historia y Arte\",\"potentialAction\":[{\"@type\":\"SearchAction\",\"target\":{\"@type\":\"EntryPoint\",\"urlTemplate\":\"https:\/\/sites.cardenalcisneros.es\/ciudadarte\/?s={search_term_string}\"},\"query-input\":\"required name=search_term_string\"}],\"inLanguage\":\"es\"},{\"@type\":\"Person\",\"@id\":\"https:\/\/sites.cardenalcisneros.es\/ciudadarte\/#\/schema\/person\/564196beed92a4e58ff998f8741685f6\",\"name\":\"javilopez\",\"image\":{\"@type\":\"ImageObject\",\"inLanguage\":\"es\",\"@id\":\"https:\/\/sites.cardenalcisneros.es\/ciudadarte\/#\/schema\/person\/image\/\",\"url\":\"https:\/\/secure.gravatar.com\/avatar\/253a466da2f871c6a52e59e977ddc3f4?s=96&d=mm&r=g\",\"contentUrl\":\"https:\/\/secure.gravatar.com\/avatar\/253a466da2f871c6a52e59e977ddc3f4?s=96&d=mm&r=g\",\"caption\":\"javilopez\"},\"url\":\"https:\/\/sites.cardenalcisneros.es\/ciudadarte\/index.php\/author\/javilopez\/\"}]}<\/script>\n<!-- \/ Yoast SEO plugin. -->","yoast_head_json":{"title":"LISBOA (1613) - La Ciudad en el Arte","robots":{"index":"index","follow":"follow","max-snippet":"max-snippet:-1","max-image-preview":"max-image-preview:large","max-video-preview":"max-video-preview:-1"},"canonical":"https:\/\/sites.cardenalcisneros.es\/ciudadarte\/index.php\/2017\/05\/21\/lisboa-1613\/","og_locale":"es_ES","og_type":"article","og_title":"LISBOA (1613) - La Ciudad en el Arte","og_description":"La\u00a0imagen que hemos seleccionado data de 1613 y se hace llamar como \u201cJoyeuse Entr\u00e9e\u201d la cual\u00a0 se considera una de las m\u00e1s antiguas y raras perspectivas de Lisboa, d\u00f3nde podemos ver la ciudad celebrando uno de los acontecimientos m\u00e1s grandes de Europa a comienzos del siglo XVII: la entrada triunfal de Felipe III de Espa\u00f1a [&hellip;]","og_url":"https:\/\/sites.cardenalcisneros.es\/ciudadarte\/index.php\/2017\/05\/21\/lisboa-1613\/","og_site_name":"La Ciudad en el Arte","article_published_time":"2017-05-21T22:07:29+00:00","og_image":[{"url":"http:\/\/sites.cardenalcisneros.es\/ciudadarte\/wp-content\/uploads\/2017\/05\/GEOCAMPUS1-lopez-perez.jpg"}],"author":"javilopez","twitter_card":"summary_large_image","twitter_misc":{"Escrito por":"javilopez","Tiempo de lectura":"5 minutos"},"schema":{"@context":"https:\/\/schema.org","@graph":[{"@type":"WebPage","@id":"https:\/\/sites.cardenalcisneros.es\/ciudadarte\/index.php\/2017\/05\/21\/lisboa-1613\/","url":"https:\/\/sites.cardenalcisneros.es\/ciudadarte\/index.php\/2017\/05\/21\/lisboa-1613\/","name":"LISBOA (1613) - La Ciudad en el Arte","isPartOf":{"@id":"https:\/\/sites.cardenalcisneros.es\/ciudadarte\/#website"},"datePublished":"2017-05-21T22:07:29+00:00","dateModified":"2017-05-21T22:07:29+00:00","author":{"@id":"https:\/\/sites.cardenalcisneros.es\/ciudadarte\/#\/schema\/person\/564196beed92a4e58ff998f8741685f6"},"breadcrumb":{"@id":"https:\/\/sites.cardenalcisneros.es\/ciudadarte\/index.php\/2017\/05\/21\/lisboa-1613\/#breadcrumb"},"inLanguage":"es","potentialAction":[{"@type":"ReadAction","target":["https:\/\/sites.cardenalcisneros.es\/ciudadarte\/index.php\/2017\/05\/21\/lisboa-1613\/"]}]},{"@type":"BreadcrumbList","@id":"https:\/\/sites.cardenalcisneros.es\/ciudadarte\/index.php\/2017\/05\/21\/lisboa-1613\/#breadcrumb","itemListElement":[{"@type":"ListItem","position":1,"name":"Portada","item":"https:\/\/sites.cardenalcisneros.es\/ciudadarte\/"},{"@type":"ListItem","position":2,"name":"LISBOA (1613)"}]},{"@type":"WebSite","@id":"https:\/\/sites.cardenalcisneros.es\/ciudadarte\/#website","url":"https:\/\/sites.cardenalcisneros.es\/ciudadarte\/","name":"La Ciudad en el Arte","description":"Un blog colaborativo sobre Geograf\u00eda, Urbanismo, Historia y Arte","potentialAction":[{"@type":"SearchAction","target":{"@type":"EntryPoint","urlTemplate":"https:\/\/sites.cardenalcisneros.es\/ciudadarte\/?s={search_term_string}"},"query-input":"required name=search_term_string"}],"inLanguage":"es"},{"@type":"Person","@id":"https:\/\/sites.cardenalcisneros.es\/ciudadarte\/#\/schema\/person\/564196beed92a4e58ff998f8741685f6","name":"javilopez","image":{"@type":"ImageObject","inLanguage":"es","@id":"https:\/\/sites.cardenalcisneros.es\/ciudadarte\/#\/schema\/person\/image\/","url":"https:\/\/secure.gravatar.com\/avatar\/253a466da2f871c6a52e59e977ddc3f4?s=96&d=mm&r=g","contentUrl":"https:\/\/secure.gravatar.com\/avatar\/253a466da2f871c6a52e59e977ddc3f4?s=96&d=mm&r=g","caption":"javilopez"},"url":"https:\/\/sites.cardenalcisneros.es\/ciudadarte\/index.php\/author\/javilopez\/"}]}},"_links":{"self":[{"href":"https:\/\/sites.cardenalcisneros.es\/ciudadarte\/index.php\/wp-json\/wp\/v2\/posts\/7408"}],"collection":[{"href":"https:\/\/sites.cardenalcisneros.es\/ciudadarte\/index.php\/wp-json\/wp\/v2\/posts"}],"about":[{"href":"https:\/\/sites.cardenalcisneros.es\/ciudadarte\/index.php\/wp-json\/wp\/v2\/types\/post"}],"author":[{"embeddable":true,"href":"https:\/\/sites.cardenalcisneros.es\/ciudadarte\/index.php\/wp-json\/wp\/v2\/users\/279"}],"replies":[{"embeddable":true,"href":"https:\/\/sites.cardenalcisneros.es\/ciudadarte\/index.php\/wp-json\/wp\/v2\/comments?post=7408"}],"version-history":[{"count":0,"href":"https:\/\/sites.cardenalcisneros.es\/ciudadarte\/index.php\/wp-json\/wp\/v2\/posts\/7408\/revisions"}],"wp:attachment":[{"href":"https:\/\/sites.cardenalcisneros.es\/ciudadarte\/index.php\/wp-json\/wp\/v2\/media?parent=7408"}],"wp:term":[{"taxonomy":"category","embeddable":true,"href":"https:\/\/sites.cardenalcisneros.es\/ciudadarte\/index.php\/wp-json\/wp\/v2\/categories?post=7408"},{"taxonomy":"post_tag","embeddable":true,"href":"https:\/\/sites.cardenalcisneros.es\/ciudadarte\/index.php\/wp-json\/wp\/v2\/tags?post=7408"}],"curies":[{"name":"wp","href":"https:\/\/api.w.org\/{rel}","templated":true}]}}