{"id":7363,"date":"2017-05-19T16:41:56","date_gmt":"2017-05-19T16:41:56","guid":{"rendered":"http:\/\/sites.cardenalcisneros.es\/ciudadarte\/?p=7363"},"modified":"2017-05-19T16:41:56","modified_gmt":"2017-05-19T16:41:56","slug":"brujas-meunincxhove-1691-1700","status":"publish","type":"post","link":"https:\/\/sites.cardenalcisneros.es\/ciudadarte\/index.php\/2017\/05\/19\/brujas-meunincxhove-1691-1700\/","title":{"rendered":"BRUJAS (Jan Baptist van Meunincxhove, 1691-1700)"},"content":{"rendered":"<p style=\"text-align: justify;\"><span style=\"color: #000000;\"><a href=\"http:\/\/sites.cardenalcisneros.es\/ciudadarte\/wp-content\/uploads\/2017\/05\/Captura-definitiva.png\"><span style=\"color: #000000;\"><img decoding=\"async\" loading=\"lazy\" class=\"alignnone  wp-image-7364\" alt=\"Captura definitiva\" src=\"http:\/\/sites.cardenalcisneros.es\/ciudadarte\/wp-content\/uploads\/2017\/05\/Captura-definitiva.png\" width=\"624\" height=\"467\" \/><\/span><\/a><\/span><\/p>\n<p style=\"text-align: justify;\"><span style=\"color: #000000;\">Nos encontramos ante un \u00f3leo sobre lienzo realizado por el artista flamenco Jan Baptist van Meunincxhove. No se sabe con exactitud el a\u00f1o del que data tal obra art\u00edstica, su realizaci\u00f3n se establece a finales del siglo XVII, entre los a\u00f1os 1691 y 1700 (probablemente en 1696). Las dimensiones originales son de 123,5 x 86,5 cm y actualmente se encuentra expuesta en el Groeningemuseum sitiado en Brujas; misma ciudad que el artista nos desvela en sus pinceladas.<\/span><\/p>\n<p style=\"text-align: justify;\"><span style=\"color: #000000;\">La zona representada, en concreto, en el lienzo es la plaza del mercado de Brujas o Groet Markt; denominada as\u00ed al considerarse desde la Edad Media un importante mercado de lana y telas. Hoy en d\u00eda, multitud de ciudadanos y turistas acuden los mi\u00e9rcoles a un mercado local que all\u00ed se instaura y donde se pueden encontrar productos artesanales como chocolate, embutido o quesos. Adem\u00e1s de su funci\u00f3n mercantil, tambi\u00e9n cumpl\u00eda una funci\u00f3n administrativa ya que en esta \u00e9poca los ciudadanos eran convocados all\u00ed mediante campanadas para ser testigos de la promulgaci\u00f3n de las leyes. Actualmente se considera el centro neur\u00e1lgico de la ciudad y fue declarada Patrimonio de la Humanidad por la UNESCO en el a\u00f1o 2000.<\/span><\/p>\n<p style=\"text-align: justify;\"><span style=\"color: #000000;\">Al mirar a nuestro lienzo contemplamos varios edificios que destacan tanto en la zona central como en los laterales. En el centro de la obra se alza uno de los edificios civiles m\u00e1s emblem\u00e1ticos de la ciudad; es el campanario o Belfort (en neerland\u00e9s). Se construy\u00f3 por primera vez en el 1240 con aguja de madera; desafortunadamente un incendio en 1280 provoc\u00f3 su destrucci\u00f3n. Hoy en d\u00eda presenta una estructura cuadrada, una altura de 83 metros y est\u00e1 ligeramente inclinado hacia la izquierda (1,19 m) desde hace m\u00e1s de cuatro siglos. Tiene un carrill\u00f3n con 47 campanas y se puede acceder a lo m\u00e1s alto subiendo 366 escalones. En la parte baja de la torre se albergaba el mercado de la lana y sus almacenes correspondientes, com\u00fanmente conocido como el mercado cubierto Le Halle. Aqu\u00ed ten\u00edan lugar majestuosas transacciones comerciales centradas sobre todo en los estupendos \u201cpa\u00f1os\u201d y lanas de Flandes, particularmente de Brujas. Adem\u00e1s era utilizada por los magistrados de la ciudad con car\u00e1cter administrativo y all\u00ed se guardaban los archivos de la ciudad, muchos de los cuales desaparecieron despu\u00e9s de tan reiterados incendios.<\/span><\/p>\n<p style=\"text-align: justify;\"><span style=\"color: #000000;\">Por otra parte, en el centro de la plaza mayor observamos un grupo de ciudadanos y comerciantes reunidos apoyados sobre una especie de retablo. Actualmente en ese punto central de la plaza se sit\u00faa una estatua en recuerdo de Jan Breydel y Pieter De Koninck, h\u00e9roes locales que protagonizaron la \u201cBatalla de las espuelas de oro\u201d en 1302; enfrentamiento entre el duque de Flandes y varios campesinos contra los ej\u00e9rcitos franceses que quer\u00edan dominar la zona.<\/span><\/p>\n<p style=\"text-align: justify;\"><span style=\"color: #000000;\">En el lado derecho del cuadro se sit\u00faan un conjunto de edificios que datan del siglo XV destinados en la actualidad al sector de la hosteler\u00eda. Y en el lado opuesto, a la izquierda del lienzo, destaca un edifico llamado Waterhalle que se mantuvo en pie durante casi 500 a\u00f1os, desde 1294 a 1787 y cumpl\u00eda las funciones de almac\u00e9n; ubicado entre las calles Philipstockstraat y Breidelstraat. Despareci\u00f3 en el siglo XVIII, para dar paso al actual Palacio Provincial (Provinciaal Hof). Fue construido en dos fases (1887-1892 y 1914-1921) y presenta un estilo neog\u00f3tico, inspirado en otros importantes edificios como la Casa Consistorial del Brujas o la casa se\u00f1orial de Gruuthuse. A su lado izquierdo, se construy\u00f3 un edificio que en un principio iba a ir destinado a ser la residencia del gobernador.<\/span><\/p>\n<p style=\"text-align: justify;\"><span style=\"color: #000000;\">Si nos fijamos en el fondo del lienzo, en la zona derecha sobresale la c\u00faspide de una iglesia; se trata de la Iglesia de Nuestra Se\u00f1ora o Vrouwekerk. De estilo g\u00f3tico, fue alzada entre los siglos XIII y XV, y se caracteriza por sus dos torres escaleras. Est\u00e1 conformada por cinco naves y son sus 122,3m de altura los que hacen que sea la segunda torre de ladrillos m\u00e1s alta del mundo. Se considera una de las iglesias m\u00e1s importantes de Europa ya que alberga la famosa escultura de m\u00e1rmol conocida como la Madonna de Brujas o \u201cLa Virgen y el Ni\u00f1o\u201d, realizada por Miguel \u00c1ngel en el a\u00f1o 1504 y adquirida posteriormente por un comerciante que la don\u00f3 a la Iglesia en 1506. En el lado izquierdo contemplamos la calle Wollestraat, en la antig\u00fcedad con multitud de dep\u00f3sitos de lana, que conectaba y conecta la plaza del mercado con el canal Dijver y el muelle del Rosario (Rozenhoedkaai) de gran actividad tur\u00edstica. En la actualidad dicha calle es considerada una de las m\u00e1s comerciales de la ciudad. Por su parte, el r\u00edo Zwyn atraviesa la ciudad desde el a\u00f1o 1134, cuando la gran marea produjo una brecha que uni\u00f3 la ciudad con el mar. Comenz\u00f3 entonces una \u00e9poca de prosperidad econ\u00f3mica para los comerciantes de la zona que se aseguraban el monopolio de lana inglesa, pero debido al exceso de sedimentos en su fondo se hizo innavegable a mediados del s.XVI. Esto produjo una decadencia abismal; disminuyeron las importaciones y la competencia con Amberes creci\u00f3. La revoluci\u00f3n industrial supuso, entonces, el fin del trabajo artesano.<\/span><\/p>\n<p style=\"text-align: justify;\"><span style=\"color: #000000;\">Atendiendo a la estructura de la ciudad, a pesar de que en la imagen solo podamos apreciar la plaza del mercado (ubicada en el centro hist\u00f3rico), debemos tener en cuenta las antiguas murallas que rodeaban la ciudad de Brujas, as\u00ed como las puertas medievales y los molinos. Las Bugse Vesten (murallas de Brujas) y sus puertas medievales forman un conjunto arquitect\u00f3nico destacado dentro del patrimonio hist\u00f3rico de la ciudad. Una de las puertas es la Puerta de Gante (Gentpoort), que simboliza la frontera con el exterior. Otra de ellas es la Puerta de Santa Cruz (Kruispoort), de gran antig\u00fcedad (construida entre finales del s.XIII y principios del s.XIV) hecho que le ha permitido ver la entrada de personajes hist\u00f3ricos como Napole\u00f3n o Carlos V. La tercera es la Puerta de los Herreros (Smedenpoort) construida en 1367 sobre las ruinas de la puerta original (s.XIII). En su puerta izquierda de entrada destaca una calavera de bronce en recuerdo de la ejecuci\u00f3n de Fran\u00e7ois Vander Straeten, traidor que permiti\u00f3 la entrada de las tropas enemigas francesas en el s.XVII. La \u00faltima es la Puerta del Asno (Ezelpoort), construida en 1297, al mismo tiempo que las murallas. Fue reconstruida varias veces y rehabilitada por completo a principios del s.XX. Adem\u00e1s en los l\u00edmites de las murallas aparecer\u00e1n tambi\u00e9n diferentes molinos; cuatro de ellos se conservan hoy en d\u00eda en el conocido Kruisvest. El molino Sint-Janshuis construido en el s.XVII es el \u00fanico que se mantiene en su lugar de origen y junto con el molino Koelewei, a\u00fan muelen grano.<\/span><\/p>\n<p style=\"text-align: justify;\"><span style=\"color: #000000;\">Por \u00faltimo, si analiz\u00e1semos una imagen de la ciudad de Brujas desde el aire, podr\u00edamos apreciar que su plano urbano es radioc\u00e9ntrico. Este tipo de plano es muy caracter\u00edstico de las ciudades medievales, donde la estructura de las calles se desarrollaba en torno a un centro importante; en este caso la plaza del mercado, representada en nuestra imagen, o la plaza del ayuntamiento. Adem\u00e1s este tipo de plano se caracteriza por la presencia de una muralla que rodeaba antiguamente toda la ciudad y que comunicaba los l\u00edmites con el centro a trav\u00e9s de sus calles principales.<\/span><\/p>\n<p>Mar\u00eda Criado Andr\u00e9s<br \/>\n<span style=\"border-radius: 2px; text-indent: 20px; width: auto; padding: 0px 4px 0px 0px; text-align: center; font: bold 11px\/20px 'Helvetica Neue',Helvetica,sans-serif; color: #ffffff; background: #bd081c url('data:image\/svg+xml;base64,PHN2ZyB4bWxucz0iaHR0cDovL3d3dy53My5vcmcvMjAwMC9zdmciIGhlaWdodD0iMzBweCIgd2lkdGg9IjMwcHgiIHZpZXdCb3g9Ii0xIC0xIDMxIDMxIj48Zz48cGF0aCBkPSJNMjkuNDQ5LDE0LjY2MiBDMjkuNDQ5LDIyLjcyMiAyMi44NjgsMjkuMjU2IDE0Ljc1LDI5LjI1NiBDNi42MzIsMjkuMjU2IDAuMDUxLDIyLjcyMiAwLjA1MSwxNC42NjIgQzAuMDUxLDYuNjAxIDYuNjMyLDAuMDY3IDE0Ljc1LDAuMDY3IEMyMi44NjgsMC4wNjcgMjkuNDQ5LDYuNjAxIDI5LjQ0OSwxNC42NjIiIGZpbGw9IiNmZmYiIHN0cm9rZT0iI2ZmZiIgc3Ryb2tlLXdpZHRoPSIxIj48L3BhdGg+PHBhdGggZD0iTTE0LjczMywxLjY4NiBDNy41MTYsMS42ODYgMS42NjUsNy40OTUgMS42NjUsMTQuNjYyIEMxLjY2NSwyMC4xNTkgNS4xMDksMjQuODU0IDkuOTcsMjYuNzQ0IEM5Ljg1NiwyNS43MTggOS43NTMsMjQuMTQzIDEwLjAxNiwyMy4wMjIgQzEwLjI1MywyMi4wMSAxMS41NDgsMTYuNTcyIDExLjU0OCwxNi41NzIgQzExLjU0OCwxNi41NzIgMTEuMTU3LDE1Ljc5NSAxMS4xNTcsMTQuNjQ2IEMxMS4xNTcsMTIuODQyIDEyLjIxMSwxMS40OTUgMTMuNTIyLDExLjQ5NSBDMTQuNjM3LDExLjQ5NSAxNS4xNzUsMTIuMzI2IDE1LjE3NSwxMy4zMjMgQzE1LjE3NSwxNC40MzYgMTQuNDYyLDE2LjEgMTQuMDkzLDE3LjY0MyBDMTMuNzg1LDE4LjkzNSAxNC43NDUsMTkuOTg4IDE2LjAyOCwxOS45ODggQzE4LjM1MSwxOS45ODggMjAuMTM2LDE3LjU1NiAyMC4xMzYsMTQuMDQ2IEMyMC4xMzYsMTAuOTM5IDE3Ljg4OCw4Ljc2NyAxNC42NzgsOC43NjcgQzEwLjk1OSw4Ljc2NyA4Ljc3NywxMS41MzYgOC43NzcsMTQuMzk4IEM4Ljc3NywxNS41MTMgOS4yMSwxNi43MDkgOS43NDksMTcuMzU5IEM5Ljg1NiwxNy40ODggOS44NzIsMTcuNiA5Ljg0LDE3LjczMSBDOS43NDEsMTguMTQxIDkuNTIsMTkuMDIzIDkuNDc3LDE5LjIwMyBDOS40MiwxOS40NCA5LjI4OCwxOS40OTEgOS4wNCwxOS4zNzYgQzcuNDA4LDE4LjYyMiA2LjM4NywxNi4yNTIgNi4zODcsMTQuMzQ5IEM2LjM4NywxMC4yNTYgOS4zODMsNi40OTcgMTUuMDIyLDYuNDk3IEMxOS41NTUsNi40OTcgMjMuMDc4LDkuNzA1IDIzLjA3OCwxMy45OTEgQzIzLjA3OCwxOC40NjMgMjAuMjM5LDIyLjA2MiAxNi4yOTcsMjIuMDYyIEMxNC45NzMsMjIuMDYyIDEzLjcyOCwyMS4zNzkgMTMuMzAyLDIwLjU3MiBDMTMuMzAyLDIwLjU3MiAxMi42NDcsMjMuMDUgMTIuNDg4LDIzLjY1NyBDMTIuMTkzLDI0Ljc4NCAxMS4zOTYsMjYuMTk2IDEwLjg2MywyNy4wNTggQzEyLjA4NiwyNy40MzQgMTMuMzg2LDI3LjYzNyAxNC43MzMsMjcuNjM3IEMyMS45NSwyNy42MzcgMjcuODAxLDIxLjgyOCAyNy44MDEsMTQuNjYyIEMyNy44MDEsNy40OTUgMjEuOTUsMS42ODYgMTQuNzMzLDEuNjg2IiBmaWxsPSIjYmQwODFjIj48L3BhdGg+PC9nPjwvc3ZnPg==') no-repeat scroll 3px 50% \/ 14px 14px; position: absolute; opacity: 1; z-index: 8675309; display: none; cursor: pointer; top: 20px; left: 20px;\">Guardar<\/span><\/p>\n","protected":false},"excerpt":{"rendered":"<p>Nos encontramos ante un \u00f3leo sobre lienzo realizado por el artista flamenco Jan Baptist van Meunincxhove. No se sabe con exactitud el a\u00f1o del que data tal obra art\u00edstica, su realizaci\u00f3n se establece a finales del siglo XVII, entre los a\u00f1os 1691 y 1700 (probablemente en 1696). Las dimensiones originales son de 123,5 x 86,5 [&hellip;]<\/p>\n","protected":false},"author":277,"featured_media":0,"comment_status":"open","ping_status":"open","sticky":false,"template":"","format":"standard","meta":[],"categories":[1],"tags":[37],"yoast_head":"<!-- This site is optimized with the Yoast SEO plugin v20.7 - https:\/\/yoast.com\/wordpress\/plugins\/seo\/ -->\n<title>BRUJAS (Jan Baptist van Meunincxhove, 1691-1700) - La Ciudad en el Arte<\/title>\n<meta name=\"robots\" content=\"index, follow, max-snippet:-1, max-image-preview:large, max-video-preview:-1\" \/>\n<link rel=\"canonical\" href=\"https:\/\/sites.cardenalcisneros.es\/ciudadarte\/index.php\/2017\/05\/19\/brujas-meunincxhove-1691-1700\/\" \/>\n<meta property=\"og:locale\" content=\"es_ES\" \/>\n<meta property=\"og:type\" content=\"article\" \/>\n<meta property=\"og:title\" content=\"BRUJAS (Jan Baptist van Meunincxhove, 1691-1700) - La Ciudad en el Arte\" \/>\n<meta property=\"og:description\" content=\"Nos encontramos ante un \u00f3leo sobre lienzo realizado por el artista flamenco Jan Baptist van Meunincxhove. No se sabe con exactitud el a\u00f1o del que data tal obra art\u00edstica, su realizaci\u00f3n se establece a finales del siglo XVII, entre los a\u00f1os 1691 y 1700 (probablemente en 1696). Las dimensiones originales son de 123,5 x 86,5 [&hellip;]\" \/>\n<meta property=\"og:url\" content=\"https:\/\/sites.cardenalcisneros.es\/ciudadarte\/index.php\/2017\/05\/19\/brujas-meunincxhove-1691-1700\/\" \/>\n<meta property=\"og:site_name\" content=\"La Ciudad en el Arte\" \/>\n<meta property=\"article:published_time\" content=\"2017-05-19T16:41:56+00:00\" \/>\n<meta property=\"og:image\" content=\"http:\/\/sites.cardenalcisneros.es\/ciudadarte\/wp-content\/uploads\/2017\/05\/Captura-definitiva.png\" \/>\n<meta name=\"author\" content=\"mariacriado\" \/>\n<meta name=\"twitter:card\" content=\"summary_large_image\" \/>\n<meta name=\"twitter:label1\" content=\"Escrito por\" \/>\n\t<meta name=\"twitter:data1\" content=\"mariacriado\" \/>\n\t<meta name=\"twitter:label2\" content=\"Tiempo de lectura\" \/>\n\t<meta name=\"twitter:data2\" content=\"6 minutos\" \/>\n<script type=\"application\/ld+json\" class=\"yoast-schema-graph\">{\"@context\":\"https:\/\/schema.org\",\"@graph\":[{\"@type\":\"WebPage\",\"@id\":\"https:\/\/sites.cardenalcisneros.es\/ciudadarte\/index.php\/2017\/05\/19\/brujas-meunincxhove-1691-1700\/\",\"url\":\"https:\/\/sites.cardenalcisneros.es\/ciudadarte\/index.php\/2017\/05\/19\/brujas-meunincxhove-1691-1700\/\",\"name\":\"BRUJAS (Jan Baptist van Meunincxhove, 1691-1700) - La Ciudad en el Arte\",\"isPartOf\":{\"@id\":\"https:\/\/sites.cardenalcisneros.es\/ciudadarte\/#website\"},\"datePublished\":\"2017-05-19T16:41:56+00:00\",\"dateModified\":\"2017-05-19T16:41:56+00:00\",\"author\":{\"@id\":\"https:\/\/sites.cardenalcisneros.es\/ciudadarte\/#\/schema\/person\/44b4fe8e8e068dbf148f8c2c97105989\"},\"breadcrumb\":{\"@id\":\"https:\/\/sites.cardenalcisneros.es\/ciudadarte\/index.php\/2017\/05\/19\/brujas-meunincxhove-1691-1700\/#breadcrumb\"},\"inLanguage\":\"es\",\"potentialAction\":[{\"@type\":\"ReadAction\",\"target\":[\"https:\/\/sites.cardenalcisneros.es\/ciudadarte\/index.php\/2017\/05\/19\/brujas-meunincxhove-1691-1700\/\"]}]},{\"@type\":\"BreadcrumbList\",\"@id\":\"https:\/\/sites.cardenalcisneros.es\/ciudadarte\/index.php\/2017\/05\/19\/brujas-meunincxhove-1691-1700\/#breadcrumb\",\"itemListElement\":[{\"@type\":\"ListItem\",\"position\":1,\"name\":\"Portada\",\"item\":\"https:\/\/sites.cardenalcisneros.es\/ciudadarte\/\"},{\"@type\":\"ListItem\",\"position\":2,\"name\":\"BRUJAS (Jan Baptist van Meunincxhove, 1691-1700)\"}]},{\"@type\":\"WebSite\",\"@id\":\"https:\/\/sites.cardenalcisneros.es\/ciudadarte\/#website\",\"url\":\"https:\/\/sites.cardenalcisneros.es\/ciudadarte\/\",\"name\":\"La Ciudad en el Arte\",\"description\":\"Un blog colaborativo sobre Geograf\u00eda, Urbanismo, Historia y Arte\",\"potentialAction\":[{\"@type\":\"SearchAction\",\"target\":{\"@type\":\"EntryPoint\",\"urlTemplate\":\"https:\/\/sites.cardenalcisneros.es\/ciudadarte\/?s={search_term_string}\"},\"query-input\":\"required name=search_term_string\"}],\"inLanguage\":\"es\"},{\"@type\":\"Person\",\"@id\":\"https:\/\/sites.cardenalcisneros.es\/ciudadarte\/#\/schema\/person\/44b4fe8e8e068dbf148f8c2c97105989\",\"name\":\"mariacriado\",\"image\":{\"@type\":\"ImageObject\",\"inLanguage\":\"es\",\"@id\":\"https:\/\/sites.cardenalcisneros.es\/ciudadarte\/#\/schema\/person\/image\/\",\"url\":\"https:\/\/secure.gravatar.com\/avatar\/11f9f40ddbd6eee57d572a4c6a32b43d?s=96&d=mm&r=g\",\"contentUrl\":\"https:\/\/secure.gravatar.com\/avatar\/11f9f40ddbd6eee57d572a4c6a32b43d?s=96&d=mm&r=g\",\"caption\":\"mariacriado\"},\"url\":\"https:\/\/sites.cardenalcisneros.es\/ciudadarte\/index.php\/author\/mariacriado\/\"}]}<\/script>\n<!-- \/ Yoast SEO plugin. -->","yoast_head_json":{"title":"BRUJAS (Jan Baptist van Meunincxhove, 1691-1700) - La Ciudad en el Arte","robots":{"index":"index","follow":"follow","max-snippet":"max-snippet:-1","max-image-preview":"max-image-preview:large","max-video-preview":"max-video-preview:-1"},"canonical":"https:\/\/sites.cardenalcisneros.es\/ciudadarte\/index.php\/2017\/05\/19\/brujas-meunincxhove-1691-1700\/","og_locale":"es_ES","og_type":"article","og_title":"BRUJAS (Jan Baptist van Meunincxhove, 1691-1700) - La Ciudad en el Arte","og_description":"Nos encontramos ante un \u00f3leo sobre lienzo realizado por el artista flamenco Jan Baptist van Meunincxhove. No se sabe con exactitud el a\u00f1o del que data tal obra art\u00edstica, su realizaci\u00f3n se establece a finales del siglo XVII, entre los a\u00f1os 1691 y 1700 (probablemente en 1696). Las dimensiones originales son de 123,5 x 86,5 [&hellip;]","og_url":"https:\/\/sites.cardenalcisneros.es\/ciudadarte\/index.php\/2017\/05\/19\/brujas-meunincxhove-1691-1700\/","og_site_name":"La Ciudad en el Arte","article_published_time":"2017-05-19T16:41:56+00:00","og_image":[{"url":"http:\/\/sites.cardenalcisneros.es\/ciudadarte\/wp-content\/uploads\/2017\/05\/Captura-definitiva.png"}],"author":"mariacriado","twitter_card":"summary_large_image","twitter_misc":{"Escrito por":"mariacriado","Tiempo de lectura":"6 minutos"},"schema":{"@context":"https:\/\/schema.org","@graph":[{"@type":"WebPage","@id":"https:\/\/sites.cardenalcisneros.es\/ciudadarte\/index.php\/2017\/05\/19\/brujas-meunincxhove-1691-1700\/","url":"https:\/\/sites.cardenalcisneros.es\/ciudadarte\/index.php\/2017\/05\/19\/brujas-meunincxhove-1691-1700\/","name":"BRUJAS (Jan Baptist van Meunincxhove, 1691-1700) - La Ciudad en el Arte","isPartOf":{"@id":"https:\/\/sites.cardenalcisneros.es\/ciudadarte\/#website"},"datePublished":"2017-05-19T16:41:56+00:00","dateModified":"2017-05-19T16:41:56+00:00","author":{"@id":"https:\/\/sites.cardenalcisneros.es\/ciudadarte\/#\/schema\/person\/44b4fe8e8e068dbf148f8c2c97105989"},"breadcrumb":{"@id":"https:\/\/sites.cardenalcisneros.es\/ciudadarte\/index.php\/2017\/05\/19\/brujas-meunincxhove-1691-1700\/#breadcrumb"},"inLanguage":"es","potentialAction":[{"@type":"ReadAction","target":["https:\/\/sites.cardenalcisneros.es\/ciudadarte\/index.php\/2017\/05\/19\/brujas-meunincxhove-1691-1700\/"]}]},{"@type":"BreadcrumbList","@id":"https:\/\/sites.cardenalcisneros.es\/ciudadarte\/index.php\/2017\/05\/19\/brujas-meunincxhove-1691-1700\/#breadcrumb","itemListElement":[{"@type":"ListItem","position":1,"name":"Portada","item":"https:\/\/sites.cardenalcisneros.es\/ciudadarte\/"},{"@type":"ListItem","position":2,"name":"BRUJAS (Jan Baptist van Meunincxhove, 1691-1700)"}]},{"@type":"WebSite","@id":"https:\/\/sites.cardenalcisneros.es\/ciudadarte\/#website","url":"https:\/\/sites.cardenalcisneros.es\/ciudadarte\/","name":"La Ciudad en el Arte","description":"Un blog colaborativo sobre Geograf\u00eda, Urbanismo, Historia y Arte","potentialAction":[{"@type":"SearchAction","target":{"@type":"EntryPoint","urlTemplate":"https:\/\/sites.cardenalcisneros.es\/ciudadarte\/?s={search_term_string}"},"query-input":"required name=search_term_string"}],"inLanguage":"es"},{"@type":"Person","@id":"https:\/\/sites.cardenalcisneros.es\/ciudadarte\/#\/schema\/person\/44b4fe8e8e068dbf148f8c2c97105989","name":"mariacriado","image":{"@type":"ImageObject","inLanguage":"es","@id":"https:\/\/sites.cardenalcisneros.es\/ciudadarte\/#\/schema\/person\/image\/","url":"https:\/\/secure.gravatar.com\/avatar\/11f9f40ddbd6eee57d572a4c6a32b43d?s=96&d=mm&r=g","contentUrl":"https:\/\/secure.gravatar.com\/avatar\/11f9f40ddbd6eee57d572a4c6a32b43d?s=96&d=mm&r=g","caption":"mariacriado"},"url":"https:\/\/sites.cardenalcisneros.es\/ciudadarte\/index.php\/author\/mariacriado\/"}]}},"_links":{"self":[{"href":"https:\/\/sites.cardenalcisneros.es\/ciudadarte\/index.php\/wp-json\/wp\/v2\/posts\/7363"}],"collection":[{"href":"https:\/\/sites.cardenalcisneros.es\/ciudadarte\/index.php\/wp-json\/wp\/v2\/posts"}],"about":[{"href":"https:\/\/sites.cardenalcisneros.es\/ciudadarte\/index.php\/wp-json\/wp\/v2\/types\/post"}],"author":[{"embeddable":true,"href":"https:\/\/sites.cardenalcisneros.es\/ciudadarte\/index.php\/wp-json\/wp\/v2\/users\/277"}],"replies":[{"embeddable":true,"href":"https:\/\/sites.cardenalcisneros.es\/ciudadarte\/index.php\/wp-json\/wp\/v2\/comments?post=7363"}],"version-history":[{"count":0,"href":"https:\/\/sites.cardenalcisneros.es\/ciudadarte\/index.php\/wp-json\/wp\/v2\/posts\/7363\/revisions"}],"wp:attachment":[{"href":"https:\/\/sites.cardenalcisneros.es\/ciudadarte\/index.php\/wp-json\/wp\/v2\/media?parent=7363"}],"wp:term":[{"taxonomy":"category","embeddable":true,"href":"https:\/\/sites.cardenalcisneros.es\/ciudadarte\/index.php\/wp-json\/wp\/v2\/categories?post=7363"},{"taxonomy":"post_tag","embeddable":true,"href":"https:\/\/sites.cardenalcisneros.es\/ciudadarte\/index.php\/wp-json\/wp\/v2\/tags?post=7363"}],"curies":[{"name":"wp","href":"https:\/\/api.w.org\/{rel}","templated":true}]}}