{"id":6859,"date":"2016-05-14T10:34:52","date_gmt":"2016-05-14T10:34:52","guid":{"rendered":"http:\/\/sites.cardenalcisneros.es\/ciudadarte\/?p=6859"},"modified":"2016-05-14T10:34:52","modified_gmt":"2016-05-14T10:34:52","slug":"viena-austria-carl-vasquez-1830","status":"publish","type":"post","link":"https:\/\/sites.cardenalcisneros.es\/ciudadarte\/index.php\/2016\/05\/14\/viena-austria-carl-vasquez-1830\/","title":{"rendered":"VIENA (Carl Graf Vasquez, 1830)"},"content":{"rendered":"<p><a href=\"https:\/\/upload.wikimedia.org\/wikipedia\/commons\/d\/da\/Wien_1830_Vasquez_Innere_Stadt.jpg\" target=\"_blank\"><img decoding=\"async\" loading=\"lazy\" class=\"alignnone  wp-image-6868\" alt=\"1GEO-blog-lajarin-jimenez\" src=\"http:\/\/sites.cardenalcisneros.es\/ciudadarte\/wp-content\/uploads\/2016\/05\/1GEO-blog-lajarin-jimenez1-1024x576.jpg\" width=\"631\" height=\"353\" \/><\/a><\/p>\n<p style=\"text-align: justify;\"><span style=\"color: #000000;\">Este plano representa la ciudad de Viena todav\u00eda amurallada en el a\u00f1o 1830. Fue elaborado por Carl V\u00e1squez (1798-1861), un oficial y cart\u00f3grafo austriaco que realiz\u00f3 importantes planos de la ciudad, tales como, por ejemplo, el \u201cPlano de situaci\u00f3n de la capital y residencia de la ciudad imperial de Viena\u201d, as\u00ed como otros planos detallados de los antiguos distritos. Viena es una ciudad de Europa central, capital de Austria, situada a orillas del Danubio y al pie de la cordillera de los Alpes. Podemos decir que es una de las capitales m\u00e1s antiguas de Europa y cuenta con un importante patrimonio hist\u00f3rico-art\u00edstico.<\/span><\/p>\n<p style=\"text-align: justify;\"><span style=\"color: #000000;\">Viena fue fundada hacia el a\u00f1o 500 a. C por tribus de origen celta, quienes la nombraron Vedunia, es decir, \u00abarroyo boscoso\u00bb. Posteriormente fue habitada por los germ\u00e1nicos y m\u00e1s adelante por el Imperio Romano, quienes la llamaron Vindobona o \u00abciudad blanca\u00bb. El Danubio serv\u00eda de frontera natural entre el mundo romano y los barbaros pero, adem\u00e1s de sus funciones defensivas, el r\u00edo adquiri\u00f3 una importante funci\u00f3n comercial y de comunicaci\u00f3n. En la imagen que vamos a comentar se puede apreciar c\u00f3mo era el plano de Viena hacia el a\u00f1o 1830. En aquella \u00e9poca, Viena hab\u00eda sido conquistada por Napole\u00f3n Bonaparte y se encontraba en fase de recuperaci\u00f3n. A partir de octubre de 1814 se convirti\u00f3 en la sede de una gran conferencia internacional llamada el Congreso de Viena, que ten\u00eda como objetivo restablecer las fronteras de Europa y reorganizar la pol\u00edtica de las principales monarqu\u00edas del Antiguo R\u00e9gimen. Como consecuencia del congreso, Austria recuper\u00f3 sus posesiones en los Balcanes, Lombard\u00eda y el V\u00e9neto, perdidas durante las Guerras Napol\u00e9onicas.<\/span><\/p>\n<p style=\"text-align: justify;\"><span style=\"color: #000000;\">Podemos decir que Viena ten\u00eda una estructura acorde a la muralla, y en su interior se encontraba la ciudad, dividida en cuatro barrios o zonas denominados Schottenviertl, Wimmerviertl, Karnthervierl y Stubenviertl; cada uno de ellos est\u00e1 representado con un color diferente. La morfolog\u00eda o trazado que vemos en el plano es de tipo irregular, ya que la ciudad no presenta un esquema diferenciado, y las calles est\u00e1n todas ellas cruzadas, sin tener un esquema fijo. En el centro encontramos una plaza, la plaza de Graben la cual era el punto neur\u00e1lgico de la ciudad, y alrededor de ella se fueron construyendo los edificios. Adem\u00e1s de esta plaza, podemos encontrar que hab\u00eda muchas m\u00e1s, como por ejemplo, Burgplatz, Am Hof, la plaza de San Esteban, la plaza de Juden&#8230; Estas plazas serv\u00edan como espacios abiertos para el encuentro social, el intercambio comercial, el ocio o incluso para actividades de representaci\u00f3n p\u00fablica. Tambi\u00e9n vemos numerosos jardines como el \u201cVolksgarten\u201d que significa jard\u00edn del pueblo, que ostentaban fuciones de recreo y esparcimiento. Adem\u00e1s, tambi\u00e9n encontramos se\u00f1alados varios mercados, como el mercado de Neu y el mercado de Hoher. Para aquella \u00e9poca ya hab\u00eda muchos edificios importantes en la ciudad, como la catedral de San Esteban, que data del siglo XII y es de estilo g\u00f3tico. Asimismo, se distinguen varias avenidas como, por ejemplo, Herrengasse y Kamtner Strasse, la cual iba desde la plaza de San Esteban hasta la muralla.<\/span><\/p>\n<p style=\"text-align: justify;\"><span style=\"color: #000000;\">Finalmente podemos a\u00f1adir, que al centro hist\u00f3rico de la ciudad hoy en d\u00eda se le llama Innere Stadt, y ocupa todo lo que se encontraba en el interior de la muralla. El espacio que dejo la muralla, al ser derrumbada, hoy en d\u00eda se llama el Ring, y es una ronda o anillo de circunvalaci\u00f3n del cual salen diversas v\u00edas radiales que van hasta el G\u00fcrtel, que ser\u00eda el ensanche de la ciudad. Seguido del ensanche ya se encuentran los barrios perif\u00e9ricos con las industrias de transformaci\u00f3n. Dicho ensanche podemos decir que ya es de finales del siglo XIX y principios del XX, el cual se desarroll\u00f3 a partir de la demolici\u00f3n de la muralla.<\/span><\/p>\n<p>Raquel Lajar\u00edn Jim\u00e9nez<br \/>\n&nbsp;<\/p>\n","protected":false},"excerpt":{"rendered":"<p>Este plano representa la ciudad de Viena todav\u00eda amurallada en el a\u00f1o 1830. Fue elaborado por Carl V\u00e1squez (1798-1861), un oficial y cart\u00f3grafo austriaco que realiz\u00f3 importantes planos de la ciudad, tales como, por ejemplo, el \u201cPlano de situaci\u00f3n de la capital y residencia de la ciudad imperial de Viena\u201d, as\u00ed como otros planos detallados [&hellip;]<\/p>\n","protected":false},"author":253,"featured_media":0,"comment_status":"open","ping_status":"open","sticky":false,"template":"","format":"standard","meta":[],"categories":[1],"tags":[223],"yoast_head":"<!-- This site is optimized with the Yoast SEO plugin v20.7 - https:\/\/yoast.com\/wordpress\/plugins\/seo\/ -->\n<title>VIENA (Carl Graf Vasquez, 1830) - La Ciudad en el Arte<\/title>\n<meta name=\"robots\" content=\"index, follow, max-snippet:-1, max-image-preview:large, max-video-preview:-1\" \/>\n<link rel=\"canonical\" href=\"https:\/\/sites.cardenalcisneros.es\/ciudadarte\/index.php\/2016\/05\/14\/viena-austria-carl-vasquez-1830\/\" \/>\n<meta property=\"og:locale\" content=\"es_ES\" \/>\n<meta property=\"og:type\" content=\"article\" \/>\n<meta property=\"og:title\" content=\"VIENA (Carl Graf Vasquez, 1830) - La Ciudad en el Arte\" \/>\n<meta property=\"og:description\" content=\"Este plano representa la ciudad de Viena todav\u00eda amurallada en el a\u00f1o 1830. Fue elaborado por Carl V\u00e1squez (1798-1861), un oficial y cart\u00f3grafo austriaco que realiz\u00f3 importantes planos de la ciudad, tales como, por ejemplo, el \u201cPlano de situaci\u00f3n de la capital y residencia de la ciudad imperial de Viena\u201d, as\u00ed como otros planos detallados [&hellip;]\" \/>\n<meta property=\"og:url\" content=\"https:\/\/sites.cardenalcisneros.es\/ciudadarte\/index.php\/2016\/05\/14\/viena-austria-carl-vasquez-1830\/\" \/>\n<meta property=\"og:site_name\" content=\"La Ciudad en el Arte\" \/>\n<meta property=\"article:published_time\" content=\"2016-05-14T10:34:52+00:00\" \/>\n<meta property=\"og:image\" content=\"http:\/\/sites.cardenalcisneros.es\/ciudadarte\/wp-content\/uploads\/2016\/05\/1GEO-blog-lajarin-jimenez1-1024x576.jpg\" \/>\n<meta name=\"author\" content=\"03144219\" \/>\n<meta name=\"twitter:card\" content=\"summary_large_image\" \/>\n<meta name=\"twitter:label1\" content=\"Escrito por\" \/>\n\t<meta name=\"twitter:data1\" content=\"03144219\" \/>\n\t<meta name=\"twitter:label2\" content=\"Tiempo de lectura\" \/>\n\t<meta name=\"twitter:data2\" content=\"3 minutos\" \/>\n<script type=\"application\/ld+json\" class=\"yoast-schema-graph\">{\"@context\":\"https:\/\/schema.org\",\"@graph\":[{\"@type\":\"WebPage\",\"@id\":\"https:\/\/sites.cardenalcisneros.es\/ciudadarte\/index.php\/2016\/05\/14\/viena-austria-carl-vasquez-1830\/\",\"url\":\"https:\/\/sites.cardenalcisneros.es\/ciudadarte\/index.php\/2016\/05\/14\/viena-austria-carl-vasquez-1830\/\",\"name\":\"VIENA (Carl Graf Vasquez, 1830) - La Ciudad en el Arte\",\"isPartOf\":{\"@id\":\"https:\/\/sites.cardenalcisneros.es\/ciudadarte\/#website\"},\"datePublished\":\"2016-05-14T10:34:52+00:00\",\"dateModified\":\"2016-05-14T10:34:52+00:00\",\"author\":{\"@id\":\"https:\/\/sites.cardenalcisneros.es\/ciudadarte\/#\/schema\/person\/fc9d64f5bbe4681203898d587dfa3319\"},\"breadcrumb\":{\"@id\":\"https:\/\/sites.cardenalcisneros.es\/ciudadarte\/index.php\/2016\/05\/14\/viena-austria-carl-vasquez-1830\/#breadcrumb\"},\"inLanguage\":\"es\",\"potentialAction\":[{\"@type\":\"ReadAction\",\"target\":[\"https:\/\/sites.cardenalcisneros.es\/ciudadarte\/index.php\/2016\/05\/14\/viena-austria-carl-vasquez-1830\/\"]}]},{\"@type\":\"BreadcrumbList\",\"@id\":\"https:\/\/sites.cardenalcisneros.es\/ciudadarte\/index.php\/2016\/05\/14\/viena-austria-carl-vasquez-1830\/#breadcrumb\",\"itemListElement\":[{\"@type\":\"ListItem\",\"position\":1,\"name\":\"Portada\",\"item\":\"https:\/\/sites.cardenalcisneros.es\/ciudadarte\/\"},{\"@type\":\"ListItem\",\"position\":2,\"name\":\"VIENA (Carl Graf Vasquez, 1830)\"}]},{\"@type\":\"WebSite\",\"@id\":\"https:\/\/sites.cardenalcisneros.es\/ciudadarte\/#website\",\"url\":\"https:\/\/sites.cardenalcisneros.es\/ciudadarte\/\",\"name\":\"La Ciudad en el Arte\",\"description\":\"Un blog colaborativo sobre Geograf\u00eda, Urbanismo, Historia y Arte\",\"potentialAction\":[{\"@type\":\"SearchAction\",\"target\":{\"@type\":\"EntryPoint\",\"urlTemplate\":\"https:\/\/sites.cardenalcisneros.es\/ciudadarte\/?s={search_term_string}\"},\"query-input\":\"required name=search_term_string\"}],\"inLanguage\":\"es\"},{\"@type\":\"Person\",\"@id\":\"https:\/\/sites.cardenalcisneros.es\/ciudadarte\/#\/schema\/person\/fc9d64f5bbe4681203898d587dfa3319\",\"name\":\"03144219\",\"image\":{\"@type\":\"ImageObject\",\"inLanguage\":\"es\",\"@id\":\"https:\/\/sites.cardenalcisneros.es\/ciudadarte\/#\/schema\/person\/image\/\",\"url\":\"https:\/\/secure.gravatar.com\/avatar\/f936db72d80b2a88a7a5e7143c8e79f1?s=96&d=mm&r=g\",\"contentUrl\":\"https:\/\/secure.gravatar.com\/avatar\/f936db72d80b2a88a7a5e7143c8e79f1?s=96&d=mm&r=g\",\"caption\":\"03144219\"},\"url\":\"https:\/\/sites.cardenalcisneros.es\/ciudadarte\/index.php\/author\/03144219\/\"}]}<\/script>\n<!-- \/ Yoast SEO plugin. -->","yoast_head_json":{"title":"VIENA (Carl Graf Vasquez, 1830) - La Ciudad en el Arte","robots":{"index":"index","follow":"follow","max-snippet":"max-snippet:-1","max-image-preview":"max-image-preview:large","max-video-preview":"max-video-preview:-1"},"canonical":"https:\/\/sites.cardenalcisneros.es\/ciudadarte\/index.php\/2016\/05\/14\/viena-austria-carl-vasquez-1830\/","og_locale":"es_ES","og_type":"article","og_title":"VIENA (Carl Graf Vasquez, 1830) - La Ciudad en el Arte","og_description":"Este plano representa la ciudad de Viena todav\u00eda amurallada en el a\u00f1o 1830. Fue elaborado por Carl V\u00e1squez (1798-1861), un oficial y cart\u00f3grafo austriaco que realiz\u00f3 importantes planos de la ciudad, tales como, por ejemplo, el \u201cPlano de situaci\u00f3n de la capital y residencia de la ciudad imperial de Viena\u201d, as\u00ed como otros planos detallados [&hellip;]","og_url":"https:\/\/sites.cardenalcisneros.es\/ciudadarte\/index.php\/2016\/05\/14\/viena-austria-carl-vasquez-1830\/","og_site_name":"La Ciudad en el Arte","article_published_time":"2016-05-14T10:34:52+00:00","og_image":[{"url":"http:\/\/sites.cardenalcisneros.es\/ciudadarte\/wp-content\/uploads\/2016\/05\/1GEO-blog-lajarin-jimenez1-1024x576.jpg"}],"author":"03144219","twitter_card":"summary_large_image","twitter_misc":{"Escrito por":"03144219","Tiempo de lectura":"3 minutos"},"schema":{"@context":"https:\/\/schema.org","@graph":[{"@type":"WebPage","@id":"https:\/\/sites.cardenalcisneros.es\/ciudadarte\/index.php\/2016\/05\/14\/viena-austria-carl-vasquez-1830\/","url":"https:\/\/sites.cardenalcisneros.es\/ciudadarte\/index.php\/2016\/05\/14\/viena-austria-carl-vasquez-1830\/","name":"VIENA (Carl Graf Vasquez, 1830) - La Ciudad en el Arte","isPartOf":{"@id":"https:\/\/sites.cardenalcisneros.es\/ciudadarte\/#website"},"datePublished":"2016-05-14T10:34:52+00:00","dateModified":"2016-05-14T10:34:52+00:00","author":{"@id":"https:\/\/sites.cardenalcisneros.es\/ciudadarte\/#\/schema\/person\/fc9d64f5bbe4681203898d587dfa3319"},"breadcrumb":{"@id":"https:\/\/sites.cardenalcisneros.es\/ciudadarte\/index.php\/2016\/05\/14\/viena-austria-carl-vasquez-1830\/#breadcrumb"},"inLanguage":"es","potentialAction":[{"@type":"ReadAction","target":["https:\/\/sites.cardenalcisneros.es\/ciudadarte\/index.php\/2016\/05\/14\/viena-austria-carl-vasquez-1830\/"]}]},{"@type":"BreadcrumbList","@id":"https:\/\/sites.cardenalcisneros.es\/ciudadarte\/index.php\/2016\/05\/14\/viena-austria-carl-vasquez-1830\/#breadcrumb","itemListElement":[{"@type":"ListItem","position":1,"name":"Portada","item":"https:\/\/sites.cardenalcisneros.es\/ciudadarte\/"},{"@type":"ListItem","position":2,"name":"VIENA (Carl Graf Vasquez, 1830)"}]},{"@type":"WebSite","@id":"https:\/\/sites.cardenalcisneros.es\/ciudadarte\/#website","url":"https:\/\/sites.cardenalcisneros.es\/ciudadarte\/","name":"La Ciudad en el Arte","description":"Un blog colaborativo sobre Geograf\u00eda, Urbanismo, Historia y Arte","potentialAction":[{"@type":"SearchAction","target":{"@type":"EntryPoint","urlTemplate":"https:\/\/sites.cardenalcisneros.es\/ciudadarte\/?s={search_term_string}"},"query-input":"required name=search_term_string"}],"inLanguage":"es"},{"@type":"Person","@id":"https:\/\/sites.cardenalcisneros.es\/ciudadarte\/#\/schema\/person\/fc9d64f5bbe4681203898d587dfa3319","name":"03144219","image":{"@type":"ImageObject","inLanguage":"es","@id":"https:\/\/sites.cardenalcisneros.es\/ciudadarte\/#\/schema\/person\/image\/","url":"https:\/\/secure.gravatar.com\/avatar\/f936db72d80b2a88a7a5e7143c8e79f1?s=96&d=mm&r=g","contentUrl":"https:\/\/secure.gravatar.com\/avatar\/f936db72d80b2a88a7a5e7143c8e79f1?s=96&d=mm&r=g","caption":"03144219"},"url":"https:\/\/sites.cardenalcisneros.es\/ciudadarte\/index.php\/author\/03144219\/"}]}},"_links":{"self":[{"href":"https:\/\/sites.cardenalcisneros.es\/ciudadarte\/index.php\/wp-json\/wp\/v2\/posts\/6859"}],"collection":[{"href":"https:\/\/sites.cardenalcisneros.es\/ciudadarte\/index.php\/wp-json\/wp\/v2\/posts"}],"about":[{"href":"https:\/\/sites.cardenalcisneros.es\/ciudadarte\/index.php\/wp-json\/wp\/v2\/types\/post"}],"author":[{"embeddable":true,"href":"https:\/\/sites.cardenalcisneros.es\/ciudadarte\/index.php\/wp-json\/wp\/v2\/users\/253"}],"replies":[{"embeddable":true,"href":"https:\/\/sites.cardenalcisneros.es\/ciudadarte\/index.php\/wp-json\/wp\/v2\/comments?post=6859"}],"version-history":[{"count":0,"href":"https:\/\/sites.cardenalcisneros.es\/ciudadarte\/index.php\/wp-json\/wp\/v2\/posts\/6859\/revisions"}],"wp:attachment":[{"href":"https:\/\/sites.cardenalcisneros.es\/ciudadarte\/index.php\/wp-json\/wp\/v2\/media?parent=6859"}],"wp:term":[{"taxonomy":"category","embeddable":true,"href":"https:\/\/sites.cardenalcisneros.es\/ciudadarte\/index.php\/wp-json\/wp\/v2\/categories?post=6859"},{"taxonomy":"post_tag","embeddable":true,"href":"https:\/\/sites.cardenalcisneros.es\/ciudadarte\/index.php\/wp-json\/wp\/v2\/tags?post=6859"}],"curies":[{"name":"wp","href":"https:\/\/api.w.org\/{rel}","templated":true}]}}