{"id":6505,"date":"2015-05-15T15:22:44","date_gmt":"2015-05-15T15:22:44","guid":{"rendered":"http:\/\/sites.cardenalcisneros.es\/ciudadarte\/?p=6505"},"modified":"2015-05-15T15:22:44","modified_gmt":"2015-05-15T15:22:44","slug":"cartagena-indias","status":"publish","type":"post","link":"https:\/\/sites.cardenalcisneros.es\/ciudadarte\/index.php\/2015\/05\/15\/cartagena-indias\/","title":{"rendered":"CARTAGENA DE INDIAS (Jean Beaurian, 1741)"},"content":{"rendered":"<p><a href=\"http:\/\/es.wikipedia.org\/wiki\/Blas_de_Lezo#\/media\/File:Plano_de_Cartagena_de_las_Indias_%281735%29_-_AHG.jpg\" target=\"_blank\"><img decoding=\"async\" loading=\"lazy\" class=\"alignnone  wp-image-6516\" alt=\"Diapositiva 1\" src=\"http:\/\/sites.cardenalcisneros.es\/ciudadarte\/wp-content\/uploads\/2015\/05\/1geo-blog-mendez-roca1.jpg\" width=\"770\" height=\"569\" \/><\/a><\/p>\n<p style=\"text-align: justify;\"><span style=\"color: #000000;\">El plano de la ciudad\u00a0\u00a0 escogido para el estudio data del\u00a0 a\u00f1o 1741 y fue realizado por el cart\u00f3grafo franc\u00e9s Jean Beaurian. El inter\u00e9s de algunos pa\u00edses europeos en invadir, saquear y conquistar tierras en el nuevo continente motivaron a fracases, holandeses e ingleses en hacer de Cartagena una de las ciudades m\u00e1s cartografiadas para conocer mejor su infraestructura y v\u00edas de acceso tanto mar\u00edtimo como terrestre.<\/span><\/p>\n<p style=\"text-align: justify;\"><span style=\"color: #000000;\">La representaci\u00f3n gr\u00e1fica del territorio que ocupa la ciudad nos ofrece una lectura de elementos informativos de la Bah\u00eda de Cartagena que fue descubierta en el \u00a0a\u00f1o 1501, por \u00a0el sevillano Rodrigo de Bastidas. Esta \u00a0ciudad \u00a0despert\u00f3 gran inter\u00e9s por su ubicaci\u00f3n geogr\u00e1fica ya que est\u00e1 situada en la costa norte de Colombia, conectando de alguna manera el continente Sur Americano con el Mar Caribe. Se encuentra en las coordenadas de latitud a 10\u00ba 23\u2019 norte y longitud 75\u00ba 32\u2019 oeste, en el centro de una bah\u00eda que sirve como refugio natural.<\/span><\/p>\n<p style=\"text-align: justify;\"><span style=\"color: #000000;\">Cartagena parte de un asentamiento de dos islas bajas \u00a0que posteriormente fueron unidas y por ende rodeadas por el mar Caribe, adem\u00e1s de importantes cuerpos de agua que se convierten en elementos dominantes de su estructura morfol\u00f3gica. Estos cuerpos de agua la recorren en su interior formando un \u00e1rea insular y un \u00e1rea continental. Por su ubicaci\u00f3n estrat\u00e9gica, la ciudad se convirti\u00f3 en un centro log\u00edstico y comercial, adem\u00e1s de puerto de enlace con otras ciudades. Esto permiti\u00f3 que su actividad econ\u00f3mica se consolidase \u00a0espec\u00edficamente en el comercio, o sea, venta, compra, almacenamiento y canje de productos de toda \u00edndole desde la venta de esclavos, mercanc\u00edas de oro, piedras preciosas, etc. La ciudad se convirti\u00f3 por lo tanto en objetivo de poder pol\u00edtico y administrativo de primer orden. <\/span><\/p>\n<p style=\"text-align: justify;\"><span style=\"color: #000000;\">Cartagena de Indias fue llamada as\u00ed por su supuesto parecido en cuanto a su emplazamiento geo-topogr\u00e1fico, a la Cartagena del Levante espa\u00f1ol. Fue fundada el 1 de Junio de 1533 por el conquistador espa\u00f1ol Don Pedro de Heredia en el sitio que los abor\u00edgenes llamaban \u201cCalamar\u00ed\u201d (cangrejos). Estuvo habitada por un pueblo ind\u00edgena, los Calamar\u00ed, de la tribu de los Mocanaes, que se organizaron en grupos y construyeron un \u00a0conjunto de chozas agrupadas y encerradas por una empalizada. En un principio la escasez de agua de calidad para abastecer la ciudad y el dif\u00edcil acceso a terrenos h\u00e1biles para el cultivo y ganader\u00eda retras\u00f3 su colonizaci\u00f3n, pero \u00a0con el tiempo estos inconvenientes se fueron solucionando lentamente a trav\u00e9s de la explotaci\u00f3n de pozos de agua, adem\u00e1s de la creaci\u00f3n de extensas caravanas de exploradores espa\u00f1oles acompa\u00f1ados de soldados y nativos de la regi\u00f3n quienes se internaban en tierra firme buscando terrenos aptos para la agricultura y la ganader\u00eda.<\/span><\/p>\n<p style=\"text-align: justify;\"><span style=\"color: #000000;\">Despu\u00e9s de su fundaci\u00f3n, la ciudad de Cartagena cambi\u00f3 de imagen lentamente, desde un poblado primitivo a una ciudad de estructura espa\u00f1ola. Siguiendo en un principio las pautas marcadas por el poblado ind\u00edgena, el emplazamiento de la ciudad dio lugar a un esquema de organizaci\u00f3n territorial, en el que los trazos de los caminos part\u00edan desde el punto de origen del poblado, desde la plaza central o \u201cPlaza Real de la mar\u201d hacia la periferia en forma radial, como incipiente transformaci\u00f3n. A comienzos del siglo XVI se dio un proceso de expansi\u00f3n y crecimiento en el\u00a0 \u00e1rea urbana promoviendo el trazado de \u00a0las primeras calles \u00a0a cargo del Lic. Juan de Vadillo, hecho que contribuy\u00f3 y facilit\u00f3 la morfolog\u00eda del asentamiento, ubicaci\u00f3n y delimitaci\u00f3n de parcelas y solares. La infraestructura de la ciudad aport\u00f3 elementos determinantes en la forma y en la construcci\u00f3n.<\/span><\/p>\n<p style=\"text-align: justify;\"><span style=\"color: #000000;\">Ya desde el siglo XVI se hab\u00edan empezado las construcciones de los fuertes de defensa protegidos por militares espa\u00f1oles. El primero fue el Fuerte del Boquer\u00f3n \u201cFuerte de San Sebasti\u00e1n del Pastelillo\u201d que ten\u00eda por objeto proteger la entrada a la ciudad desde la bah\u00eda de las \u00c1nimas y otros fuertes ubicados estrat\u00e9gicamente como el de la cima del cerro de la Galera (cerro de la Popa), y el del cerro \u00a0de San Lorenzo como el Castillo de San Felipe de Barajas cuya construcci\u00f3n se inici\u00f3 en 1536 y fue expandida significativamente en 1657. Esta importante construcci\u00f3n ser\u00eda el escenario donde se libr\u00f3 la batalla el 13 de marzo de 1741 contra el corsario ingl\u00e9s Edward Vernon, dando inicio al famoso <i>sitio de Cartagena de Indias. <\/i>Como estrategia de defensa militar, tambi\u00e9n se cont\u00f3 con la construcci\u00f3n de \u00a0otros Fuertes en las islas que conforman la bah\u00eda.<\/span><\/p>\n<p style=\"text-align: justify;\"><span style=\"color: #000000;\">Bajo la gobernaci\u00f3n de Fern\u00e1ndez de Busto se impulsaron las obras p\u00fablicas a finales del siglo XVI y la mayor\u00eda de los boh\u00edos se hab\u00edan reemplazado por casas de piedra. Tambi\u00e9n se rellen\u00f3 parte de la ci\u00e9naga de San Anastasio y el \u00e1rea del puente de San Francisco logrando una comunicaci\u00f3n por tierra entre las dos\u00a0 islas que conformar\u00edan la ciudad antigua y que posterior mente en una de ellas se asent\u00f3 el arrabal. En el siglo XVII se continuaron las construcciones para la defensa de la ciudad \u00a0contra los piratas y corsarios provenientes de Europa: Ingleses como Francis Drake en 1586, y franceses y holandeses. Por esta raz\u00f3n el Rey Felipe II encomend\u00f3 la misi\u00f3n de construir las murallas para el resto de la ciudad, que sirvieron de fuertes \u00a0de defensa, como tambi\u00e9n protecci\u00f3n \u00a0de fen\u00f3menos meteorol\u00f3gicos. Otra misi\u00f3n del Rey fue la de nombrar el cabildo y dar trazas para el urbanismo de la ciudad.<\/span><\/p>\n<p style=\"text-align: justify;\"><span style=\"color: #000000;\">Cartagena de Indias pas\u00f3 por varios procesos de reconstrucci\u00f3n despu\u00e9s de que la azotara y destruyera en muchas ocasiones incendios, ataques de piratas y mercenarios, hasta los fen\u00f3menos naturales, vendavales, huracanes etc. Una de las tareas de reconstrucci\u00f3n y mejoramiento fueron ejecutadas a cargo de Vadillo, como la construcci\u00f3n de puentes y v\u00edas de conexi\u00f3n con la isla de Getseman\u00ed. En este siglo se genera el primer ensanche de la ciudad, dando lugar al arrabal de Getseman\u00ed. De igual manera se abrieron nuevos caminos para el ganado por la \u00a0puerta de la Media Luna que conecta con tierra firme.<\/span><\/p>\n<p style=\"text-align: justify;\"><span style=\"color: #000000;\">La ciudad de Cartagena fue sometida a una estructura generada por el circuito de murallas y baluartes que enceraba a la ciudad entera, que condicion\u00f3 la estructura de las calles por las puertas que se abrieron en las\u00a0 murallas. Todo el entramado de calles se comunicaba con todas las puertas y con la puerta principal la que da salida y conexi\u00f3n con el puente de San Francisco que lleva al arrabal de Getseman\u00ed. Las calles con sentido norte-sur, las de sentido oriente se crean sombras donde la orientaci\u00f3n de las casas por su doble altura y el ancho de las calles, generando un micro clima de confort.<\/span><\/p>\n<p style=\"text-align: justify;\"><span style=\"color: #000000;\">La importancia militar de Cartagena de Indias motiv\u00f3 que las obras de rehabilitaci\u00f3n se centraran en los fuertes de defensa y en la construcci\u00f3n de\u00a0 muelles, y menos en la infraestructura urbana. Durante los siglos XVII y XVIII se trabaj\u00f3 la infraestructura militar con los proyectos de defensa con murallas y baluartes que acondicionaron y transformaron la ciudad en un n\u00facleo cerrado con proyecci\u00f3n hacia su interior, que siglos mas tardes se abrir\u00e1 al extramuros, expandi\u00e9ndose la ciudad.<\/span><\/p>\n<p style=\"text-align: justify;\"><span style=\"color: #000000;\">La ciudad fue asent\u00e1ndose desde el siglo XVI, creciendo en torno a iglesias, monasterios y conventos, este equipamiento religioso que se vio aumentado\u00a0 en el siglo XVII, \u00a0esto se debi\u00f3 a que se velaba por la fe cat\u00f3lica de sus habitantes ya que por las costumbres de nativos y esclavos se realizaban cultos paganos. Estos cultos inclu\u00edan formas de hechicer\u00eda, lo que result\u00f3 en la necesidad de implantar la Inquisici\u00f3n en 1610 para asegurar y velar la \u00a0espiritualidad cristiana de los habitantes. <\/span><\/p>\n<p style=\"text-align: justify;\"><span style=\"color: #000000;\">Entres las principales edificaciones encontramos muchos monasterios e iglesias, como<b> <\/b>Iglesia de la Sant\u00edsima Trinidad, edificada hacia el a\u00f1o 1716, que es un templo de tres naves, el techo y el presbiterio est\u00e1n ornamentados\u00a0 al\u00a0 estilo mud\u00e9jar; el<b> <\/b>Convento de San Diego, construido en 1608; el Claustro de la Merced, comenzado en 1619; el Convento de Santa Clara, construido en el a\u00f1o de 1621 por el espa\u00f1ol\u00a0 Sim\u00f3n Gonz\u00e1lez para la Orden de Las Clarisas; el Convento de San Isidoro<b>, <\/b>construido en 1850; la parroquia adyacente de Santo Domingo, construida<b> <\/b>en 1690 por las calles de la ciudad de los marrajos; la Catedral, construida entre los a\u00f1os 1577 y 1612,<b> <\/b>una de las primeras construcciones de la ciudad que marc\u00f3 el punto de partida para el primer trazado\u00a0 de calles; el<b> <\/b>Claustro de la Iglesia de San Juan de Dios,<b> <\/b>de 1580-1654, perteneciente a la comunidad religiosa de los jesuitasy luego denominada Iglesia de San Ignacio de Loyola, primero, y San Pedro Claver, despu\u00e9s, por el misionero y sacerdote que dio refugio y acogida a los negros esclavos en ese sitio; finalmente, el Convento de Santa Teresa, de<b> <\/b>1609, que fue el primer monasterio de descalzas femenino de la ciudad gracias a la generosidad de las damas de la alta sociedad.<\/span><\/p>\n<p style=\"text-align: justify;\"><span style=\"color: #000000;\">Otro elemento urban\u00edstico es el compuesto por plazas que se encuentran al pie de cada construcci\u00f3n eclesi\u00e1stica y administrativa. Entre las m\u00e1s importantes destaca el Palacio de la Inquisici\u00f3n, de estilo barroco, situado en la actual plaza de Bol\u00edvar, el Real Consulado de Cartagena, que se cre\u00f3 para facilitar y fomentar la labor de agricultores, comerciantes e industriales, la apertura de v\u00edas de comunicaci\u00f3n y todo lo relacionado con el desarrollo econ\u00f3mico de la ciudad, la Antigua Real Contadur\u00eda, actualmente \u00a0Plaza de la \u00a0Aduana, la \u00abPlaza del Juez\u00bb, actualmente Plaza de los coches, la plaza de la catedral actualmente plaza de la Proclamaci\u00f3n, y la Plaza-parque \u00a0Fern\u00e1ndez de \u00a0Madrid en segundo rango de importancia.<\/span><\/p>\n<p style=\"text-align: justify;\"><span style=\"color: #000000;\">El plano reproducido aqu\u00ed data del siglo XVIII, per\u00edodo en que se mantuvo una cierta calma en el desarrollo urban\u00edstico de la ciudad. En cuanto a las nuevas construcciones especialmente las religiosas crearon ambientes en el interior de los edificios con jardines, huertos en sus patios interiores, procurando de esta manera una disposici\u00f3n urban\u00edstica s\u00f3lida. Este proceso de transformaci\u00f3n urbano ayudado por los avances en la utilizaci\u00f3n de material como la mamposter\u00eda de piedra que sustituy\u00f3 a la madera y al bahareque permitiendo as\u00ed nuevos dise\u00f1os en la construcci\u00f3n. Una ciudad conformada por dos islas, de calles estrechas\u00a0 con ejes Norte-sur, Oriente \u2013poniente conformando un estructura reticular irregular, reforzada y cerrada por murallas cada isla, de aspecto significativo. <\/span><\/p>\n<p style=\"text-align: justify;\"><span style=\"color: #000000;\">La Cartagena actual, \u00a0fue proclamada como \u00a0Patrimonio Hist\u00f3rico de la Humanidad por la UNESCO en el a\u00f1o 1984, \u00a0y hoy por hoy, \u00a0se levanta \u00a0en el \u00a0desarrollo tur\u00edstico debido a sus playas y su patrimonio cultural. Actualmente cuenta con 978.600 habitantes aproximadamente, siendo la quinta ciudad \u00a0m\u00e1s poblada del pa\u00eds. La din\u00e1mica econ\u00f3mica de esta ciudad ha cambiado por supuesto desde sus inicios, pero de alguna forma conserva ese esp\u00edritu comercial que la identific\u00f3 y caracteriz\u00f3 desde sus inicios. Cartagena es actualmente el lugar de encuentro de un gran n\u00famero de inmigrantes colombianos provenientes del \u00a0interior y sur del pa\u00eds los cuales vienen huyendo de la violencia civil que ha estado enfrentando Colombia desde varias d\u00e9cadas atr\u00e1s. Esto la ha convertido en centro tur\u00edstico, cultural y comercial de la parte norte del continente suramericano.<\/span><\/p>\n<p>Rosemary M\u00e9ndez Roca<\/p>\n","protected":false},"excerpt":{"rendered":"<p>El plano de la ciudad\u00a0\u00a0 escogido para el estudio data del\u00a0 a\u00f1o 1741 y fue realizado por el cart\u00f3grafo franc\u00e9s Jean Beaurian. El inter\u00e9s de algunos pa\u00edses europeos en invadir, saquear y conquistar tierras en el nuevo continente motivaron a fracases, holandeses e ingleses en hacer de Cartagena una de las ciudades m\u00e1s cartografiadas para [&hellip;]<\/p>\n","protected":false},"author":237,"featured_media":0,"comment_status":"open","ping_status":"open","sticky":false,"template":"","format":"standard","meta":[],"categories":[1],"tags":[46],"yoast_head":"<!-- This site is optimized with the Yoast SEO plugin v20.7 - https:\/\/yoast.com\/wordpress\/plugins\/seo\/ -->\n<title>CARTAGENA DE INDIAS (Jean Beaurian, 1741) - La Ciudad en el Arte<\/title>\n<meta name=\"robots\" content=\"index, follow, max-snippet:-1, max-image-preview:large, max-video-preview:-1\" \/>\n<link rel=\"canonical\" href=\"https:\/\/sites.cardenalcisneros.es\/ciudadarte\/index.php\/2015\/05\/15\/cartagena-indias\/\" \/>\n<meta property=\"og:locale\" content=\"es_ES\" \/>\n<meta property=\"og:type\" content=\"article\" \/>\n<meta property=\"og:title\" content=\"CARTAGENA DE INDIAS (Jean Beaurian, 1741) - La Ciudad en el Arte\" \/>\n<meta property=\"og:description\" content=\"El plano de la ciudad\u00a0\u00a0 escogido para el estudio data del\u00a0 a\u00f1o 1741 y fue realizado por el cart\u00f3grafo franc\u00e9s Jean Beaurian. El inter\u00e9s de algunos pa\u00edses europeos en invadir, saquear y conquistar tierras en el nuevo continente motivaron a fracases, holandeses e ingleses en hacer de Cartagena una de las ciudades m\u00e1s cartografiadas para [&hellip;]\" \/>\n<meta property=\"og:url\" content=\"https:\/\/sites.cardenalcisneros.es\/ciudadarte\/index.php\/2015\/05\/15\/cartagena-indias\/\" \/>\n<meta property=\"og:site_name\" content=\"La Ciudad en el Arte\" \/>\n<meta property=\"article:published_time\" content=\"2015-05-15T15:22:44+00:00\" \/>\n<meta property=\"og:image\" content=\"http:\/\/sites.cardenalcisneros.es\/ciudadarte\/wp-content\/uploads\/2015\/05\/1geo-blog-mendez-roca1.jpg\" \/>\n<meta name=\"author\" content=\"Rosemary\" \/>\n<meta name=\"twitter:card\" content=\"summary_large_image\" \/>\n<meta name=\"twitter:label1\" content=\"Escrito por\" \/>\n\t<meta name=\"twitter:data1\" content=\"Rosemary\" \/>\n\t<meta name=\"twitter:label2\" content=\"Tiempo de lectura\" \/>\n\t<meta name=\"twitter:data2\" content=\"10 minutos\" \/>\n<script type=\"application\/ld+json\" class=\"yoast-schema-graph\">{\"@context\":\"https:\/\/schema.org\",\"@graph\":[{\"@type\":\"WebPage\",\"@id\":\"https:\/\/sites.cardenalcisneros.es\/ciudadarte\/index.php\/2015\/05\/15\/cartagena-indias\/\",\"url\":\"https:\/\/sites.cardenalcisneros.es\/ciudadarte\/index.php\/2015\/05\/15\/cartagena-indias\/\",\"name\":\"CARTAGENA DE INDIAS (Jean Beaurian, 1741) - La Ciudad en el Arte\",\"isPartOf\":{\"@id\":\"https:\/\/sites.cardenalcisneros.es\/ciudadarte\/#website\"},\"datePublished\":\"2015-05-15T15:22:44+00:00\",\"dateModified\":\"2015-05-15T15:22:44+00:00\",\"author\":{\"@id\":\"https:\/\/sites.cardenalcisneros.es\/ciudadarte\/#\/schema\/person\/1705a0ec3511cf306f77708822de8701\"},\"breadcrumb\":{\"@id\":\"https:\/\/sites.cardenalcisneros.es\/ciudadarte\/index.php\/2015\/05\/15\/cartagena-indias\/#breadcrumb\"},\"inLanguage\":\"es\",\"potentialAction\":[{\"@type\":\"ReadAction\",\"target\":[\"https:\/\/sites.cardenalcisneros.es\/ciudadarte\/index.php\/2015\/05\/15\/cartagena-indias\/\"]}]},{\"@type\":\"BreadcrumbList\",\"@id\":\"https:\/\/sites.cardenalcisneros.es\/ciudadarte\/index.php\/2015\/05\/15\/cartagena-indias\/#breadcrumb\",\"itemListElement\":[{\"@type\":\"ListItem\",\"position\":1,\"name\":\"Portada\",\"item\":\"https:\/\/sites.cardenalcisneros.es\/ciudadarte\/\"},{\"@type\":\"ListItem\",\"position\":2,\"name\":\"CARTAGENA DE INDIAS (Jean Beaurian, 1741)\"}]},{\"@type\":\"WebSite\",\"@id\":\"https:\/\/sites.cardenalcisneros.es\/ciudadarte\/#website\",\"url\":\"https:\/\/sites.cardenalcisneros.es\/ciudadarte\/\",\"name\":\"La Ciudad en el Arte\",\"description\":\"Un blog colaborativo sobre Geograf\u00eda, Urbanismo, Historia y Arte\",\"potentialAction\":[{\"@type\":\"SearchAction\",\"target\":{\"@type\":\"EntryPoint\",\"urlTemplate\":\"https:\/\/sites.cardenalcisneros.es\/ciudadarte\/?s={search_term_string}\"},\"query-input\":\"required name=search_term_string\"}],\"inLanguage\":\"es\"},{\"@type\":\"Person\",\"@id\":\"https:\/\/sites.cardenalcisneros.es\/ciudadarte\/#\/schema\/person\/1705a0ec3511cf306f77708822de8701\",\"name\":\"Rosemary\",\"image\":{\"@type\":\"ImageObject\",\"inLanguage\":\"es\",\"@id\":\"https:\/\/sites.cardenalcisneros.es\/ciudadarte\/#\/schema\/person\/image\/\",\"url\":\"https:\/\/secure.gravatar.com\/avatar\/1a33f5d28960cfb921aa656db4a35e4b?s=96&d=mm&r=g\",\"contentUrl\":\"https:\/\/secure.gravatar.com\/avatar\/1a33f5d28960cfb921aa656db4a35e4b?s=96&d=mm&r=g\",\"caption\":\"Rosemary\"},\"url\":\"https:\/\/sites.cardenalcisneros.es\/ciudadarte\/index.php\/author\/48082075\/\"}]}<\/script>\n<!-- \/ Yoast SEO plugin. -->","yoast_head_json":{"title":"CARTAGENA DE INDIAS (Jean Beaurian, 1741) - La Ciudad en el Arte","robots":{"index":"index","follow":"follow","max-snippet":"max-snippet:-1","max-image-preview":"max-image-preview:large","max-video-preview":"max-video-preview:-1"},"canonical":"https:\/\/sites.cardenalcisneros.es\/ciudadarte\/index.php\/2015\/05\/15\/cartagena-indias\/","og_locale":"es_ES","og_type":"article","og_title":"CARTAGENA DE INDIAS (Jean Beaurian, 1741) - La Ciudad en el Arte","og_description":"El plano de la ciudad\u00a0\u00a0 escogido para el estudio data del\u00a0 a\u00f1o 1741 y fue realizado por el cart\u00f3grafo franc\u00e9s Jean Beaurian. El inter\u00e9s de algunos pa\u00edses europeos en invadir, saquear y conquistar tierras en el nuevo continente motivaron a fracases, holandeses e ingleses en hacer de Cartagena una de las ciudades m\u00e1s cartografiadas para [&hellip;]","og_url":"https:\/\/sites.cardenalcisneros.es\/ciudadarte\/index.php\/2015\/05\/15\/cartagena-indias\/","og_site_name":"La Ciudad en el Arte","article_published_time":"2015-05-15T15:22:44+00:00","og_image":[{"url":"http:\/\/sites.cardenalcisneros.es\/ciudadarte\/wp-content\/uploads\/2015\/05\/1geo-blog-mendez-roca1.jpg"}],"author":"Rosemary","twitter_card":"summary_large_image","twitter_misc":{"Escrito por":"Rosemary","Tiempo de lectura":"10 minutos"},"schema":{"@context":"https:\/\/schema.org","@graph":[{"@type":"WebPage","@id":"https:\/\/sites.cardenalcisneros.es\/ciudadarte\/index.php\/2015\/05\/15\/cartagena-indias\/","url":"https:\/\/sites.cardenalcisneros.es\/ciudadarte\/index.php\/2015\/05\/15\/cartagena-indias\/","name":"CARTAGENA DE INDIAS (Jean Beaurian, 1741) - La Ciudad en el Arte","isPartOf":{"@id":"https:\/\/sites.cardenalcisneros.es\/ciudadarte\/#website"},"datePublished":"2015-05-15T15:22:44+00:00","dateModified":"2015-05-15T15:22:44+00:00","author":{"@id":"https:\/\/sites.cardenalcisneros.es\/ciudadarte\/#\/schema\/person\/1705a0ec3511cf306f77708822de8701"},"breadcrumb":{"@id":"https:\/\/sites.cardenalcisneros.es\/ciudadarte\/index.php\/2015\/05\/15\/cartagena-indias\/#breadcrumb"},"inLanguage":"es","potentialAction":[{"@type":"ReadAction","target":["https:\/\/sites.cardenalcisneros.es\/ciudadarte\/index.php\/2015\/05\/15\/cartagena-indias\/"]}]},{"@type":"BreadcrumbList","@id":"https:\/\/sites.cardenalcisneros.es\/ciudadarte\/index.php\/2015\/05\/15\/cartagena-indias\/#breadcrumb","itemListElement":[{"@type":"ListItem","position":1,"name":"Portada","item":"https:\/\/sites.cardenalcisneros.es\/ciudadarte\/"},{"@type":"ListItem","position":2,"name":"CARTAGENA DE INDIAS (Jean Beaurian, 1741)"}]},{"@type":"WebSite","@id":"https:\/\/sites.cardenalcisneros.es\/ciudadarte\/#website","url":"https:\/\/sites.cardenalcisneros.es\/ciudadarte\/","name":"La Ciudad en el Arte","description":"Un blog colaborativo sobre Geograf\u00eda, Urbanismo, Historia y Arte","potentialAction":[{"@type":"SearchAction","target":{"@type":"EntryPoint","urlTemplate":"https:\/\/sites.cardenalcisneros.es\/ciudadarte\/?s={search_term_string}"},"query-input":"required name=search_term_string"}],"inLanguage":"es"},{"@type":"Person","@id":"https:\/\/sites.cardenalcisneros.es\/ciudadarte\/#\/schema\/person\/1705a0ec3511cf306f77708822de8701","name":"Rosemary","image":{"@type":"ImageObject","inLanguage":"es","@id":"https:\/\/sites.cardenalcisneros.es\/ciudadarte\/#\/schema\/person\/image\/","url":"https:\/\/secure.gravatar.com\/avatar\/1a33f5d28960cfb921aa656db4a35e4b?s=96&d=mm&r=g","contentUrl":"https:\/\/secure.gravatar.com\/avatar\/1a33f5d28960cfb921aa656db4a35e4b?s=96&d=mm&r=g","caption":"Rosemary"},"url":"https:\/\/sites.cardenalcisneros.es\/ciudadarte\/index.php\/author\/48082075\/"}]}},"_links":{"self":[{"href":"https:\/\/sites.cardenalcisneros.es\/ciudadarte\/index.php\/wp-json\/wp\/v2\/posts\/6505"}],"collection":[{"href":"https:\/\/sites.cardenalcisneros.es\/ciudadarte\/index.php\/wp-json\/wp\/v2\/posts"}],"about":[{"href":"https:\/\/sites.cardenalcisneros.es\/ciudadarte\/index.php\/wp-json\/wp\/v2\/types\/post"}],"author":[{"embeddable":true,"href":"https:\/\/sites.cardenalcisneros.es\/ciudadarte\/index.php\/wp-json\/wp\/v2\/users\/237"}],"replies":[{"embeddable":true,"href":"https:\/\/sites.cardenalcisneros.es\/ciudadarte\/index.php\/wp-json\/wp\/v2\/comments?post=6505"}],"version-history":[{"count":0,"href":"https:\/\/sites.cardenalcisneros.es\/ciudadarte\/index.php\/wp-json\/wp\/v2\/posts\/6505\/revisions"}],"wp:attachment":[{"href":"https:\/\/sites.cardenalcisneros.es\/ciudadarte\/index.php\/wp-json\/wp\/v2\/media?parent=6505"}],"wp:term":[{"taxonomy":"category","embeddable":true,"href":"https:\/\/sites.cardenalcisneros.es\/ciudadarte\/index.php\/wp-json\/wp\/v2\/categories?post=6505"},{"taxonomy":"post_tag","embeddable":true,"href":"https:\/\/sites.cardenalcisneros.es\/ciudadarte\/index.php\/wp-json\/wp\/v2\/tags?post=6505"}],"curies":[{"name":"wp","href":"https:\/\/api.w.org\/{rel}","templated":true}]}}