{"id":6338,"date":"2015-05-03T18:51:26","date_gmt":"2015-05-03T18:51:26","guid":{"rendered":"http:\/\/sites.cardenalcisneros.es\/ciudadarte\/?p=6338"},"modified":"2015-05-03T18:51:26","modified_gmt":"2015-05-03T18:51:26","slug":"lyon-cronicas-1493","status":"publish","type":"post","link":"https:\/\/sites.cardenalcisneros.es\/ciudadarte\/index.php\/2015\/05\/03\/lyon-cronicas-1493\/","title":{"rendered":"LYON (Cr\u00f3nicas de N\u00faremberg, 1493)"},"content":{"rendered":"<p style=\"text-align: justify;\"><a href=\"http:\/\/sites.cardenalcisneros.es\/ciudadarte\/wp-content\/uploads\/2015\/05\/1GEO-blog-Monterrubio-Ramos1.jpg\"><img decoding=\"async\" loading=\"lazy\" class=\"alignnone  wp-image-6351\" alt=\"1GEO-blog-Monterrubio-Ramos\" src=\"http:\/\/sites.cardenalcisneros.es\/ciudadarte\/wp-content\/uploads\/2015\/05\/1GEO-blog-Monterrubio-Ramos1.jpg\" width=\"614\" height=\"461\" \/><\/a><span style=\"color: #000000;\">Esta obra representa la ciudad de Lyon. Lyon es la tercera ciudad m\u00e1s poblada de Francia y fue antigua capital de la Galia bajo el Imperio Romano. Durante la Edad Media, Lyon se convirti\u00f3 en una ciudad comercial y adopt\u00f3 su nombre en referencia a \u00ablion\u00bb por ser la primera ciudad donde se registraron trabajos textiles para fabricar disfraces de leones, que alcanzaron gran popularidad. M\u00e1s tarde, en el siglo\u00a0XIX se transform\u00f3 en una plaza industrial y financiera de primer orden.<\/span><\/p>\n<p style=\"text-align: justify;\"><span style=\"color: #000000;\">Esta imagen la podemos encontrar dentro del libro <em>Las cr\u00f3nicas de N\u00faremberg<\/em>. Es un libro impreso en 1493, que fue editado en dos versiones, una latina y otra alemana. Este hecho hizo que se difundiera r\u00e1pidamente por toda Europa. Narra la historia universal bas\u00e1ndose en el relato de la Biblia, y es conocido por sus numerosos grabados de ciudades de la \u00e9poca y por contener el primer mapa de Alemania.<\/span><\/p>\n<p style=\"text-align: justify;\"><span style=\"color: #000000;\">Lyon aparece representada desde su acceso por el r\u00edo Saona. Es un r\u00edo del este de Francia y el principal afluente del r\u00edo R\u00f3dano. Serv\u00eda de medio no solo para el transporte de personas sino tambi\u00e9n para el comercio. En la imagen podemos observar varios barcos comerciales que aparecen al lado del puerto. Tambi\u00e9n se puede apreciar un gran n\u00famero de barriles alusivos a ese comercio. La ciudad de Lyon floreci\u00f3 especialmente en el siglo XI, gracias a su funci\u00f3n religiosa, ya que fue nombrada \u00abPrimada de las Galias\u00bb en el a\u00f1o 1079 bajo el reinado del papa Gregorio VII. En este per\u00edodo es cuando se construye la Catedral de Saint Jean.\u00a0<\/span><\/p>\n<p style=\"text-align: justify;\"><span style=\"color: #000000;\">Al fondo de la imagen podemos apreciar como Lyon est\u00e1 asentada sobre dos colinas. En el Oeste, la colina de Fourvi\u00e8re, una de las \u00faltimas alturas del Macizo Central. Al Norte, la colina de la Croix Rousse, prolongaci\u00f3n de la meseta de la Dombes. Lyon se fund\u00f3 en la colina de Fourvi\u00e8re como colonia romana en el 43 a. C. por Munacio Planco, lugarteniente de C\u00e9sar. Podemos ver algunos de estos restos romanos en el Teatro romano que se encuentra localizado al pie de la colina de Fourvi\u00e9re. En la Croix- Rouge \u201cla colina que trabaja\u201d podemos ver muchos talleres de confecci\u00f3n de telas de seda. Esta es la zona de la ciudad en la que viv\u00edan los canuts, los trabajadores de la seda, hacinados en viviendas-taller en las que trabajaban hasta 16 horas diarias delante del taller durante 6 d\u00edas a la semana. <\/span><\/p>\n<p style=\"text-align: justify;\"><span style=\"color: #000000;\">Entre los elementos urbanos m\u00e1s importantes destaca en la imagen es el Vieux Lyon. En el Vieux Lyon nos encontramos con tesoros arquitect\u00f3nicos y sus famosas \u00abtraboules\u00bb, pasajes cubiertos que permiten pasar de una calle a otra v\u00eda en una sucesi\u00f3n de patios interiores. Este barrio fue clasificado patrimonio de la UNESCO en 1998. Otro elemento urbano que resulta espectacular en la imagen es la Bas\u00edlica Notre-Dame de Fourvi\u00e9re. Esta bas\u00edlica que se construye en el siglo XIX gracias a la evoluci\u00f3n arquitect\u00f3nica que tuvo lugar en Lyon.<\/span><\/p>\n<p style=\"text-align: justify;\"><span style=\"color: #000000;\">En cuanto a la estructura y morfolog\u00eda urbanas, Lyon est\u00e1 limitada por las caracter\u00edsticas geogr\u00e1ficas. Lyon se fue expandiendo desde las colinas Fourv\u00e8ire y Croix-Rouge a lo largo de las veredas de los r\u00edos. Esta estructura geogr\u00e1fica de colinas ha limitado la expansi\u00f3n de la ciudad. Tambi\u00e9n se puede observar como esta delimitaci\u00f3n de la ciudad hizo que se fuera expandiendo en dos barrios bien diferenciados. Por un lado vemos como empez\u00f3 a expandirse por la colina Fourv\u00e9re dando lugar a la creaci\u00f3n del Vieux Lyon. Posteriormente empez\u00f3 a expandirse por la colina de Croix Rouge dando lugar al barrio de la seda, donde se pod\u00edan encontrar los canuts.<\/span><\/p>\n<p style=\"text-align: justify;\"><span style=\"color: #000000;\">El trazado urbano de la imagen es irregular, ya que se observan inclinaciones, distanciamientos urban\u00edsticos, y distribuci\u00f3n irregular de los elementos. Debido a estas irregularidades podemos observar diferencias entre sus barrios, por ejemplo, vemos como en el barrio del Vieux Lyon, las casas est\u00e1n m\u00e1s agrupadas, con mayor altura y con importantes monumentos. Sin embargo en el barrio de Croix-Rousse las casas se aprecian a mayor distancia y de estilo obrero al ser viviendas taller.<\/span><\/p>\n<p style=\"text-align: justify;\"><span style=\"color: #000000;\">En los aspectos sociales y culturales habr\u00eda que durante el comienzo del renacimiento, hacia el 1420, Lyon se convierte en foco de atracci\u00f3n para comerciantes italianos, alemanes, suizos y espa\u00f1oles. Todo ello gracias a un privilegio real que permit\u00eda a Lyon celebrar dos ferias anuales en la plaza de Saint-Jean que tras su rotundo \u00e9xito aument\u00f3 su frecuencia a cuatro por a\u00f1o. Lyon se convirti\u00f3 en el tercer lugar en Europa para el mercado del libro, despu\u00e9s de Venecia y Amberes (el primer libro impreso en franc\u00e9s se edit\u00f3 en Lyon), lo que a su vez condujo a la fundaci\u00f3n de la primera bolsa financiera de Francia, con la ayuda a banqueros genoveses.<\/span><\/p>\n<p style=\"text-align: justify;\"><span style=\"color: #000000;\">Hoy en d\u00eda, Lyon es una ciudad internacionalmente conocida y elogiada por su gastronom\u00eda, artes, artesan\u00edas, cultura, pero sobre todo por la calidad de vida que ofrece a sus habitantes.<\/span><\/p>\n<p>Raquel Monterrubio<\/p>\n","protected":false},"excerpt":{"rendered":"<p>Esta obra representa la ciudad de Lyon. Lyon es la tercera ciudad m\u00e1s poblada de Francia y fue antigua capital de la Galia bajo el Imperio Romano. Durante la Edad Media, Lyon se convirti\u00f3 en una ciudad comercial y adopt\u00f3 su nombre en referencia a \u00ablion\u00bb por ser la primera ciudad donde se registraron trabajos [&hellip;]<\/p>\n","protected":false},"author":229,"featured_media":0,"comment_status":"open","ping_status":"open","sticky":false,"template":"","format":"standard","meta":[],"categories":[1],"tags":[127],"yoast_head":"<!-- This site is optimized with the Yoast SEO plugin v20.7 - https:\/\/yoast.com\/wordpress\/plugins\/seo\/ -->\n<title>LYON (Cr\u00f3nicas de N\u00faremberg, 1493) - La Ciudad en el Arte<\/title>\n<meta name=\"robots\" content=\"index, follow, max-snippet:-1, max-image-preview:large, max-video-preview:-1\" \/>\n<link rel=\"canonical\" href=\"https:\/\/sites.cardenalcisneros.es\/ciudadarte\/index.php\/2015\/05\/03\/lyon-cronicas-1493\/\" \/>\n<meta property=\"og:locale\" content=\"es_ES\" \/>\n<meta property=\"og:type\" content=\"article\" \/>\n<meta property=\"og:title\" content=\"LYON (Cr\u00f3nicas de N\u00faremberg, 1493) - La Ciudad en el Arte\" \/>\n<meta property=\"og:description\" content=\"Esta obra representa la ciudad de Lyon. Lyon es la tercera ciudad m\u00e1s poblada de Francia y fue antigua capital de la Galia bajo el Imperio Romano. Durante la Edad Media, Lyon se convirti\u00f3 en una ciudad comercial y adopt\u00f3 su nombre en referencia a \u00ablion\u00bb por ser la primera ciudad donde se registraron trabajos [&hellip;]\" \/>\n<meta property=\"og:url\" content=\"https:\/\/sites.cardenalcisneros.es\/ciudadarte\/index.php\/2015\/05\/03\/lyon-cronicas-1493\/\" \/>\n<meta property=\"og:site_name\" content=\"La Ciudad en el Arte\" \/>\n<meta property=\"article:published_time\" content=\"2015-05-03T18:51:26+00:00\" \/>\n<meta property=\"og:image\" content=\"http:\/\/sites.cardenalcisneros.es\/ciudadarte\/wp-content\/uploads\/2015\/05\/1GEO-blog-Monterrubio-Ramos1.jpg\" \/>\n<meta name=\"author\" content=\"Raquel Monterrubio\" \/>\n<meta name=\"twitter:card\" content=\"summary_large_image\" \/>\n<meta name=\"twitter:label1\" content=\"Escrito por\" \/>\n\t<meta name=\"twitter:data1\" content=\"Raquel Monterrubio\" \/>\n\t<meta name=\"twitter:label2\" content=\"Tiempo de lectura\" \/>\n\t<meta name=\"twitter:data2\" content=\"4 minutos\" \/>\n<script type=\"application\/ld+json\" class=\"yoast-schema-graph\">{\"@context\":\"https:\/\/schema.org\",\"@graph\":[{\"@type\":\"WebPage\",\"@id\":\"https:\/\/sites.cardenalcisneros.es\/ciudadarte\/index.php\/2015\/05\/03\/lyon-cronicas-1493\/\",\"url\":\"https:\/\/sites.cardenalcisneros.es\/ciudadarte\/index.php\/2015\/05\/03\/lyon-cronicas-1493\/\",\"name\":\"LYON (Cr\u00f3nicas de N\u00faremberg, 1493) - La Ciudad en el Arte\",\"isPartOf\":{\"@id\":\"https:\/\/sites.cardenalcisneros.es\/ciudadarte\/#website\"},\"datePublished\":\"2015-05-03T18:51:26+00:00\",\"dateModified\":\"2015-05-03T18:51:26+00:00\",\"author\":{\"@id\":\"https:\/\/sites.cardenalcisneros.es\/ciudadarte\/#\/schema\/person\/deb9947276824d6d431a245ba4c491bd\"},\"breadcrumb\":{\"@id\":\"https:\/\/sites.cardenalcisneros.es\/ciudadarte\/index.php\/2015\/05\/03\/lyon-cronicas-1493\/#breadcrumb\"},\"inLanguage\":\"es\",\"potentialAction\":[{\"@type\":\"ReadAction\",\"target\":[\"https:\/\/sites.cardenalcisneros.es\/ciudadarte\/index.php\/2015\/05\/03\/lyon-cronicas-1493\/\"]}]},{\"@type\":\"BreadcrumbList\",\"@id\":\"https:\/\/sites.cardenalcisneros.es\/ciudadarte\/index.php\/2015\/05\/03\/lyon-cronicas-1493\/#breadcrumb\",\"itemListElement\":[{\"@type\":\"ListItem\",\"position\":1,\"name\":\"Portada\",\"item\":\"https:\/\/sites.cardenalcisneros.es\/ciudadarte\/\"},{\"@type\":\"ListItem\",\"position\":2,\"name\":\"LYON (Cr\u00f3nicas de N\u00faremberg, 1493)\"}]},{\"@type\":\"WebSite\",\"@id\":\"https:\/\/sites.cardenalcisneros.es\/ciudadarte\/#website\",\"url\":\"https:\/\/sites.cardenalcisneros.es\/ciudadarte\/\",\"name\":\"La Ciudad en el Arte\",\"description\":\"Un blog colaborativo sobre Geograf\u00eda, Urbanismo, Historia y Arte\",\"potentialAction\":[{\"@type\":\"SearchAction\",\"target\":{\"@type\":\"EntryPoint\",\"urlTemplate\":\"https:\/\/sites.cardenalcisneros.es\/ciudadarte\/?s={search_term_string}\"},\"query-input\":\"required name=search_term_string\"}],\"inLanguage\":\"es\"},{\"@type\":\"Person\",\"@id\":\"https:\/\/sites.cardenalcisneros.es\/ciudadarte\/#\/schema\/person\/deb9947276824d6d431a245ba4c491bd\",\"name\":\"Raquel Monterrubio\",\"image\":{\"@type\":\"ImageObject\",\"inLanguage\":\"es\",\"@id\":\"https:\/\/sites.cardenalcisneros.es\/ciudadarte\/#\/schema\/person\/image\/\",\"url\":\"https:\/\/secure.gravatar.com\/avatar\/852855edea795ad36cba9d559c882591?s=96&d=mm&r=g\",\"contentUrl\":\"https:\/\/secure.gravatar.com\/avatar\/852855edea795ad36cba9d559c882591?s=96&d=mm&r=g\",\"caption\":\"Raquel Monterrubio\"},\"url\":\"https:\/\/sites.cardenalcisneros.es\/ciudadarte\/index.php\/author\/52882672\/\"}]}<\/script>\n<!-- \/ Yoast SEO plugin. -->","yoast_head_json":{"title":"LYON (Cr\u00f3nicas de N\u00faremberg, 1493) - La Ciudad en el Arte","robots":{"index":"index","follow":"follow","max-snippet":"max-snippet:-1","max-image-preview":"max-image-preview:large","max-video-preview":"max-video-preview:-1"},"canonical":"https:\/\/sites.cardenalcisneros.es\/ciudadarte\/index.php\/2015\/05\/03\/lyon-cronicas-1493\/","og_locale":"es_ES","og_type":"article","og_title":"LYON (Cr\u00f3nicas de N\u00faremberg, 1493) - La Ciudad en el Arte","og_description":"Esta obra representa la ciudad de Lyon. Lyon es la tercera ciudad m\u00e1s poblada de Francia y fue antigua capital de la Galia bajo el Imperio Romano. Durante la Edad Media, Lyon se convirti\u00f3 en una ciudad comercial y adopt\u00f3 su nombre en referencia a \u00ablion\u00bb por ser la primera ciudad donde se registraron trabajos [&hellip;]","og_url":"https:\/\/sites.cardenalcisneros.es\/ciudadarte\/index.php\/2015\/05\/03\/lyon-cronicas-1493\/","og_site_name":"La Ciudad en el Arte","article_published_time":"2015-05-03T18:51:26+00:00","og_image":[{"url":"http:\/\/sites.cardenalcisneros.es\/ciudadarte\/wp-content\/uploads\/2015\/05\/1GEO-blog-Monterrubio-Ramos1.jpg"}],"author":"Raquel Monterrubio","twitter_card":"summary_large_image","twitter_misc":{"Escrito por":"Raquel Monterrubio","Tiempo de lectura":"4 minutos"},"schema":{"@context":"https:\/\/schema.org","@graph":[{"@type":"WebPage","@id":"https:\/\/sites.cardenalcisneros.es\/ciudadarte\/index.php\/2015\/05\/03\/lyon-cronicas-1493\/","url":"https:\/\/sites.cardenalcisneros.es\/ciudadarte\/index.php\/2015\/05\/03\/lyon-cronicas-1493\/","name":"LYON (Cr\u00f3nicas de N\u00faremberg, 1493) - La Ciudad en el Arte","isPartOf":{"@id":"https:\/\/sites.cardenalcisneros.es\/ciudadarte\/#website"},"datePublished":"2015-05-03T18:51:26+00:00","dateModified":"2015-05-03T18:51:26+00:00","author":{"@id":"https:\/\/sites.cardenalcisneros.es\/ciudadarte\/#\/schema\/person\/deb9947276824d6d431a245ba4c491bd"},"breadcrumb":{"@id":"https:\/\/sites.cardenalcisneros.es\/ciudadarte\/index.php\/2015\/05\/03\/lyon-cronicas-1493\/#breadcrumb"},"inLanguage":"es","potentialAction":[{"@type":"ReadAction","target":["https:\/\/sites.cardenalcisneros.es\/ciudadarte\/index.php\/2015\/05\/03\/lyon-cronicas-1493\/"]}]},{"@type":"BreadcrumbList","@id":"https:\/\/sites.cardenalcisneros.es\/ciudadarte\/index.php\/2015\/05\/03\/lyon-cronicas-1493\/#breadcrumb","itemListElement":[{"@type":"ListItem","position":1,"name":"Portada","item":"https:\/\/sites.cardenalcisneros.es\/ciudadarte\/"},{"@type":"ListItem","position":2,"name":"LYON (Cr\u00f3nicas de N\u00faremberg, 1493)"}]},{"@type":"WebSite","@id":"https:\/\/sites.cardenalcisneros.es\/ciudadarte\/#website","url":"https:\/\/sites.cardenalcisneros.es\/ciudadarte\/","name":"La Ciudad en el Arte","description":"Un blog colaborativo sobre Geograf\u00eda, Urbanismo, Historia y Arte","potentialAction":[{"@type":"SearchAction","target":{"@type":"EntryPoint","urlTemplate":"https:\/\/sites.cardenalcisneros.es\/ciudadarte\/?s={search_term_string}"},"query-input":"required name=search_term_string"}],"inLanguage":"es"},{"@type":"Person","@id":"https:\/\/sites.cardenalcisneros.es\/ciudadarte\/#\/schema\/person\/deb9947276824d6d431a245ba4c491bd","name":"Raquel Monterrubio","image":{"@type":"ImageObject","inLanguage":"es","@id":"https:\/\/sites.cardenalcisneros.es\/ciudadarte\/#\/schema\/person\/image\/","url":"https:\/\/secure.gravatar.com\/avatar\/852855edea795ad36cba9d559c882591?s=96&d=mm&r=g","contentUrl":"https:\/\/secure.gravatar.com\/avatar\/852855edea795ad36cba9d559c882591?s=96&d=mm&r=g","caption":"Raquel Monterrubio"},"url":"https:\/\/sites.cardenalcisneros.es\/ciudadarte\/index.php\/author\/52882672\/"}]}},"_links":{"self":[{"href":"https:\/\/sites.cardenalcisneros.es\/ciudadarte\/index.php\/wp-json\/wp\/v2\/posts\/6338"}],"collection":[{"href":"https:\/\/sites.cardenalcisneros.es\/ciudadarte\/index.php\/wp-json\/wp\/v2\/posts"}],"about":[{"href":"https:\/\/sites.cardenalcisneros.es\/ciudadarte\/index.php\/wp-json\/wp\/v2\/types\/post"}],"author":[{"embeddable":true,"href":"https:\/\/sites.cardenalcisneros.es\/ciudadarte\/index.php\/wp-json\/wp\/v2\/users\/229"}],"replies":[{"embeddable":true,"href":"https:\/\/sites.cardenalcisneros.es\/ciudadarte\/index.php\/wp-json\/wp\/v2\/comments?post=6338"}],"version-history":[{"count":0,"href":"https:\/\/sites.cardenalcisneros.es\/ciudadarte\/index.php\/wp-json\/wp\/v2\/posts\/6338\/revisions"}],"wp:attachment":[{"href":"https:\/\/sites.cardenalcisneros.es\/ciudadarte\/index.php\/wp-json\/wp\/v2\/media?parent=6338"}],"wp:term":[{"taxonomy":"category","embeddable":true,"href":"https:\/\/sites.cardenalcisneros.es\/ciudadarte\/index.php\/wp-json\/wp\/v2\/categories?post=6338"},{"taxonomy":"post_tag","embeddable":true,"href":"https:\/\/sites.cardenalcisneros.es\/ciudadarte\/index.php\/wp-json\/wp\/v2\/tags?post=6338"}],"curies":[{"name":"wp","href":"https:\/\/api.w.org\/{rel}","templated":true}]}}