{"id":6102,"date":"2015-04-29T13:48:23","date_gmt":"2015-04-29T13:48:23","guid":{"rendered":"http:\/\/sites.cardenalcisneros.es\/ciudadarte\/?p=6102"},"modified":"2015-04-29T13:48:23","modified_gmt":"2015-04-29T13:48:23","slug":"buenos-aires-villalobos-1913","status":"publish","type":"post","link":"https:\/\/sites.cardenalcisneros.es\/ciudadarte\/index.php\/2015\/04\/29\/buenos-aires-villalobos-1913\/","title":{"rendered":"BUENOS AIRES (C\u00e1ndido Villalobos, 1913)"},"content":{"rendered":"<p style=\"text-align: justify;\"><a href=\"http:\/\/img138.imageshack.us\/img138\/5567\/capturadepantallacompletn.jpg\" target=\"_blank\"><img decoding=\"async\" loading=\"lazy\" class=\" wp-image-6141 aligncenter\" alt=\"buenos aires\" src=\"http:\/\/sites.cardenalcisneros.es\/ciudadarte\/wp-content\/uploads\/2015\/04\/buenos-aires1.jpg\" width=\"614\" height=\"461\" \/><\/a><\/p>\n<p style=\"text-align: justify;\"><span style=\"color: #000000;\">This is a drawing of C\u00e1ndido Villalobos-Dom\u00ednguez, a Spanish drawer who immigrated to Argentina in 1905. He was a drawing teacher at Buenos Aires University and also the artistic director of Caras y Caretas, a popular weekly magazine of the time. This picture of Buenos Aires, capital and largest city of Argentina, was retrieved from <a href=\"http:\/\/www.skyscrapercity.com\/\"><span style=\"color: #000000;\">www.skyscrapercity.com<\/span><\/a>, page 268.<\/span><\/p>\n<p style=\"text-align: justify;\"><span style=\"color: #000000;\">In 1913, he was asked to draw a picture of how Buenos Aires would look like after some planned reforms. The drawing represents the CBD, which is called LA CITY PORTE\u00d1A. It is the core part of the city where the main economical activities take place. In this area we can also find most of the public buildings, such as the Congress, Ministries, Courts of Justice, Central Bank and the Government House, called Casa Rosada. It doesn\u2019t appear in the drawing because it is located on the unseen side of the Plaza de Mayo.<\/span><\/p>\n<p style=\"text-align: justify;\"><span style=\"color: #000000;\">Juan D\u00edaz de Sol\u00eds, sailor and explorer that served the Spanish Crown, discovered the R\u00edo de la Plata in 1546 and twenty years later Pedro de Mendoza founded the first city of Nuestra Se\u00f1ora del Buen Ayre on the western shore of the estuary of this river. In 1580, when Juan de Garay refounded the city with the name Sant\u00edsima Trinidad, he planned and designed it as a grid. The street layout is perpendicular and the standard size of the city block is 100 m x 100m. As in most Spanish colonies in America, they built around the main square (then called Plaza de Mayo) the Cabildo, the Cathedral and the seat of government, originally a fort which was later replaced by the Casa Rosada.<\/span><\/p>\n<p style=\"text-align: justify;\"><span style=\"color: #000000;\">At the end of the 19th century, population had increased considerably with the arrival of immigrants, mostly Europeans, attracted by the great economic growth due to the income generated by the export of raw materials. By the beginning of the 20th century Argentina had become one of the richest countries in the world. In 1869, according to the first national census, population was 187.126 inhabitants and in 1914 there were 1.575.814 inhabitants. As a result of this population growth, it was decided to start a series of public works in order to build new public buildings, provide the city with more open places and improve traffic circulation. Reforms should respect an aesthetic sense and some of them were inspired by cities as Paris.<\/span><\/p>\n<p style=\"text-align: justify;\"><span style=\"color: #000000;\">In 1885, public works began on May Avenue and\u00a0 were completed in 1894. The avenue\u2019s layout was built through existing urban blocks that were expropiated. It was necessary to demolish part of the north arcade of the Cabildo to make way for the avenue\u2019s entry into Plaza de Mayo. The avenue connects the seat of the executive power, the Pink House, with the Congress. Along its 1,5 km way, we can find sophisticated buildings of art nouveau, neoclassic and eclectic styles.<\/span><\/p>\n<p style=\"text-align: justify;\"><span style=\"color: #000000;\">Two diagonals were pojected from the Plaza de Mayo, one starting at the north- west corner of the square (North Diagonal) and the other at the south-west corner (South Diagonal). The North Diagonal has an extensi\u00f3n of 1 km and links the Plaza de Mayo with the Courts of Justice. One of the most prominent features of the North Diagonal is the constant line of cornices of 67,5 meters high, which gives an overview of continuity along its route.<\/span><\/p>\n<p style=\"text-align: justify;\"><span style=\"color: #000000;\">It is curious to note that some features that appear in the drawing were modified from the original project and some works weren\u2019t carried out. For example, to create room for the South Diagonal, in 1931 the three southernmost arcs were demolished. In the drawing of 1913, the South Diagonal is scheduled without this demolition, that is why the Cabildo kept its five south archs. Villalobos also included in his drawing a big monument in the middle of the Plaza de Mayo that it wasn\u2019t built. At present day we can find a small pyramid in the centre of the square that was erected in 1811 to commemorate the first anniversary of the Revolution, first step towards Independence.<\/span><\/p>\n<p style=\"text-align: justify;\"><span style=\"color: #000000;\">Works above mentioned modernized the city and reflects a time of great economic power of the Argentina Republic. They gave Buenos Aires a rich, cultural and achitectural heritage, making it \u201cthe capital of an empire that never existed\u201d (Andr\u00e9 Malraux).<\/span><\/p>\n<p style=\"text-align: justify;\">In\u00e9s R\u00edos Araya<\/p>\n","protected":false},"excerpt":{"rendered":"<p>This is a drawing of C\u00e1ndido Villalobos-Dom\u00ednguez, a Spanish drawer who immigrated to Argentina in 1905. He was a drawing teacher at Buenos Aires University and also the artistic director of Caras y Caretas, a popular weekly magazine of the time. This picture of Buenos Aires, capital and largest city of Argentina, was retrieved from [&hellip;]<\/p>\n","protected":false},"author":213,"featured_media":0,"comment_status":"open","ping_status":"open","sticky":false,"template":"","format":"standard","meta":[],"categories":[1],"tags":[41],"yoast_head":"<!-- This site is optimized with the Yoast SEO plugin v20.7 - https:\/\/yoast.com\/wordpress\/plugins\/seo\/ -->\n<title>BUENOS AIRES (C\u00e1ndido Villalobos, 1913) - La Ciudad en el Arte<\/title>\n<meta name=\"robots\" content=\"index, follow, max-snippet:-1, max-image-preview:large, max-video-preview:-1\" \/>\n<link rel=\"canonical\" href=\"https:\/\/sites.cardenalcisneros.es\/ciudadarte\/index.php\/2015\/04\/29\/buenos-aires-villalobos-1913\/\" \/>\n<meta property=\"og:locale\" content=\"es_ES\" \/>\n<meta property=\"og:type\" content=\"article\" \/>\n<meta property=\"og:title\" content=\"BUENOS AIRES (C\u00e1ndido Villalobos, 1913) - La Ciudad en el Arte\" \/>\n<meta property=\"og:description\" content=\"This is a drawing of C\u00e1ndido Villalobos-Dom\u00ednguez, a Spanish drawer who immigrated to Argentina in 1905. He was a drawing teacher at Buenos Aires University and also the artistic director of Caras y Caretas, a popular weekly magazine of the time. This picture of Buenos Aires, capital and largest city of Argentina, was retrieved from [&hellip;]\" \/>\n<meta property=\"og:url\" content=\"https:\/\/sites.cardenalcisneros.es\/ciudadarte\/index.php\/2015\/04\/29\/buenos-aires-villalobos-1913\/\" \/>\n<meta property=\"og:site_name\" content=\"La Ciudad en el Arte\" \/>\n<meta property=\"article:published_time\" content=\"2015-04-29T13:48:23+00:00\" \/>\n<meta property=\"og:image\" content=\"http:\/\/sites.cardenalcisneros.es\/ciudadarte\/wp-content\/uploads\/2015\/04\/buenos-aires1.jpg\" \/>\n<meta name=\"author\" content=\"In\u00e9s R\u00edos Araya\" \/>\n<meta name=\"twitter:card\" content=\"summary_large_image\" \/>\n<meta name=\"twitter:label1\" content=\"Escrito por\" \/>\n\t<meta name=\"twitter:data1\" content=\"In\u00e9s R\u00edos Araya\" \/>\n\t<meta name=\"twitter:label2\" content=\"Tiempo de lectura\" \/>\n\t<meta name=\"twitter:data2\" content=\"4 minutos\" \/>\n<script type=\"application\/ld+json\" class=\"yoast-schema-graph\">{\"@context\":\"https:\/\/schema.org\",\"@graph\":[{\"@type\":\"WebPage\",\"@id\":\"https:\/\/sites.cardenalcisneros.es\/ciudadarte\/index.php\/2015\/04\/29\/buenos-aires-villalobos-1913\/\",\"url\":\"https:\/\/sites.cardenalcisneros.es\/ciudadarte\/index.php\/2015\/04\/29\/buenos-aires-villalobos-1913\/\",\"name\":\"BUENOS AIRES (C\u00e1ndido Villalobos, 1913) - La Ciudad en el Arte\",\"isPartOf\":{\"@id\":\"https:\/\/sites.cardenalcisneros.es\/ciudadarte\/#website\"},\"datePublished\":\"2015-04-29T13:48:23+00:00\",\"dateModified\":\"2015-04-29T13:48:23+00:00\",\"author\":{\"@id\":\"https:\/\/sites.cardenalcisneros.es\/ciudadarte\/#\/schema\/person\/b60355f8916ee21750b0da5714f984be\"},\"breadcrumb\":{\"@id\":\"https:\/\/sites.cardenalcisneros.es\/ciudadarte\/index.php\/2015\/04\/29\/buenos-aires-villalobos-1913\/#breadcrumb\"},\"inLanguage\":\"es\",\"potentialAction\":[{\"@type\":\"ReadAction\",\"target\":[\"https:\/\/sites.cardenalcisneros.es\/ciudadarte\/index.php\/2015\/04\/29\/buenos-aires-villalobos-1913\/\"]}]},{\"@type\":\"BreadcrumbList\",\"@id\":\"https:\/\/sites.cardenalcisneros.es\/ciudadarte\/index.php\/2015\/04\/29\/buenos-aires-villalobos-1913\/#breadcrumb\",\"itemListElement\":[{\"@type\":\"ListItem\",\"position\":1,\"name\":\"Portada\",\"item\":\"https:\/\/sites.cardenalcisneros.es\/ciudadarte\/\"},{\"@type\":\"ListItem\",\"position\":2,\"name\":\"BUENOS AIRES (C\u00e1ndido Villalobos, 1913)\"}]},{\"@type\":\"WebSite\",\"@id\":\"https:\/\/sites.cardenalcisneros.es\/ciudadarte\/#website\",\"url\":\"https:\/\/sites.cardenalcisneros.es\/ciudadarte\/\",\"name\":\"La Ciudad en el Arte\",\"description\":\"Un blog colaborativo sobre Geograf\u00eda, Urbanismo, Historia y Arte\",\"potentialAction\":[{\"@type\":\"SearchAction\",\"target\":{\"@type\":\"EntryPoint\",\"urlTemplate\":\"https:\/\/sites.cardenalcisneros.es\/ciudadarte\/?s={search_term_string}\"},\"query-input\":\"required name=search_term_string\"}],\"inLanguage\":\"es\"},{\"@type\":\"Person\",\"@id\":\"https:\/\/sites.cardenalcisneros.es\/ciudadarte\/#\/schema\/person\/b60355f8916ee21750b0da5714f984be\",\"name\":\"In\u00e9s R\u00edos Araya\",\"image\":{\"@type\":\"ImageObject\",\"inLanguage\":\"es\",\"@id\":\"https:\/\/sites.cardenalcisneros.es\/ciudadarte\/#\/schema\/person\/image\/\",\"url\":\"https:\/\/secure.gravatar.com\/avatar\/5bddfa16e2169839d6253d42af669d6e?s=96&d=mm&r=g\",\"contentUrl\":\"https:\/\/secure.gravatar.com\/avatar\/5bddfa16e2169839d6253d42af669d6e?s=96&d=mm&r=g\",\"caption\":\"In\u00e9s R\u00edos Araya\"},\"url\":\"https:\/\/sites.cardenalcisneros.es\/ciudadarte\/index.php\/author\/06590346h\/\"}]}<\/script>\n<!-- \/ Yoast SEO plugin. -->","yoast_head_json":{"title":"BUENOS AIRES (C\u00e1ndido Villalobos, 1913) - La Ciudad en el Arte","robots":{"index":"index","follow":"follow","max-snippet":"max-snippet:-1","max-image-preview":"max-image-preview:large","max-video-preview":"max-video-preview:-1"},"canonical":"https:\/\/sites.cardenalcisneros.es\/ciudadarte\/index.php\/2015\/04\/29\/buenos-aires-villalobos-1913\/","og_locale":"es_ES","og_type":"article","og_title":"BUENOS AIRES (C\u00e1ndido Villalobos, 1913) - La Ciudad en el Arte","og_description":"This is a drawing of C\u00e1ndido Villalobos-Dom\u00ednguez, a Spanish drawer who immigrated to Argentina in 1905. He was a drawing teacher at Buenos Aires University and also the artistic director of Caras y Caretas, a popular weekly magazine of the time. This picture of Buenos Aires, capital and largest city of Argentina, was retrieved from [&hellip;]","og_url":"https:\/\/sites.cardenalcisneros.es\/ciudadarte\/index.php\/2015\/04\/29\/buenos-aires-villalobos-1913\/","og_site_name":"La Ciudad en el Arte","article_published_time":"2015-04-29T13:48:23+00:00","og_image":[{"url":"http:\/\/sites.cardenalcisneros.es\/ciudadarte\/wp-content\/uploads\/2015\/04\/buenos-aires1.jpg"}],"author":"In\u00e9s R\u00edos Araya","twitter_card":"summary_large_image","twitter_misc":{"Escrito por":"In\u00e9s R\u00edos Araya","Tiempo de lectura":"4 minutos"},"schema":{"@context":"https:\/\/schema.org","@graph":[{"@type":"WebPage","@id":"https:\/\/sites.cardenalcisneros.es\/ciudadarte\/index.php\/2015\/04\/29\/buenos-aires-villalobos-1913\/","url":"https:\/\/sites.cardenalcisneros.es\/ciudadarte\/index.php\/2015\/04\/29\/buenos-aires-villalobos-1913\/","name":"BUENOS AIRES (C\u00e1ndido Villalobos, 1913) - La Ciudad en el Arte","isPartOf":{"@id":"https:\/\/sites.cardenalcisneros.es\/ciudadarte\/#website"},"datePublished":"2015-04-29T13:48:23+00:00","dateModified":"2015-04-29T13:48:23+00:00","author":{"@id":"https:\/\/sites.cardenalcisneros.es\/ciudadarte\/#\/schema\/person\/b60355f8916ee21750b0da5714f984be"},"breadcrumb":{"@id":"https:\/\/sites.cardenalcisneros.es\/ciudadarte\/index.php\/2015\/04\/29\/buenos-aires-villalobos-1913\/#breadcrumb"},"inLanguage":"es","potentialAction":[{"@type":"ReadAction","target":["https:\/\/sites.cardenalcisneros.es\/ciudadarte\/index.php\/2015\/04\/29\/buenos-aires-villalobos-1913\/"]}]},{"@type":"BreadcrumbList","@id":"https:\/\/sites.cardenalcisneros.es\/ciudadarte\/index.php\/2015\/04\/29\/buenos-aires-villalobos-1913\/#breadcrumb","itemListElement":[{"@type":"ListItem","position":1,"name":"Portada","item":"https:\/\/sites.cardenalcisneros.es\/ciudadarte\/"},{"@type":"ListItem","position":2,"name":"BUENOS AIRES (C\u00e1ndido Villalobos, 1913)"}]},{"@type":"WebSite","@id":"https:\/\/sites.cardenalcisneros.es\/ciudadarte\/#website","url":"https:\/\/sites.cardenalcisneros.es\/ciudadarte\/","name":"La Ciudad en el Arte","description":"Un blog colaborativo sobre Geograf\u00eda, Urbanismo, Historia y Arte","potentialAction":[{"@type":"SearchAction","target":{"@type":"EntryPoint","urlTemplate":"https:\/\/sites.cardenalcisneros.es\/ciudadarte\/?s={search_term_string}"},"query-input":"required name=search_term_string"}],"inLanguage":"es"},{"@type":"Person","@id":"https:\/\/sites.cardenalcisneros.es\/ciudadarte\/#\/schema\/person\/b60355f8916ee21750b0da5714f984be","name":"In\u00e9s R\u00edos Araya","image":{"@type":"ImageObject","inLanguage":"es","@id":"https:\/\/sites.cardenalcisneros.es\/ciudadarte\/#\/schema\/person\/image\/","url":"https:\/\/secure.gravatar.com\/avatar\/5bddfa16e2169839d6253d42af669d6e?s=96&d=mm&r=g","contentUrl":"https:\/\/secure.gravatar.com\/avatar\/5bddfa16e2169839d6253d42af669d6e?s=96&d=mm&r=g","caption":"In\u00e9s R\u00edos Araya"},"url":"https:\/\/sites.cardenalcisneros.es\/ciudadarte\/index.php\/author\/06590346h\/"}]}},"_links":{"self":[{"href":"https:\/\/sites.cardenalcisneros.es\/ciudadarte\/index.php\/wp-json\/wp\/v2\/posts\/6102"}],"collection":[{"href":"https:\/\/sites.cardenalcisneros.es\/ciudadarte\/index.php\/wp-json\/wp\/v2\/posts"}],"about":[{"href":"https:\/\/sites.cardenalcisneros.es\/ciudadarte\/index.php\/wp-json\/wp\/v2\/types\/post"}],"author":[{"embeddable":true,"href":"https:\/\/sites.cardenalcisneros.es\/ciudadarte\/index.php\/wp-json\/wp\/v2\/users\/213"}],"replies":[{"embeddable":true,"href":"https:\/\/sites.cardenalcisneros.es\/ciudadarte\/index.php\/wp-json\/wp\/v2\/comments?post=6102"}],"version-history":[{"count":0,"href":"https:\/\/sites.cardenalcisneros.es\/ciudadarte\/index.php\/wp-json\/wp\/v2\/posts\/6102\/revisions"}],"wp:attachment":[{"href":"https:\/\/sites.cardenalcisneros.es\/ciudadarte\/index.php\/wp-json\/wp\/v2\/media?parent=6102"}],"wp:term":[{"taxonomy":"category","embeddable":true,"href":"https:\/\/sites.cardenalcisneros.es\/ciudadarte\/index.php\/wp-json\/wp\/v2\/categories?post=6102"},{"taxonomy":"post_tag","embeddable":true,"href":"https:\/\/sites.cardenalcisneros.es\/ciudadarte\/index.php\/wp-json\/wp\/v2\/tags?post=6102"}],"curies":[{"name":"wp","href":"https:\/\/api.w.org\/{rel}","templated":true}]}}