{"id":6092,"date":"2015-04-28T07:10:47","date_gmt":"2015-04-28T07:10:47","guid":{"rendered":"http:\/\/sites.cardenalcisneros.es\/ciudadarte\/?p=6092"},"modified":"2015-04-28T07:10:47","modified_gmt":"2015-04-28T07:10:47","slug":"valladolid-2011","status":"publish","type":"post","link":"https:\/\/sites.cardenalcisneros.es\/ciudadarte\/index.php\/2015\/04\/28\/valladolid-2011\/","title":{"rendered":"VALLADOLID (Jos\u00e9 Garc\u00eda, 2011)"},"content":{"rendered":"<p>&nbsp;<br \/>\n<a href=\"http:\/\/sites.cardenalcisneros.es\/ciudadarte\/wp-content\/uploads\/2015\/04\/Diapositiva11.jpg\"><img decoding=\"async\" loading=\"lazy\" class=\"alignnone  wp-image-6094\" alt=\"Diapositiva1\" src=\"http:\/\/sites.cardenalcisneros.es\/ciudadarte\/wp-content\/uploads\/2015\/04\/Diapositiva11.jpg\" width=\"576\" height=\"432\" \/><\/a><\/p>\n<p style=\"text-align: justify;\"><span style=\"color: #000000;\">This work of art was painted by Jos\u00e9 Garc\u00eda. It is a watercolor that represents Platerias Street in Valladolid. With this image, the painter started a collection of paintings inspired by a street race entitled \u201cR\u00edos de\u00a0luz\u201d. During this race some emblematic buildings of Valladolid were\u00a0illuminated\u00a0at night, and that encouraged the painter to exploit the characteristic colors produced overnight. It\u00a0also\u00a0shows one of the most important\u00a0churches\u00a0in the city center.<\/span><\/p>\n<p style=\"text-align: justify;\"><span style=\"color: #000000;\">In the foreground we can see Platerias Street that presents a prototype of Renaissance perspective of the late sixteenth century and a\u00a0development\u00a0model for that time. For many years it was the main street of Valladolid. Silversmiths established here for a long period of time and they had the privilege of closing the street at night with chains. This street suffered frequent floods from the north branch of the river Esgueva, which is very near. In addition, there were a number of fires that made necessary some reforms during the 17th and the 20th centuries.<\/span><\/p>\n<p style=\"text-align: justify;\"><span style=\"color: #000000;\">In the 17th century it took place the major renovation project after a fire that significantly affected the commercial center. To do this, the royal architect of Phillip II conducted a reconstruction of the houses following a Roman style with regular seats by arcades, balconies, facades and unit alignment of streets. These new buildings should respect the classic proportions, based on the brick or the Castilian foot, modulates floors and elevation of buildings, squares and streets. The materials used follow the trend set by the Habsburgs: brick facades clad in red and gray for the columns, footings and lintels from Carde\u00f1osa (\u00c1vila), along with wrought iron on the balconies and joinery painted in Green. Nowadays you can distinguish two parts in all the\u00a0buildings, the first floor for housing\u00a0and the ground floor for commercial spaces known as the antique silverware. <\/span><\/p>\n<p style=\"text-align: justify;\"><span style=\"color: #000000;\">The urban organization of this street is divided into three parts: commercial spaces, cultural buildings and houses. If we see the street from an aerial perspective we could see an irregular flat in the center of the town where the Street of this painting is situated. On the other\u00a0hand, we\u00a0can appreciate\u00a0the profound renovation that\u00a0has suffered\u00a0the buildings and how it has developed from a street only for the\u00a0silversmiths\u00a0guild to includes new business. As a remarkable fact, the colors that the painter used are bright colors that lead us\u00a0to think\u00a0that it is a modern street\u00a0even though\u00a0the layout that it have.\u00a0Also, we\u00a0can suppose that it is a busy street in the area because of its location and therefore through these very light colors it invites you to visit Platerias Street. It is a good\u00a0example\u00a0of building renovation as it\u00a0kept\u00a0the essence of the buildings in the past and because of that I choose this painting.<\/span><\/p>\n<p style=\"text-align: justify;\"><span style=\"color: #000000;\">The church standing out\u00a0on\u00a0the background is one of the most important churches in Valladolid: the Penitencia\u00a0de\u00a0la Vera Cruz church. It was built in 1581 by Pedro\u00a0de\u00a0Mazuecos, an architect who draws it with a nave and a dome respecting the arc that was down the street since the fire of 1561. This church had a meeting room and warehouse for procesional activities. The building was modified by Diego de Praves in 1595 forming two bodies that simulate triumphal arches, separated by the balcony for the authorities typical physiognomy of the penitential churches of the time. In 1667 it was extended with vaulted naves and flat head.<\/span><\/p>\n<p>Luc\u00eda Torra P\u00e9rez<\/p>\n","protected":false},"excerpt":{"rendered":"<p>&nbsp; This work of art was painted by Jos\u00e9 Garc\u00eda. It is a watercolor that represents Platerias Street in Valladolid. With this image, the painter started a collection of paintings inspired by a street race entitled \u201cR\u00edos de\u00a0luz\u201d. During this race some emblematic buildings of Valladolid were\u00a0illuminated\u00a0at night, and that encouraged the painter to exploit [&hellip;]<\/p>\n","protected":false},"author":212,"featured_media":0,"comment_status":"open","ping_status":"open","sticky":false,"template":"","format":"standard","meta":[],"categories":[1],"tags":[213],"yoast_head":"<!-- This site is optimized with the Yoast SEO plugin v20.7 - https:\/\/yoast.com\/wordpress\/plugins\/seo\/ -->\n<title>VALLADOLID (Jos\u00e9 Garc\u00eda, 2011) - La Ciudad en el Arte<\/title>\n<meta name=\"robots\" content=\"index, follow, max-snippet:-1, max-image-preview:large, max-video-preview:-1\" \/>\n<link rel=\"canonical\" href=\"https:\/\/sites.cardenalcisneros.es\/ciudadarte\/index.php\/2015\/04\/28\/valladolid-2011\/\" \/>\n<meta property=\"og:locale\" content=\"es_ES\" \/>\n<meta property=\"og:type\" content=\"article\" \/>\n<meta property=\"og:title\" content=\"VALLADOLID (Jos\u00e9 Garc\u00eda, 2011) - La Ciudad en el Arte\" \/>\n<meta property=\"og:description\" content=\"&nbsp; This work of art was painted by Jos\u00e9 Garc\u00eda. It is a watercolor that represents Platerias Street in Valladolid. With this image, the painter started a collection of paintings inspired by a street race entitled \u201cR\u00edos de\u00a0luz\u201d. During this race some emblematic buildings of Valladolid were\u00a0illuminated\u00a0at night, and that encouraged the painter to exploit [&hellip;]\" \/>\n<meta property=\"og:url\" content=\"https:\/\/sites.cardenalcisneros.es\/ciudadarte\/index.php\/2015\/04\/28\/valladolid-2011\/\" \/>\n<meta property=\"og:site_name\" content=\"La Ciudad en el Arte\" \/>\n<meta property=\"article:published_time\" content=\"2015-04-28T07:10:47+00:00\" \/>\n<meta property=\"og:image\" content=\"http:\/\/sites.cardenalcisneros.es\/ciudadarte\/wp-content\/uploads\/2015\/04\/Diapositiva11.jpg\" \/>\n<meta name=\"author\" content=\"Lucia\" \/>\n<meta name=\"twitter:card\" content=\"summary_large_image\" \/>\n<meta name=\"twitter:label1\" content=\"Escrito por\" \/>\n\t<meta name=\"twitter:data1\" content=\"Lucia\" \/>\n\t<meta name=\"twitter:label2\" content=\"Tiempo de lectura\" \/>\n\t<meta name=\"twitter:data2\" content=\"3 minutos\" \/>\n<script type=\"application\/ld+json\" class=\"yoast-schema-graph\">{\"@context\":\"https:\/\/schema.org\",\"@graph\":[{\"@type\":\"WebPage\",\"@id\":\"https:\/\/sites.cardenalcisneros.es\/ciudadarte\/index.php\/2015\/04\/28\/valladolid-2011\/\",\"url\":\"https:\/\/sites.cardenalcisneros.es\/ciudadarte\/index.php\/2015\/04\/28\/valladolid-2011\/\",\"name\":\"VALLADOLID (Jos\u00e9 Garc\u00eda, 2011) - La Ciudad en el Arte\",\"isPartOf\":{\"@id\":\"https:\/\/sites.cardenalcisneros.es\/ciudadarte\/#website\"},\"datePublished\":\"2015-04-28T07:10:47+00:00\",\"dateModified\":\"2015-04-28T07:10:47+00:00\",\"author\":{\"@id\":\"https:\/\/sites.cardenalcisneros.es\/ciudadarte\/#\/schema\/person\/98181a680781c2db32cdf72e666e3314\"},\"breadcrumb\":{\"@id\":\"https:\/\/sites.cardenalcisneros.es\/ciudadarte\/index.php\/2015\/04\/28\/valladolid-2011\/#breadcrumb\"},\"inLanguage\":\"es\",\"potentialAction\":[{\"@type\":\"ReadAction\",\"target\":[\"https:\/\/sites.cardenalcisneros.es\/ciudadarte\/index.php\/2015\/04\/28\/valladolid-2011\/\"]}]},{\"@type\":\"BreadcrumbList\",\"@id\":\"https:\/\/sites.cardenalcisneros.es\/ciudadarte\/index.php\/2015\/04\/28\/valladolid-2011\/#breadcrumb\",\"itemListElement\":[{\"@type\":\"ListItem\",\"position\":1,\"name\":\"Portada\",\"item\":\"https:\/\/sites.cardenalcisneros.es\/ciudadarte\/\"},{\"@type\":\"ListItem\",\"position\":2,\"name\":\"VALLADOLID (Jos\u00e9 Garc\u00eda, 2011)\"}]},{\"@type\":\"WebSite\",\"@id\":\"https:\/\/sites.cardenalcisneros.es\/ciudadarte\/#website\",\"url\":\"https:\/\/sites.cardenalcisneros.es\/ciudadarte\/\",\"name\":\"La Ciudad en el Arte\",\"description\":\"Un blog colaborativo sobre Geograf\u00eda, Urbanismo, Historia y Arte\",\"potentialAction\":[{\"@type\":\"SearchAction\",\"target\":{\"@type\":\"EntryPoint\",\"urlTemplate\":\"https:\/\/sites.cardenalcisneros.es\/ciudadarte\/?s={search_term_string}\"},\"query-input\":\"required name=search_term_string\"}],\"inLanguage\":\"es\"},{\"@type\":\"Person\",\"@id\":\"https:\/\/sites.cardenalcisneros.es\/ciudadarte\/#\/schema\/person\/98181a680781c2db32cdf72e666e3314\",\"name\":\"Lucia\",\"image\":{\"@type\":\"ImageObject\",\"inLanguage\":\"es\",\"@id\":\"https:\/\/sites.cardenalcisneros.es\/ciudadarte\/#\/schema\/person\/image\/\",\"url\":\"https:\/\/secure.gravatar.com\/avatar\/e435b2ce86ac3ac18c446f384c19c56f?s=96&d=mm&r=g\",\"contentUrl\":\"https:\/\/secure.gravatar.com\/avatar\/e435b2ce86ac3ac18c446f384c19c56f?s=96&d=mm&r=g\",\"caption\":\"Lucia\"},\"url\":\"https:\/\/sites.cardenalcisneros.es\/ciudadarte\/index.php\/author\/03210262\/\"}]}<\/script>\n<!-- \/ Yoast SEO plugin. -->","yoast_head_json":{"title":"VALLADOLID (Jos\u00e9 Garc\u00eda, 2011) - La Ciudad en el Arte","robots":{"index":"index","follow":"follow","max-snippet":"max-snippet:-1","max-image-preview":"max-image-preview:large","max-video-preview":"max-video-preview:-1"},"canonical":"https:\/\/sites.cardenalcisneros.es\/ciudadarte\/index.php\/2015\/04\/28\/valladolid-2011\/","og_locale":"es_ES","og_type":"article","og_title":"VALLADOLID (Jos\u00e9 Garc\u00eda, 2011) - La Ciudad en el Arte","og_description":"&nbsp; This work of art was painted by Jos\u00e9 Garc\u00eda. It is a watercolor that represents Platerias Street in Valladolid. With this image, the painter started a collection of paintings inspired by a street race entitled \u201cR\u00edos de\u00a0luz\u201d. During this race some emblematic buildings of Valladolid were\u00a0illuminated\u00a0at night, and that encouraged the painter to exploit [&hellip;]","og_url":"https:\/\/sites.cardenalcisneros.es\/ciudadarte\/index.php\/2015\/04\/28\/valladolid-2011\/","og_site_name":"La Ciudad en el Arte","article_published_time":"2015-04-28T07:10:47+00:00","og_image":[{"url":"http:\/\/sites.cardenalcisneros.es\/ciudadarte\/wp-content\/uploads\/2015\/04\/Diapositiva11.jpg"}],"author":"Lucia","twitter_card":"summary_large_image","twitter_misc":{"Escrito por":"Lucia","Tiempo de lectura":"3 minutos"},"schema":{"@context":"https:\/\/schema.org","@graph":[{"@type":"WebPage","@id":"https:\/\/sites.cardenalcisneros.es\/ciudadarte\/index.php\/2015\/04\/28\/valladolid-2011\/","url":"https:\/\/sites.cardenalcisneros.es\/ciudadarte\/index.php\/2015\/04\/28\/valladolid-2011\/","name":"VALLADOLID (Jos\u00e9 Garc\u00eda, 2011) - La Ciudad en el Arte","isPartOf":{"@id":"https:\/\/sites.cardenalcisneros.es\/ciudadarte\/#website"},"datePublished":"2015-04-28T07:10:47+00:00","dateModified":"2015-04-28T07:10:47+00:00","author":{"@id":"https:\/\/sites.cardenalcisneros.es\/ciudadarte\/#\/schema\/person\/98181a680781c2db32cdf72e666e3314"},"breadcrumb":{"@id":"https:\/\/sites.cardenalcisneros.es\/ciudadarte\/index.php\/2015\/04\/28\/valladolid-2011\/#breadcrumb"},"inLanguage":"es","potentialAction":[{"@type":"ReadAction","target":["https:\/\/sites.cardenalcisneros.es\/ciudadarte\/index.php\/2015\/04\/28\/valladolid-2011\/"]}]},{"@type":"BreadcrumbList","@id":"https:\/\/sites.cardenalcisneros.es\/ciudadarte\/index.php\/2015\/04\/28\/valladolid-2011\/#breadcrumb","itemListElement":[{"@type":"ListItem","position":1,"name":"Portada","item":"https:\/\/sites.cardenalcisneros.es\/ciudadarte\/"},{"@type":"ListItem","position":2,"name":"VALLADOLID (Jos\u00e9 Garc\u00eda, 2011)"}]},{"@type":"WebSite","@id":"https:\/\/sites.cardenalcisneros.es\/ciudadarte\/#website","url":"https:\/\/sites.cardenalcisneros.es\/ciudadarte\/","name":"La Ciudad en el Arte","description":"Un blog colaborativo sobre Geograf\u00eda, Urbanismo, Historia y Arte","potentialAction":[{"@type":"SearchAction","target":{"@type":"EntryPoint","urlTemplate":"https:\/\/sites.cardenalcisneros.es\/ciudadarte\/?s={search_term_string}"},"query-input":"required name=search_term_string"}],"inLanguage":"es"},{"@type":"Person","@id":"https:\/\/sites.cardenalcisneros.es\/ciudadarte\/#\/schema\/person\/98181a680781c2db32cdf72e666e3314","name":"Lucia","image":{"@type":"ImageObject","inLanguage":"es","@id":"https:\/\/sites.cardenalcisneros.es\/ciudadarte\/#\/schema\/person\/image\/","url":"https:\/\/secure.gravatar.com\/avatar\/e435b2ce86ac3ac18c446f384c19c56f?s=96&d=mm&r=g","contentUrl":"https:\/\/secure.gravatar.com\/avatar\/e435b2ce86ac3ac18c446f384c19c56f?s=96&d=mm&r=g","caption":"Lucia"},"url":"https:\/\/sites.cardenalcisneros.es\/ciudadarte\/index.php\/author\/03210262\/"}]}},"_links":{"self":[{"href":"https:\/\/sites.cardenalcisneros.es\/ciudadarte\/index.php\/wp-json\/wp\/v2\/posts\/6092"}],"collection":[{"href":"https:\/\/sites.cardenalcisneros.es\/ciudadarte\/index.php\/wp-json\/wp\/v2\/posts"}],"about":[{"href":"https:\/\/sites.cardenalcisneros.es\/ciudadarte\/index.php\/wp-json\/wp\/v2\/types\/post"}],"author":[{"embeddable":true,"href":"https:\/\/sites.cardenalcisneros.es\/ciudadarte\/index.php\/wp-json\/wp\/v2\/users\/212"}],"replies":[{"embeddable":true,"href":"https:\/\/sites.cardenalcisneros.es\/ciudadarte\/index.php\/wp-json\/wp\/v2\/comments?post=6092"}],"version-history":[{"count":0,"href":"https:\/\/sites.cardenalcisneros.es\/ciudadarte\/index.php\/wp-json\/wp\/v2\/posts\/6092\/revisions"}],"wp:attachment":[{"href":"https:\/\/sites.cardenalcisneros.es\/ciudadarte\/index.php\/wp-json\/wp\/v2\/media?parent=6092"}],"wp:term":[{"taxonomy":"category","embeddable":true,"href":"https:\/\/sites.cardenalcisneros.es\/ciudadarte\/index.php\/wp-json\/wp\/v2\/categories?post=6092"},{"taxonomy":"post_tag","embeddable":true,"href":"https:\/\/sites.cardenalcisneros.es\/ciudadarte\/index.php\/wp-json\/wp\/v2\/tags?post=6092"}],"curies":[{"name":"wp","href":"https:\/\/api.w.org\/{rel}","templated":true}]}}