{"id":5972,"date":"2015-05-06T09:05:03","date_gmt":"2015-05-06T09:05:03","guid":{"rendered":"http:\/\/sites.cardenalcisneros.es\/ciudadarte\/?p=5972"},"modified":"2015-05-06T09:05:03","modified_gmt":"2015-05-06T09:05:03","slug":"milan-braun-hogenberg-1572","status":"publish","type":"post","link":"https:\/\/sites.cardenalcisneros.es\/ciudadarte\/index.php\/2015\/05\/06\/milan-braun-hogenberg-1572\/","title":{"rendered":"MILAN (Georg Braun &amp; Franz Hogenberg, 1572)"},"content":{"rendered":"<p><!--\nP { margin-bottom: 0.21cm; }\n--><\/p>\n<p style=\"text-align: center;\" align=\"JUSTIFY\"><a href=\"http:\/\/historic-cities.huji.ac.il\/italy\/milan\/maps\/braun_hogenberg_I_42_b.jpg\" target=\"_blank\"><img decoding=\"async\" loading=\"lazy\" class=\"wp-image-5979 aligncenter\" alt=\"Milan.001\" src=\"http:\/\/sites.cardenalcisneros.es\/ciudadarte\/wp-content\/uploads\/2015\/04\/Milan.001.jpg\" width=\"623\" height=\"471\" \/><\/a><\/p>\n<p align=\"JUSTIFY\"><span style=\"color: #000000;\"><span style=\"font-family: Arial,sans-serif;\"><span style=\"font-size: medium;\">La imagen que se presenta de Mil\u00e1n es una de las m\u00e1s de 500 vistas panor\u00e1micas y planos que forman la obra <em>Civitates Orbis Terrarum<\/em> (Ciudades del Mundo). Esta obra de seis vol\u00famenes fue editatada por el top\u00f3grafo alem\u00e1n Branun Georg que junto con los grabados realizados en su gran mayor\u00eda por Franz Hogenberg mostraba el urbanismo y la situaci\u00f3n en la que se encontraban las ciudades m\u00e1s importantes del siglo XVI y XVII. Concretamente esta imagen sobre Mil\u00e1n pertenece al primer volumen que data del 1572.<\/span><\/span><\/span><\/p>\n<p align=\"JUSTIFY\"><span style=\"color: #000000;\"><span style=\"font-family: Arial,sans-serif;\"><span style=\"font-size: medium;\">Midland o Medelhan fue fundada por los celtas hacia el 600 a.C. Los descubrimientos arqueol\u00f3gicos sobre este periodo se dieron por la zona de puerta Romana donde se hallaron numerosos vestigios culturales de sus asentamientos en la ciudad. Luego pas\u00f3 a ser conquistada por los romanos hacia el 222 a.C, a la que pasaron a llamar Mediolanum. Su traducci\u00f3n es \u201ctierra del medio\u201d puesto que es una ciudad que se encuentra en el centro de la llanura de Lombard\u00eda, rodeada por los r\u00edos de Tesino y Adda, y adem\u00e1s porque se sit\u00faa entre los Alpes y los Apeninos.<\/span><\/span><\/span><\/p>\n<p align=\"JUSTIFY\"><span style=\"color: #000000;\"><span style=\"font-family: Arial,sans-serif;\"><span style=\"font-size: medium;\">Fue hacia el siglo III d.C. que Mediolanum por su situaci\u00f3n se convirti\u00f3 en la capital efectiva del Imperio Romano de Occidente, algo que permiti\u00f3 la consolidaci\u00f3n de la nueva religi\u00f3n cristiana, \u00e9poca en la que comienzan a construirse iglesias como la de San Ambroggio, San Eustorgio o San Lorenzo Maggiore. La posici\u00f3n de Milan en el norte peninsular la situaba en una posici\u00f3n privilegiada lo cual lleva al emperador Maximiliano a realizar ampliaciones sobre la primera muralla, con el fin de consolidar su importancia como capital. Esta muralla se conoce como la Mura Massiminiane.<br \/>\n<\/span><\/span><\/span><\/p>\n<p align=\"JUSTIFY\"><span style=\"color: #000000;\"><span style=\"font-family: Arial,sans-serif;\"><span style=\"font-size: medium;\">En realidad, la ciudad presenta varias murallas como forma de defensa y es que desde sus or\u00edgenes ha sido por su situaci\u00f3n estrat\u00e9gica objeto de numerosas disputas. La primera muralla interna que se puede ver en esta imagen es la que corresponde a la \u00e9poca mediaval, llamada \u201cCerchia dei Naivigli\u201d, data del 1156 y pose\u00eda 8 puertas que apuntaban hacia los respectivos lugares: Porta Orientale, Porta Romana, Porta Ticinese, Porta Vercellina, Porta Comasina y Porta Nuova, Porta Gioiva y Porta Tosa. Los or\u00edgenes de esta muralla comienza en el a\u00f1o 49 cuando los romanos se hicieron con la ciudad, en esta \u00e9poca el trazado de Mil\u00e1n se caracteriza por ser una cuadr\u00edcula dentro de un rect\u00e1ngulo, con un fuerte biselado en su parte occidental. <\/span><\/span><\/span><\/p>\n<p align=\"JUSTIFY\"><span style=\"color: #000000;\"><span style=\"font-family: Arial,sans-serif;\"><span style=\"font-size: medium;\">La ultima ampliaci\u00f3n tiene luegar en 1156 la cual fue da\u00f1ada por la invasi\u00f3n de Federico Barbarroja y hasta 1171 no fue remodelado en lo que conocemos como Cerchia dei Navigli. Esta muralla era un foso defensivo con agua lo cual hizo que se convirtiese en un canal que permit\u00eda las comunicaciones internas en la ciudad. La continua construcci\u00f3n de la muralla hace que la ciudad se caracterice por su trazado circular. Por tanto responde a una trama radioc\u00e9ntrica con una expansi\u00f3n radial hasta la segunda muralla.<\/span><\/span><\/span><\/p>\n<p align=\"JUSTIFY\"><span style=\"color: #000000;\"><span style=\"font-family: Arial,sans-serif;\"><span style=\"font-size: medium;\">A finales de la Edad Media y el Renacimiento, la ciudad pasa a manos de la familia <\/span><\/span><\/span><span style=\"color: #000000;\"><span style=\"font-family: Arial,sans-serif;\"><span style=\"font-size: medium;\">Visconti, convirtiendo la ciudad en una ciudad pr\u00f3spera y de riqueza. Bajo el control de Gian Galeazzo Visconti se mand\u00f3 a construir el Duomo en 1386 seg\u00fan la arquitectura g\u00f3tica francesa, el m\u00e1rmol de Candoglia con el que se construyo la fachada fue trasladado hasta la ciudad a trav\u00e9s de los canales del Naviglio. Muchos fueron los que contribuyeron a sus m\u00e1s de 500 a\u00f1os de construcci\u00f3n entre los que destaca Leonardo da Vinci o Carlo Pellicani.<\/span><\/span><\/span><\/p>\n<p align=\"JUSTIFY\"><span style=\"color: #000000;\"> <span style=\"font-family: Arial,sans-serif;\"><span style=\"font-size: medium;\">Pero la construcci\u00f3n m\u00e1s importante fue llevada a cabo por Filippo Maria Visconti, se trata del Castillo de Porta Giovia (el actual Castillo Sforzesco). Este castillo fue destruido en la \u00e9poca de la Republica Ambrosiana (1447-1450) pero cuando este periodo termin\u00f3 la hija de Filippo Maria se cas\u00f3 con Francesco Sforza, el cual lo reconstruy\u00f3 en su totalidad. <\/span><\/span><\/span><\/p>\n<p align=\"JUSTIFY\"><span style=\"color: #000000;\"><span style=\"font-family: Arial,sans-serif;\"><span style=\"font-size: medium;\">Durante los a\u00f1os que estuvo la ciudad bajo el dominio del Ducado de Sforza hubo un gran desarrollo econ\u00f3mico. Ludovico el Moro (Ludovico Sforza) fue quien promovi\u00f3 el desarrollo de la cultura a todos los niveles, trayendo a grandes artistas a la ciudad; la agricultura es otra de las actividades que promueve a las afueras de la ciudad y la industria de la seda. Es as\u00ed, como se puede observar en el grabado, como todas las actividades agr\u00edcolas se llevan a cabo fuera del primer anillo, donde se ve una construcci\u00f3n estructuraci\u00f3n y organizaci\u00f3n del territorio muy diferente a la zona que va de la primera muralla hacia dentro, donde la construcci\u00f3n responde a un plano irregular en el nucleo central, algo muy caracter\u00edstico de la construcci\u00f3n romana.<br \/>\n<\/span><\/span><\/span><\/p>\n<p align=\"JUSTIFY\"><span style=\"color: #000000;\"><span style=\"font-family: Arial,sans-serif;\"><span style=\"font-size: medium;\">Bajo el Ducado de Sforza vinieron tambi\u00e9n las grandes epidemias en toda Europa, por lo que se tiene que construir un lugar donde albergar a todos estos enfermos lo m\u00e1s lejos posible del centro neur\u00e1lgico de la ciudad, es as\u00ed como se construye el Lazzareto a las afueras de la segunda muralla. <\/span><\/span><\/span><\/p>\n<p align=\"JUSTIFY\"><span style=\"color: #000000;\"><span style=\"font-family: Arial,sans-serif;\"><span style=\"font-size: medium;\">En 1525 los espa\u00f1oles se hacen con el gobierno de la ciudad tras la derrota de los franceses. Es en esta \u00e9poca cuando se levanta la muralla conocida como Cerchia dei Bastioni (Cerca de los Bastiones) que delimitaba con el centro hist\u00f3rico. Su extensi\u00f3n estaba aproximadamente entre las 730 hect\u00e1reas, 11,3 kil\u00f3metros de per\u00edmetro y con un total de doce puertas. <\/span><\/span><\/span><\/p>\n<p align=\"JUSTIFY\"><span style=\"color: #000000;\"><span style=\"font-family: Arial,sans-serif;\"><span style=\"font-size: medium;\">Por \u00faltimo se\u00f1alar que gran parte de la Milan que vemos en la imagen qued\u00f3 destruida tras la Guerra Mundial, pero al terminar Segunda Guerra Mundial la regi\u00f3n de Lombard\u00eda contribuy\u00f3 a su reconstrucci\u00f3n y la prosperidad que transform\u00f3 a Italia, de un pa\u00eds agr\u00edcolo y relativamente subdesarrollado, a un l\u00edder industrial mundial. <\/span><\/span><\/span><\/p>\n<p>Cristina Caballero<\/p>\n","protected":false},"excerpt":{"rendered":"<p>La imagen que se presenta de Mil\u00e1n es una de las m\u00e1s de 500 vistas panor\u00e1micas y planos que forman la obra Civitates Orbis Terrarum (Ciudades del Mundo). Esta obra de seis vol\u00famenes fue editatada por el top\u00f3grafo alem\u00e1n Branun Georg que junto con los grabados realizados en su gran mayor\u00eda por Franz Hogenberg mostraba [&hellip;]<\/p>\n","protected":false},"author":205,"featured_media":0,"comment_status":"open","ping_status":"open","sticky":false,"template":"","format":"standard","meta":[],"categories":[1],"tags":[142],"yoast_head":"<!-- This site is optimized with the Yoast SEO plugin v20.7 - https:\/\/yoast.com\/wordpress\/plugins\/seo\/ -->\n<title>MILAN (Georg Braun &amp; Franz Hogenberg, 1572) - La Ciudad en el Arte<\/title>\n<meta name=\"robots\" content=\"index, follow, max-snippet:-1, max-image-preview:large, max-video-preview:-1\" \/>\n<link rel=\"canonical\" href=\"https:\/\/sites.cardenalcisneros.es\/ciudadarte\/index.php\/2015\/05\/06\/milan-braun-hogenberg-1572\/\" \/>\n<meta property=\"og:locale\" content=\"es_ES\" \/>\n<meta property=\"og:type\" content=\"article\" \/>\n<meta property=\"og:title\" content=\"MILAN (Georg Braun &amp; Franz Hogenberg, 1572) - La Ciudad en el Arte\" \/>\n<meta property=\"og:description\" content=\"La imagen que se presenta de Mil\u00e1n es una de las m\u00e1s de 500 vistas panor\u00e1micas y planos que forman la obra Civitates Orbis Terrarum (Ciudades del Mundo). Esta obra de seis vol\u00famenes fue editatada por el top\u00f3grafo alem\u00e1n Branun Georg que junto con los grabados realizados en su gran mayor\u00eda por Franz Hogenberg mostraba [&hellip;]\" \/>\n<meta property=\"og:url\" content=\"https:\/\/sites.cardenalcisneros.es\/ciudadarte\/index.php\/2015\/05\/06\/milan-braun-hogenberg-1572\/\" \/>\n<meta property=\"og:site_name\" content=\"La Ciudad en el Arte\" \/>\n<meta property=\"article:published_time\" content=\"2015-05-06T09:05:03+00:00\" \/>\n<meta property=\"og:image\" content=\"http:\/\/sites.cardenalcisneros.es\/ciudadarte\/wp-content\/uploads\/2015\/04\/Milan.001.jpg\" \/>\n<meta name=\"author\" content=\"CCaballero\" \/>\n<meta name=\"twitter:card\" content=\"summary_large_image\" \/>\n<meta name=\"twitter:label1\" content=\"Escrito por\" \/>\n\t<meta name=\"twitter:data1\" content=\"CCaballero\" \/>\n\t<meta name=\"twitter:label2\" content=\"Tiempo de lectura\" \/>\n\t<meta name=\"twitter:data2\" content=\"5 minutos\" \/>\n<script type=\"application\/ld+json\" class=\"yoast-schema-graph\">{\"@context\":\"https:\/\/schema.org\",\"@graph\":[{\"@type\":\"WebPage\",\"@id\":\"https:\/\/sites.cardenalcisneros.es\/ciudadarte\/index.php\/2015\/05\/06\/milan-braun-hogenberg-1572\/\",\"url\":\"https:\/\/sites.cardenalcisneros.es\/ciudadarte\/index.php\/2015\/05\/06\/milan-braun-hogenberg-1572\/\",\"name\":\"MILAN (Georg Braun &amp; Franz Hogenberg, 1572) - La Ciudad en el Arte\",\"isPartOf\":{\"@id\":\"https:\/\/sites.cardenalcisneros.es\/ciudadarte\/#website\"},\"datePublished\":\"2015-05-06T09:05:03+00:00\",\"dateModified\":\"2015-05-06T09:05:03+00:00\",\"author\":{\"@id\":\"https:\/\/sites.cardenalcisneros.es\/ciudadarte\/#\/schema\/person\/fe85a64f60a37f2551f172ea7fd9d95f\"},\"breadcrumb\":{\"@id\":\"https:\/\/sites.cardenalcisneros.es\/ciudadarte\/index.php\/2015\/05\/06\/milan-braun-hogenberg-1572\/#breadcrumb\"},\"inLanguage\":\"es\",\"potentialAction\":[{\"@type\":\"ReadAction\",\"target\":[\"https:\/\/sites.cardenalcisneros.es\/ciudadarte\/index.php\/2015\/05\/06\/milan-braun-hogenberg-1572\/\"]}]},{\"@type\":\"BreadcrumbList\",\"@id\":\"https:\/\/sites.cardenalcisneros.es\/ciudadarte\/index.php\/2015\/05\/06\/milan-braun-hogenberg-1572\/#breadcrumb\",\"itemListElement\":[{\"@type\":\"ListItem\",\"position\":1,\"name\":\"Portada\",\"item\":\"https:\/\/sites.cardenalcisneros.es\/ciudadarte\/\"},{\"@type\":\"ListItem\",\"position\":2,\"name\":\"MILAN (Georg Braun &amp; Franz Hogenberg, 1572)\"}]},{\"@type\":\"WebSite\",\"@id\":\"https:\/\/sites.cardenalcisneros.es\/ciudadarte\/#website\",\"url\":\"https:\/\/sites.cardenalcisneros.es\/ciudadarte\/\",\"name\":\"La Ciudad en el Arte\",\"description\":\"Un blog colaborativo sobre Geograf\u00eda, Urbanismo, Historia y Arte\",\"potentialAction\":[{\"@type\":\"SearchAction\",\"target\":{\"@type\":\"EntryPoint\",\"urlTemplate\":\"https:\/\/sites.cardenalcisneros.es\/ciudadarte\/?s={search_term_string}\"},\"query-input\":\"required name=search_term_string\"}],\"inLanguage\":\"es\"},{\"@type\":\"Person\",\"@id\":\"https:\/\/sites.cardenalcisneros.es\/ciudadarte\/#\/schema\/person\/fe85a64f60a37f2551f172ea7fd9d95f\",\"name\":\"CCaballero\",\"image\":{\"@type\":\"ImageObject\",\"inLanguage\":\"es\",\"@id\":\"https:\/\/sites.cardenalcisneros.es\/ciudadarte\/#\/schema\/person\/image\/\",\"url\":\"https:\/\/secure.gravatar.com\/avatar\/66e5e9d7eaf080462855ca21a37043bd?s=96&d=mm&r=g\",\"contentUrl\":\"https:\/\/secure.gravatar.com\/avatar\/66e5e9d7eaf080462855ca21a37043bd?s=96&d=mm&r=g\",\"caption\":\"CCaballero\"},\"url\":\"https:\/\/sites.cardenalcisneros.es\/ciudadarte\/index.php\/author\/48902033p\/\"}]}<\/script>\n<!-- \/ Yoast SEO plugin. -->","yoast_head_json":{"title":"MILAN (Georg Braun &amp; Franz Hogenberg, 1572) - La Ciudad en el Arte","robots":{"index":"index","follow":"follow","max-snippet":"max-snippet:-1","max-image-preview":"max-image-preview:large","max-video-preview":"max-video-preview:-1"},"canonical":"https:\/\/sites.cardenalcisneros.es\/ciudadarte\/index.php\/2015\/05\/06\/milan-braun-hogenberg-1572\/","og_locale":"es_ES","og_type":"article","og_title":"MILAN (Georg Braun &amp; Franz Hogenberg, 1572) - La Ciudad en el Arte","og_description":"La imagen que se presenta de Mil\u00e1n es una de las m\u00e1s de 500 vistas panor\u00e1micas y planos que forman la obra Civitates Orbis Terrarum (Ciudades del Mundo). Esta obra de seis vol\u00famenes fue editatada por el top\u00f3grafo alem\u00e1n Branun Georg que junto con los grabados realizados en su gran mayor\u00eda por Franz Hogenberg mostraba [&hellip;]","og_url":"https:\/\/sites.cardenalcisneros.es\/ciudadarte\/index.php\/2015\/05\/06\/milan-braun-hogenberg-1572\/","og_site_name":"La Ciudad en el Arte","article_published_time":"2015-05-06T09:05:03+00:00","og_image":[{"url":"http:\/\/sites.cardenalcisneros.es\/ciudadarte\/wp-content\/uploads\/2015\/04\/Milan.001.jpg"}],"author":"CCaballero","twitter_card":"summary_large_image","twitter_misc":{"Escrito por":"CCaballero","Tiempo de lectura":"5 minutos"},"schema":{"@context":"https:\/\/schema.org","@graph":[{"@type":"WebPage","@id":"https:\/\/sites.cardenalcisneros.es\/ciudadarte\/index.php\/2015\/05\/06\/milan-braun-hogenberg-1572\/","url":"https:\/\/sites.cardenalcisneros.es\/ciudadarte\/index.php\/2015\/05\/06\/milan-braun-hogenberg-1572\/","name":"MILAN (Georg Braun &amp; Franz Hogenberg, 1572) - La Ciudad en el Arte","isPartOf":{"@id":"https:\/\/sites.cardenalcisneros.es\/ciudadarte\/#website"},"datePublished":"2015-05-06T09:05:03+00:00","dateModified":"2015-05-06T09:05:03+00:00","author":{"@id":"https:\/\/sites.cardenalcisneros.es\/ciudadarte\/#\/schema\/person\/fe85a64f60a37f2551f172ea7fd9d95f"},"breadcrumb":{"@id":"https:\/\/sites.cardenalcisneros.es\/ciudadarte\/index.php\/2015\/05\/06\/milan-braun-hogenberg-1572\/#breadcrumb"},"inLanguage":"es","potentialAction":[{"@type":"ReadAction","target":["https:\/\/sites.cardenalcisneros.es\/ciudadarte\/index.php\/2015\/05\/06\/milan-braun-hogenberg-1572\/"]}]},{"@type":"BreadcrumbList","@id":"https:\/\/sites.cardenalcisneros.es\/ciudadarte\/index.php\/2015\/05\/06\/milan-braun-hogenberg-1572\/#breadcrumb","itemListElement":[{"@type":"ListItem","position":1,"name":"Portada","item":"https:\/\/sites.cardenalcisneros.es\/ciudadarte\/"},{"@type":"ListItem","position":2,"name":"MILAN (Georg Braun &amp; Franz Hogenberg, 1572)"}]},{"@type":"WebSite","@id":"https:\/\/sites.cardenalcisneros.es\/ciudadarte\/#website","url":"https:\/\/sites.cardenalcisneros.es\/ciudadarte\/","name":"La Ciudad en el Arte","description":"Un blog colaborativo sobre Geograf\u00eda, Urbanismo, Historia y Arte","potentialAction":[{"@type":"SearchAction","target":{"@type":"EntryPoint","urlTemplate":"https:\/\/sites.cardenalcisneros.es\/ciudadarte\/?s={search_term_string}"},"query-input":"required name=search_term_string"}],"inLanguage":"es"},{"@type":"Person","@id":"https:\/\/sites.cardenalcisneros.es\/ciudadarte\/#\/schema\/person\/fe85a64f60a37f2551f172ea7fd9d95f","name":"CCaballero","image":{"@type":"ImageObject","inLanguage":"es","@id":"https:\/\/sites.cardenalcisneros.es\/ciudadarte\/#\/schema\/person\/image\/","url":"https:\/\/secure.gravatar.com\/avatar\/66e5e9d7eaf080462855ca21a37043bd?s=96&d=mm&r=g","contentUrl":"https:\/\/secure.gravatar.com\/avatar\/66e5e9d7eaf080462855ca21a37043bd?s=96&d=mm&r=g","caption":"CCaballero"},"url":"https:\/\/sites.cardenalcisneros.es\/ciudadarte\/index.php\/author\/48902033p\/"}]}},"_links":{"self":[{"href":"https:\/\/sites.cardenalcisneros.es\/ciudadarte\/index.php\/wp-json\/wp\/v2\/posts\/5972"}],"collection":[{"href":"https:\/\/sites.cardenalcisneros.es\/ciudadarte\/index.php\/wp-json\/wp\/v2\/posts"}],"about":[{"href":"https:\/\/sites.cardenalcisneros.es\/ciudadarte\/index.php\/wp-json\/wp\/v2\/types\/post"}],"author":[{"embeddable":true,"href":"https:\/\/sites.cardenalcisneros.es\/ciudadarte\/index.php\/wp-json\/wp\/v2\/users\/205"}],"replies":[{"embeddable":true,"href":"https:\/\/sites.cardenalcisneros.es\/ciudadarte\/index.php\/wp-json\/wp\/v2\/comments?post=5972"}],"version-history":[{"count":0,"href":"https:\/\/sites.cardenalcisneros.es\/ciudadarte\/index.php\/wp-json\/wp\/v2\/posts\/5972\/revisions"}],"wp:attachment":[{"href":"https:\/\/sites.cardenalcisneros.es\/ciudadarte\/index.php\/wp-json\/wp\/v2\/media?parent=5972"}],"wp:term":[{"taxonomy":"category","embeddable":true,"href":"https:\/\/sites.cardenalcisneros.es\/ciudadarte\/index.php\/wp-json\/wp\/v2\/categories?post=5972"},{"taxonomy":"post_tag","embeddable":true,"href":"https:\/\/sites.cardenalcisneros.es\/ciudadarte\/index.php\/wp-json\/wp\/v2\/tags?post=5972"}],"curies":[{"name":"wp","href":"https:\/\/api.w.org\/{rel}","templated":true}]}}