{"id":5904,"date":"2014-06-02T15:39:38","date_gmt":"2014-06-02T15:39:38","guid":{"rendered":"http:\/\/sites.cardenalcisneros.es\/ciudadarte\/?p=5904"},"modified":"2014-06-02T15:39:38","modified_gmt":"2014-06-02T15:39:38","slug":"bilbao-felix-bonales-2012","status":"publish","type":"post","link":"https:\/\/sites.cardenalcisneros.es\/ciudadarte\/index.php\/2014\/06\/02\/bilbao-felix-bonales-2012\/","title":{"rendered":"BILBAO (F\u00e9lix Bonales, 2012)"},"content":{"rendered":"<p><a href=\"http:\/\/4.bp.blogspot.com\/-Qht9OhQCfS8\/UQ95waYe3UI\/AAAAAAAAACs\/n_Vc_awL7aM\/s1600\/01.jpg\" target=\"_blank\"><img decoding=\"async\" loading=\"lazy\" class=\"alignnone  wp-image-5912\" alt=\"leticia-lopez-vallejo-trabajo-2-power-point\" src=\"http:\/\/sites.cardenalcisneros.es\/ciudadarte\/wp-content\/uploads\/2014\/06\/leticia-lopez-vallejo-trabajo-2-power-point.jpg\" width=\"645\" height=\"380\" \/><\/a><\/p>\n<p style=\"text-align: justify;\"><span style=\"color: #000000;\">Esta obra del a\u00f1o 2012 es una pintura de 116 x 81 cm realizada al \u00f3leo por el pintor realista F\u00e9lix Bonales. Se trata de una panor\u00e1mica de la ciudad desde Mallona en la que se aprecia claramente c\u00f3mo es el Bilbao de hoy en d\u00eda. Est\u00e1 tomada de la <a href=\"http:\/\/felixbonales.blogspot.com.es\/\" target=\"_blank\"><span style=\"color: #000000;\">p\u00e1gina web<\/span><\/a> del propio artista.<\/span><\/p>\n<p style=\"text-align: justify;\"><span style=\"color: #000000;\">El principal motivo de la ubicaci\u00f3n de la ciudad de Bilbao fue la existencia de la r\u00eda del Nervi\u00f3n, ya que supon\u00eda un punto estrat\u00e9gico para el control de las mercanc\u00edas provenientes de Durango, Balmaseda o de la misma r\u00eda. La fundaci\u00f3n de la Villa jur\u00eddicamente hablando se remite al a\u00f1o 1300, siendo el art\u00edfice de \u00e9sta Diego L\u00f3pez de Haro V, tambi\u00e9n llamado \u201cEl Intruso\u201d, quien fuese Se\u00f1or de Vizcaya. Sin embargo, \u00e9sta ya exist\u00eda como n\u00facleo urbano desde el siglo anterior encontr\u00e1ndose a ambos lados de ella, algo antes de su desembocadura en el mar Cant\u00e1brico, lo cual permit\u00eda un exhaustivo control de las mercanc\u00edas que iban llegando. En ese a\u00f1o 1300, la Villa recibi\u00f3 el terreno que actualmente se conoce, lo que fue en aquel momento un gran privilegio. Pero se puede hablar de m\u00e1s privilegios por parte del rey Fernando IV, principalmente en lo que ventajas comerciales se refiere. De esta manera, todas las mercanc\u00edas provenientes de Castilla ten\u00edan que pasar obligatoriamente por este territorio, quedando Bermeo totalmente apartado. Estos privilegios aumentaron cuando en 1372 el futuro Juan I de Castilla concentr\u00f3 el embarque del hierro en dicha zona.<\/span><\/p>\n<p style=\"text-align: justify;\"><span style=\"color: #000000;\">Con tan numerosas concesiones, la funci\u00f3n mercantil de Bilbao se fue consolidando, terminando por estar conectado directamente con los puertos de Flandes y Gran Breta\u00f1a as\u00ed como los de Francia, Portugal e Italia adem\u00e1s de Castilla y Arag\u00f3n y los puertos de Sevilla y Barcelona. Hay que decir que estas ventajas de las que dispon\u00eda la Villa no terminaban aqu\u00ed. Bilbao fue un lugar importante por la concentraci\u00f3n no s\u00f3lo de hierro sino tambi\u00e9n de lanas provenientes de Burgos, sin tener que pasar por Santander. <\/span><\/p>\n<p style=\"text-align: justify;\"><span style=\"color: #000000;\">Ante tantos privilegios, villas como Portugalete no tardaron en expresar su desacuerdo. Esto tuvo serias consecuencias para la Villa ya que en 1500 su jurisdicci\u00f3n se vio reducida b\u00e1sicamente al entorno de sus murallas, es decir, a no mucho m\u00e1s de las siete calles con las que contaba. Once a\u00f1os m\u00e1s tarde, la reina Juana de Castilla estableci\u00f3 el \u201cConsulado, Casa de Contrataci\u00f3n, Juzgado de los hombres de negocios de mar y de tierra y Universidad de Bilbao\u201d. Gracias a esta funci\u00f3n mercantil el territorio de Bilbao fue creciendo. Dicho crecimiento se dio en un principio \u00fanicamente en el entorno de las tres primeras calles de la Villa, Somera, Artekale y Tender\u00eda. M\u00e1s adelante, a lo largo del siglo XVIII\u00a0 hubo un mayor crecimiento desde la Iglesia de Santiago, actual catedral, y hacia los arrabales de Atxuri y Ascao, lugares con una activa funci\u00f3n artesanal.<\/span><\/p>\n<p style=\"text-align: justify;\"><span style=\"color: #000000;\">La situaci\u00f3n dio un giro de 360 grados a finales del siglo XVIII y comienzos del siglo XIX debido a conflictos, la invasi\u00f3n napole\u00f3nica y la Guerra de Independencia, vi\u00e9ndose afectado el comercio tradicional. Tras la primera Guerra Carlista (1833-1839) la actividad econ\u00f3mica de Bilbao se hizo m\u00e1s fuerte pudi\u00e9ndose convertir as\u00ed en el centro neur\u00e1lgico del Se\u00f1or\u00edo. A partir de 1870 y con el establecimiento del sistema municipal com\u00fan, la jurisdicci\u00f3n se vio ampliada por la anteiglesia de Abando, zona que seis a\u00f1os m\u00e1s tarde experiment\u00f3 un plan de Ensanche, plan que dio lugar a una nueva ciudad.<\/span><\/p>\n<p>Leticia L\u00f3pez Vallejo<br \/>\n&nbsp;<\/p>\n","protected":false},"excerpt":{"rendered":"<p>Esta obra del a\u00f1o 2012 es una pintura de 116 x 81 cm realizada al \u00f3leo por el pintor realista F\u00e9lix Bonales. Se trata de una panor\u00e1mica de la ciudad desde Mallona en la que se aprecia claramente c\u00f3mo es el Bilbao de hoy en d\u00eda. Est\u00e1 tomada de la p\u00e1gina web del propio artista. [&hellip;]<\/p>\n","protected":false},"author":93,"featured_media":0,"comment_status":"open","ping_status":"open","sticky":false,"template":"","format":"standard","meta":[],"categories":[1],"tags":[31],"yoast_head":"<!-- This site is optimized with the Yoast SEO plugin v20.7 - https:\/\/yoast.com\/wordpress\/plugins\/seo\/ -->\n<title>BILBAO (F\u00e9lix Bonales, 2012) - La Ciudad en el Arte<\/title>\n<meta name=\"robots\" content=\"index, follow, max-snippet:-1, max-image-preview:large, max-video-preview:-1\" \/>\n<link rel=\"canonical\" href=\"https:\/\/sites.cardenalcisneros.es\/ciudadarte\/index.php\/2014\/06\/02\/bilbao-felix-bonales-2012\/\" \/>\n<meta property=\"og:locale\" content=\"es_ES\" \/>\n<meta property=\"og:type\" content=\"article\" \/>\n<meta property=\"og:title\" content=\"BILBAO (F\u00e9lix Bonales, 2012) - La Ciudad en el Arte\" \/>\n<meta property=\"og:description\" content=\"Esta obra del a\u00f1o 2012 es una pintura de 116 x 81 cm realizada al \u00f3leo por el pintor realista F\u00e9lix Bonales. Se trata de una panor\u00e1mica de la ciudad desde Mallona en la que se aprecia claramente c\u00f3mo es el Bilbao de hoy en d\u00eda. Est\u00e1 tomada de la p\u00e1gina web del propio artista. [&hellip;]\" \/>\n<meta property=\"og:url\" content=\"https:\/\/sites.cardenalcisneros.es\/ciudadarte\/index.php\/2014\/06\/02\/bilbao-felix-bonales-2012\/\" \/>\n<meta property=\"og:site_name\" content=\"La Ciudad en el Arte\" \/>\n<meta property=\"article:published_time\" content=\"2014-06-02T15:39:38+00:00\" \/>\n<meta property=\"og:image\" content=\"http:\/\/sites.cardenalcisneros.es\/ciudadarte\/wp-content\/uploads\/2014\/06\/leticia-lopez-vallejo-trabajo-2-power-point.jpg\" \/>\n<meta name=\"author\" content=\"Alumno Campus\" \/>\n<meta name=\"twitter:card\" content=\"summary_large_image\" \/>\n<meta name=\"twitter:label1\" content=\"Escrito por\" \/>\n\t<meta name=\"twitter:data1\" content=\"Alumno Campus\" \/>\n\t<meta name=\"twitter:label2\" content=\"Tiempo de lectura\" \/>\n\t<meta name=\"twitter:data2\" content=\"3 minutos\" \/>\n<script type=\"application\/ld+json\" class=\"yoast-schema-graph\">{\"@context\":\"https:\/\/schema.org\",\"@graph\":[{\"@type\":\"WebPage\",\"@id\":\"https:\/\/sites.cardenalcisneros.es\/ciudadarte\/index.php\/2014\/06\/02\/bilbao-felix-bonales-2012\/\",\"url\":\"https:\/\/sites.cardenalcisneros.es\/ciudadarte\/index.php\/2014\/06\/02\/bilbao-felix-bonales-2012\/\",\"name\":\"BILBAO (F\u00e9lix Bonales, 2012) - La Ciudad en el Arte\",\"isPartOf\":{\"@id\":\"https:\/\/sites.cardenalcisneros.es\/ciudadarte\/#website\"},\"datePublished\":\"2014-06-02T15:39:38+00:00\",\"dateModified\":\"2014-06-02T15:39:38+00:00\",\"author\":{\"@id\":\"https:\/\/sites.cardenalcisneros.es\/ciudadarte\/#\/schema\/person\/0f83c64b2a28c1a5a38f7d9dd2e38fc2\"},\"breadcrumb\":{\"@id\":\"https:\/\/sites.cardenalcisneros.es\/ciudadarte\/index.php\/2014\/06\/02\/bilbao-felix-bonales-2012\/#breadcrumb\"},\"inLanguage\":\"es\",\"potentialAction\":[{\"@type\":\"ReadAction\",\"target\":[\"https:\/\/sites.cardenalcisneros.es\/ciudadarte\/index.php\/2014\/06\/02\/bilbao-felix-bonales-2012\/\"]}]},{\"@type\":\"BreadcrumbList\",\"@id\":\"https:\/\/sites.cardenalcisneros.es\/ciudadarte\/index.php\/2014\/06\/02\/bilbao-felix-bonales-2012\/#breadcrumb\",\"itemListElement\":[{\"@type\":\"ListItem\",\"position\":1,\"name\":\"Portada\",\"item\":\"https:\/\/sites.cardenalcisneros.es\/ciudadarte\/\"},{\"@type\":\"ListItem\",\"position\":2,\"name\":\"BILBAO (F\u00e9lix Bonales, 2012)\"}]},{\"@type\":\"WebSite\",\"@id\":\"https:\/\/sites.cardenalcisneros.es\/ciudadarte\/#website\",\"url\":\"https:\/\/sites.cardenalcisneros.es\/ciudadarte\/\",\"name\":\"La Ciudad en el Arte\",\"description\":\"Un blog colaborativo sobre Geograf\u00eda, Urbanismo, Historia y Arte\",\"potentialAction\":[{\"@type\":\"SearchAction\",\"target\":{\"@type\":\"EntryPoint\",\"urlTemplate\":\"https:\/\/sites.cardenalcisneros.es\/ciudadarte\/?s={search_term_string}\"},\"query-input\":\"required name=search_term_string\"}],\"inLanguage\":\"es\"},{\"@type\":\"Person\",\"@id\":\"https:\/\/sites.cardenalcisneros.es\/ciudadarte\/#\/schema\/person\/0f83c64b2a28c1a5a38f7d9dd2e38fc2\",\"name\":\"Alumno Campus\",\"image\":{\"@type\":\"ImageObject\",\"inLanguage\":\"es\",\"@id\":\"https:\/\/sites.cardenalcisneros.es\/ciudadarte\/#\/schema\/person\/image\/\",\"url\":\"https:\/\/secure.gravatar.com\/avatar\/451448e807ff33883635030571ef263a?s=96&d=mm&r=g\",\"contentUrl\":\"https:\/\/secure.gravatar.com\/avatar\/451448e807ff33883635030571ef263a?s=96&d=mm&r=g\",\"caption\":\"Alumno Campus\"},\"url\":\"https:\/\/sites.cardenalcisneros.es\/ciudadarte\/index.php\/author\/alumnocampus\/\"}]}<\/script>\n<!-- \/ Yoast SEO plugin. -->","yoast_head_json":{"title":"BILBAO (F\u00e9lix Bonales, 2012) - La Ciudad en el Arte","robots":{"index":"index","follow":"follow","max-snippet":"max-snippet:-1","max-image-preview":"max-image-preview:large","max-video-preview":"max-video-preview:-1"},"canonical":"https:\/\/sites.cardenalcisneros.es\/ciudadarte\/index.php\/2014\/06\/02\/bilbao-felix-bonales-2012\/","og_locale":"es_ES","og_type":"article","og_title":"BILBAO (F\u00e9lix Bonales, 2012) - La Ciudad en el Arte","og_description":"Esta obra del a\u00f1o 2012 es una pintura de 116 x 81 cm realizada al \u00f3leo por el pintor realista F\u00e9lix Bonales. Se trata de una panor\u00e1mica de la ciudad desde Mallona en la que se aprecia claramente c\u00f3mo es el Bilbao de hoy en d\u00eda. Est\u00e1 tomada de la p\u00e1gina web del propio artista. [&hellip;]","og_url":"https:\/\/sites.cardenalcisneros.es\/ciudadarte\/index.php\/2014\/06\/02\/bilbao-felix-bonales-2012\/","og_site_name":"La Ciudad en el Arte","article_published_time":"2014-06-02T15:39:38+00:00","og_image":[{"url":"http:\/\/sites.cardenalcisneros.es\/ciudadarte\/wp-content\/uploads\/2014\/06\/leticia-lopez-vallejo-trabajo-2-power-point.jpg"}],"author":"Alumno Campus","twitter_card":"summary_large_image","twitter_misc":{"Escrito por":"Alumno Campus","Tiempo de lectura":"3 minutos"},"schema":{"@context":"https:\/\/schema.org","@graph":[{"@type":"WebPage","@id":"https:\/\/sites.cardenalcisneros.es\/ciudadarte\/index.php\/2014\/06\/02\/bilbao-felix-bonales-2012\/","url":"https:\/\/sites.cardenalcisneros.es\/ciudadarte\/index.php\/2014\/06\/02\/bilbao-felix-bonales-2012\/","name":"BILBAO (F\u00e9lix Bonales, 2012) - La Ciudad en el Arte","isPartOf":{"@id":"https:\/\/sites.cardenalcisneros.es\/ciudadarte\/#website"},"datePublished":"2014-06-02T15:39:38+00:00","dateModified":"2014-06-02T15:39:38+00:00","author":{"@id":"https:\/\/sites.cardenalcisneros.es\/ciudadarte\/#\/schema\/person\/0f83c64b2a28c1a5a38f7d9dd2e38fc2"},"breadcrumb":{"@id":"https:\/\/sites.cardenalcisneros.es\/ciudadarte\/index.php\/2014\/06\/02\/bilbao-felix-bonales-2012\/#breadcrumb"},"inLanguage":"es","potentialAction":[{"@type":"ReadAction","target":["https:\/\/sites.cardenalcisneros.es\/ciudadarte\/index.php\/2014\/06\/02\/bilbao-felix-bonales-2012\/"]}]},{"@type":"BreadcrumbList","@id":"https:\/\/sites.cardenalcisneros.es\/ciudadarte\/index.php\/2014\/06\/02\/bilbao-felix-bonales-2012\/#breadcrumb","itemListElement":[{"@type":"ListItem","position":1,"name":"Portada","item":"https:\/\/sites.cardenalcisneros.es\/ciudadarte\/"},{"@type":"ListItem","position":2,"name":"BILBAO (F\u00e9lix Bonales, 2012)"}]},{"@type":"WebSite","@id":"https:\/\/sites.cardenalcisneros.es\/ciudadarte\/#website","url":"https:\/\/sites.cardenalcisneros.es\/ciudadarte\/","name":"La Ciudad en el Arte","description":"Un blog colaborativo sobre Geograf\u00eda, Urbanismo, Historia y Arte","potentialAction":[{"@type":"SearchAction","target":{"@type":"EntryPoint","urlTemplate":"https:\/\/sites.cardenalcisneros.es\/ciudadarte\/?s={search_term_string}"},"query-input":"required name=search_term_string"}],"inLanguage":"es"},{"@type":"Person","@id":"https:\/\/sites.cardenalcisneros.es\/ciudadarte\/#\/schema\/person\/0f83c64b2a28c1a5a38f7d9dd2e38fc2","name":"Alumno Campus","image":{"@type":"ImageObject","inLanguage":"es","@id":"https:\/\/sites.cardenalcisneros.es\/ciudadarte\/#\/schema\/person\/image\/","url":"https:\/\/secure.gravatar.com\/avatar\/451448e807ff33883635030571ef263a?s=96&d=mm&r=g","contentUrl":"https:\/\/secure.gravatar.com\/avatar\/451448e807ff33883635030571ef263a?s=96&d=mm&r=g","caption":"Alumno Campus"},"url":"https:\/\/sites.cardenalcisneros.es\/ciudadarte\/index.php\/author\/alumnocampus\/"}]}},"_links":{"self":[{"href":"https:\/\/sites.cardenalcisneros.es\/ciudadarte\/index.php\/wp-json\/wp\/v2\/posts\/5904"}],"collection":[{"href":"https:\/\/sites.cardenalcisneros.es\/ciudadarte\/index.php\/wp-json\/wp\/v2\/posts"}],"about":[{"href":"https:\/\/sites.cardenalcisneros.es\/ciudadarte\/index.php\/wp-json\/wp\/v2\/types\/post"}],"author":[{"embeddable":true,"href":"https:\/\/sites.cardenalcisneros.es\/ciudadarte\/index.php\/wp-json\/wp\/v2\/users\/93"}],"replies":[{"embeddable":true,"href":"https:\/\/sites.cardenalcisneros.es\/ciudadarte\/index.php\/wp-json\/wp\/v2\/comments?post=5904"}],"version-history":[{"count":0,"href":"https:\/\/sites.cardenalcisneros.es\/ciudadarte\/index.php\/wp-json\/wp\/v2\/posts\/5904\/revisions"}],"wp:attachment":[{"href":"https:\/\/sites.cardenalcisneros.es\/ciudadarte\/index.php\/wp-json\/wp\/v2\/media?parent=5904"}],"wp:term":[{"taxonomy":"category","embeddable":true,"href":"https:\/\/sites.cardenalcisneros.es\/ciudadarte\/index.php\/wp-json\/wp\/v2\/categories?post=5904"},{"taxonomy":"post_tag","embeddable":true,"href":"https:\/\/sites.cardenalcisneros.es\/ciudadarte\/index.php\/wp-json\/wp\/v2\/tags?post=5904"}],"curies":[{"name":"wp","href":"https:\/\/api.w.org\/{rel}","templated":true}]}}