{"id":5068,"date":"2013-05-31T14:48:02","date_gmt":"2013-05-31T12:48:02","guid":{"rendered":"http:\/\/sites.cardenalcisneros.es\/ciudadarte\/?p=5068"},"modified":"2013-05-31T14:48:02","modified_gmt":"2013-05-31T12:48:02","slug":"la-habana-nigase-siglo-xx","status":"publish","type":"post","link":"https:\/\/sites.cardenalcisneros.es\/ciudadarte\/index.php\/2013\/05\/31\/la-habana-nigase-siglo-xx\/","title":{"rendered":"LA HABANA (Nigase, siglo XX)"},"content":{"rendered":"<p style=\"text-align: center\"><a href=\"http:\/\/www.nigase.com\/photos\/Colores%20de%20Cuba\/29.HABANA_Oleo%20150x40_DISPONIBLE%20NiGASE.JPG\" target=\"_blank\"><img decoding=\"async\" loading=\"lazy\" class=\"aligncenter size-full wp-image-5069\" src=\"http:\/\/sites.cardenalcisneros.es\/ciudadarte\/wp-content\/uploads\/2013\/05\/trabajo-2-la-habana.jpg\" alt=\"\" width=\"606\" height=\"456\" \/><\/a><\/p>\n<p style=\"text-align: justify\"><span style=\"color: #000000\">La imagen que vamos a tratar es una obra de la pintora Nigase, perteneciente a su colecci\u00f3n <em>Colores de Cuba<\/em>, en la que recrea mayoritariamente lugares del oriente de la isla caribe\u00f1a donde, como podemos observar, predominan la luz y los colores azules y verdes. El cuadro en cuesti\u00f3n nos muestra una vista del Malec\u00f3n de La Habana y sus elementos m\u00e1s destacados a lo largo de su extensi\u00f3n.<\/span><\/p>\n<p style=\"text-align: justify\"><span style=\"color: #000000\">La Habana es la capital y la ciudad m\u00e1s grande de la Rep\u00fablica de Cuba. Fue fundada el 16 de noviembre de 1519, gracias al conquistador espa\u00f1ol Diego Vel\u00e1zquez de Cu\u00e9llar. Es tambi\u00e9n conocida por el nombre fundacional de Villa de San Crist\u00f3bal de La Habana, as\u00ed como por los sobrenombres de Llave del Nuevo Mundo y de Ciudad de las Columnas (por el escritor cubano Alejo Carpentier). Su casco hist\u00f3rico est\u00e1 considerado Patrimonio de la Humanidad por la Unesco desde 1982. Esta zona es la m\u00e1s antigua de toda la isla de Cuba, son aproximadamente unos 5 km cuadrados de superficie donde se mezcla arquitectura, tradici\u00f3n y diferentes culturas. La morfolog\u00eda de sus calles es de tipo ortogonal, ya que \u00e9stas mantienen formas perpendiculares, creando manzanas cuadradas o rectangulares al estilo de las ciudades coloniales de la Edad Moderna. La Habana posee tanto calles estrechas como amplias avenidas, adem\u00e1s debido a sufrir diversas remodelaciones, encontramos una gran mezcla de edificios modernos, edificios reconstruidos y antiguos edificios y reliquias que hoy despiertan un gran inter\u00e9s cultural, debido a diversas invasiones por parte de espa\u00f1oles, brit\u00e1nicos, franceses e incluso estadounidenses, durante la historia.<\/span><\/p>\n<p style=\"text-align: justify\"><span style=\"color: #000000\">La ciudad se encuentra en una de las bah\u00edas m\u00e1s grandes y seguras de Am\u00e9rica con una envidiable situaci\u00f3n estrat\u00e9gica, geogr\u00e1fica y econ\u00f3mica. Por eso la bah\u00eda cuenta con fortificaciones destinadas a la protecci\u00f3n de la ciudad. La importancia estrat\u00e9gica de La Habana y sus riquezas, convierten a la ciudad en pasado objetivo de piratas y barcos de las potencias enemigas de la Corona Espa\u00f1ola. La bah\u00eda es sede del puerto de La Habana, calificado hist\u00f3ricamente como uno de los m\u00e1s seguros de Am\u00e9rica. Es una bah\u00eda en forma de bolsa con un canal de entrada estrecho y profundo. Su interior est\u00e1 cargado de historia, en \u00e9l se produjo la explosi\u00f3n del acorazado estadounidense Maine, el 15 de febrero de 1898, hecho que signific\u00f3 el ingreso de los Estados Unidos en la Guerra del 95, tambi\u00e9n conocida como Guerra Hispano-Cubano-Estadounidense.<\/span><\/p>\n<p style=\"text-align: justify\"><span style=\"color: #000000\">Un elemento de gran importancia en esta imagen es el Malec\u00f3n habanero. Comprende una amplia avenida de seis carriles y un largu\u00edsimo muro que se extiende sobre toda la costa norte de la capital cubana a lo largo de ocho kil\u00f3metros. Su construcci\u00f3n se realiza a comienzos del siglo XX, en 1901 durante el gobierno provisional norteamericano en La Habana. Se realiza por etapas sucesivas y dura cerca de cincuenta a\u00f1os. El primer trayecto (1901-1902) abarca desde el Paseo del Prado hasta la calle Crespo. El segundo tramo (1902-1921) se extiende hasta el Monumento al Maine. El tercer tramo se construye en los a\u00f1os 30 y termina en la Avenida de los Presidentes, y el cuarto tramo y final (1948\u20131952) culmina el malec\u00f3n en la desembocadura del r\u00edo Almendares.<\/span><\/p>\n<p style=\"text-align: justify\"><span style=\"color: #000000\">El Malec\u00f3n es el lugar m\u00e1s visitado de la ciudad. Desde cualquiera de sus puntos se puede apreciar la vida y actividad diaria de sus habitantes. Posee importantes monumentos que se alzan a lo largo de su extensi\u00f3n: el del General\u00edsimo M\u00e1ximo G\u00f3mez (que luch\u00f3 con las tropas anexionistas en la Guerra de Restauraci\u00f3n Dominicana); el del mayor general Antonio Maceo (segundo Jefe Militar del Ej\u00e9rcito Libertador de Cuba, conocido como \u00abEl Tit\u00e1n de Bronce\u00bb y uno de los l\u00edderes independentistas m\u00e1s destacados de la segunda mitad del siglo XIX en Am\u00e9rica Latina); y el del General Calixto Garc\u00eda (general espa\u00f1ol, de origen cubano, experto en el arte de la guerra por la utilidad que podr\u00eda tener esto en las luchas independentistas cubanas contra la metr\u00f3poli espa\u00f1ola).<\/span><\/p>\n<p style=\"text-align: justify\"><span style=\"color: #000000\">Por otro lado, es necesario citar importantes avenidas que terminan desembocando en el Malec\u00f3n como la calle 23, la avenida de los Presidentes y la avenida Paseo. Adem\u00e1s de otros edificios y monumentos representativos de la ciudad que se sit\u00faan a lo largo del Malec\u00f3n, como por ejemplo, el Castillo de la Real Fuerza de La Habana, el Castillo de San Salvador de la Punta, el Torre\u00f3n de San L\u00e1zaro, la entrada al T\u00fanel de La Habana, el Hotel Nacional de Cuba, la embajada Suiza sede de la Oficina de Intereses Estadounidense en La Habana, y el Torre\u00f3n de la Chorrera.<\/span><\/p>\n<p style=\"text-align: justify\"><span style=\"color: #000000\">El Hotel Nacional de Cuba, como podemos apreciar, es otra pieza importante en este cuadro. Se alza desde el 30 de diciembre de 1930, como el m\u00e1s importante del Gran Caribe. Se encuentra en el saliente costero de Punta Brava, en la loma de Taganana, casi al extremo de la caleta de San L\u00e1zaro, sitio habitual de desembarcos de piratas. Es uno de los hoteles m\u00e1s cl\u00e1sicos y emblem\u00e1ticos de La Habana. Es Monumento Nacional y est\u00e1 declarado Memoria del Mundo por la UNESCO. El protagonismo del Hotel Nacional perdura en el tiempo para ser testigo de importantes eventos internacionales, ya sean de hombres de negocio o de gente importante de la nobleza.<\/span><\/p>\n<p style=\"text-align: justify\"><span style=\"color: #000000\">Por \u00faltimo, vamos a describir otro elemento destacable de esta obra, el Hospital Hermanos Ameijeiras. Es el hospital l\u00edder de Cuba, ubicado en Centro Habana, posee una torre bien visible desde el Malec\u00f3n, entre el centro hist\u00f3rico y el barrio de Vedado. Se inaugura en 1982, en el edificio en el cual, antes de la Revoluci\u00f3n cubana, se afincaba el Banco Nacional de Cuba. Con su nombre el hospital recuerda a los hermanos Ameijeiras, a quienes el estado cubano les considera ser h\u00e9roes de la Revoluci\u00f3n.<\/span><\/p>\n<p style=\"text-align: justify\"><span style=\"color: #000000\">La Habana destaca hoy por sus aspectos econ\u00f3micos y culturales, y es la sede oficial de los \u00f3rganos superiores del Estado, de todos los organismos centrales y de casi la totalidad de empresas y asociaciones de \u00e1mbito nacional. Adem\u00e1s, en ella se encuentran gran cantidad de sucursales y sedes generales de las entidades extranjeras de Cuba.<\/span><\/p>\n<p>Miguel \u00c1ngel Gil Ciudad<br \/>\n&nbsp;<\/p>\n","protected":false},"excerpt":{"rendered":"<p>La imagen que vamos a tratar es una obra de la pintora Nigase, perteneciente a su colecci\u00f3n Colores de Cuba, en la que recrea mayoritariamente lugares del oriente de la isla caribe\u00f1a donde, como podemos observar, predominan la luz y los colores azules y verdes. El cuadro en cuesti\u00f3n nos muestra una vista del Malec\u00f3n [&hellip;]<\/p>\n","protected":false},"author":93,"featured_media":0,"comment_status":"open","ping_status":"open","sticky":false,"template":"","format":"standard","meta":[],"categories":[1],"tags":[111],"yoast_head":"<!-- This site is optimized with the Yoast SEO plugin v20.7 - https:\/\/yoast.com\/wordpress\/plugins\/seo\/ -->\n<title>LA HABANA (Nigase, siglo XX) - La Ciudad en el Arte<\/title>\n<meta name=\"robots\" content=\"index, follow, max-snippet:-1, max-image-preview:large, max-video-preview:-1\" \/>\n<link rel=\"canonical\" href=\"https:\/\/sites.cardenalcisneros.es\/ciudadarte\/index.php\/2013\/05\/31\/la-habana-nigase-siglo-xx\/\" \/>\n<meta property=\"og:locale\" content=\"es_ES\" \/>\n<meta property=\"og:type\" content=\"article\" \/>\n<meta property=\"og:title\" content=\"LA HABANA (Nigase, siglo XX) - La Ciudad en el Arte\" \/>\n<meta property=\"og:description\" content=\"La imagen que vamos a tratar es una obra de la pintora Nigase, perteneciente a su colecci\u00f3n Colores de Cuba, en la que recrea mayoritariamente lugares del oriente de la isla caribe\u00f1a donde, como podemos observar, predominan la luz y los colores azules y verdes. El cuadro en cuesti\u00f3n nos muestra una vista del Malec\u00f3n [&hellip;]\" \/>\n<meta property=\"og:url\" content=\"https:\/\/sites.cardenalcisneros.es\/ciudadarte\/index.php\/2013\/05\/31\/la-habana-nigase-siglo-xx\/\" \/>\n<meta property=\"og:site_name\" content=\"La Ciudad en el Arte\" \/>\n<meta property=\"article:published_time\" content=\"2013-05-31T12:48:02+00:00\" \/>\n<meta property=\"og:image\" content=\"http:\/\/sites.cardenalcisneros.es\/ciudadarte\/wp-content\/uploads\/2013\/05\/trabajo-2-la-habana.jpg\" \/>\n<meta name=\"author\" content=\"Alumno Campus\" \/>\n<meta name=\"twitter:card\" content=\"summary_large_image\" \/>\n<meta name=\"twitter:label1\" content=\"Escrito por\" \/>\n\t<meta name=\"twitter:data1\" content=\"Alumno Campus\" \/>\n\t<meta name=\"twitter:label2\" content=\"Tiempo de lectura\" \/>\n\t<meta name=\"twitter:data2\" content=\"5 minutos\" \/>\n<script type=\"application\/ld+json\" class=\"yoast-schema-graph\">{\"@context\":\"https:\/\/schema.org\",\"@graph\":[{\"@type\":\"WebPage\",\"@id\":\"https:\/\/sites.cardenalcisneros.es\/ciudadarte\/index.php\/2013\/05\/31\/la-habana-nigase-siglo-xx\/\",\"url\":\"https:\/\/sites.cardenalcisneros.es\/ciudadarte\/index.php\/2013\/05\/31\/la-habana-nigase-siglo-xx\/\",\"name\":\"LA HABANA (Nigase, siglo XX) - La Ciudad en el Arte\",\"isPartOf\":{\"@id\":\"https:\/\/sites.cardenalcisneros.es\/ciudadarte\/#website\"},\"datePublished\":\"2013-05-31T12:48:02+00:00\",\"dateModified\":\"2013-05-31T12:48:02+00:00\",\"author\":{\"@id\":\"https:\/\/sites.cardenalcisneros.es\/ciudadarte\/#\/schema\/person\/0f83c64b2a28c1a5a38f7d9dd2e38fc2\"},\"breadcrumb\":{\"@id\":\"https:\/\/sites.cardenalcisneros.es\/ciudadarte\/index.php\/2013\/05\/31\/la-habana-nigase-siglo-xx\/#breadcrumb\"},\"inLanguage\":\"es\",\"potentialAction\":[{\"@type\":\"ReadAction\",\"target\":[\"https:\/\/sites.cardenalcisneros.es\/ciudadarte\/index.php\/2013\/05\/31\/la-habana-nigase-siglo-xx\/\"]}]},{\"@type\":\"BreadcrumbList\",\"@id\":\"https:\/\/sites.cardenalcisneros.es\/ciudadarte\/index.php\/2013\/05\/31\/la-habana-nigase-siglo-xx\/#breadcrumb\",\"itemListElement\":[{\"@type\":\"ListItem\",\"position\":1,\"name\":\"Portada\",\"item\":\"https:\/\/sites.cardenalcisneros.es\/ciudadarte\/\"},{\"@type\":\"ListItem\",\"position\":2,\"name\":\"LA HABANA (Nigase, siglo XX)\"}]},{\"@type\":\"WebSite\",\"@id\":\"https:\/\/sites.cardenalcisneros.es\/ciudadarte\/#website\",\"url\":\"https:\/\/sites.cardenalcisneros.es\/ciudadarte\/\",\"name\":\"La Ciudad en el Arte\",\"description\":\"Un blog colaborativo sobre Geograf\u00eda, Urbanismo, Historia y Arte\",\"potentialAction\":[{\"@type\":\"SearchAction\",\"target\":{\"@type\":\"EntryPoint\",\"urlTemplate\":\"https:\/\/sites.cardenalcisneros.es\/ciudadarte\/?s={search_term_string}\"},\"query-input\":\"required name=search_term_string\"}],\"inLanguage\":\"es\"},{\"@type\":\"Person\",\"@id\":\"https:\/\/sites.cardenalcisneros.es\/ciudadarte\/#\/schema\/person\/0f83c64b2a28c1a5a38f7d9dd2e38fc2\",\"name\":\"Alumno Campus\",\"image\":{\"@type\":\"ImageObject\",\"inLanguage\":\"es\",\"@id\":\"https:\/\/sites.cardenalcisneros.es\/ciudadarte\/#\/schema\/person\/image\/\",\"url\":\"https:\/\/secure.gravatar.com\/avatar\/451448e807ff33883635030571ef263a?s=96&d=mm&r=g\",\"contentUrl\":\"https:\/\/secure.gravatar.com\/avatar\/451448e807ff33883635030571ef263a?s=96&d=mm&r=g\",\"caption\":\"Alumno Campus\"},\"url\":\"https:\/\/sites.cardenalcisneros.es\/ciudadarte\/index.php\/author\/alumnocampus\/\"}]}<\/script>\n<!-- \/ Yoast SEO plugin. -->","yoast_head_json":{"title":"LA HABANA (Nigase, siglo XX) - La Ciudad en el Arte","robots":{"index":"index","follow":"follow","max-snippet":"max-snippet:-1","max-image-preview":"max-image-preview:large","max-video-preview":"max-video-preview:-1"},"canonical":"https:\/\/sites.cardenalcisneros.es\/ciudadarte\/index.php\/2013\/05\/31\/la-habana-nigase-siglo-xx\/","og_locale":"es_ES","og_type":"article","og_title":"LA HABANA (Nigase, siglo XX) - La Ciudad en el Arte","og_description":"La imagen que vamos a tratar es una obra de la pintora Nigase, perteneciente a su colecci\u00f3n Colores de Cuba, en la que recrea mayoritariamente lugares del oriente de la isla caribe\u00f1a donde, como podemos observar, predominan la luz y los colores azules y verdes. El cuadro en cuesti\u00f3n nos muestra una vista del Malec\u00f3n [&hellip;]","og_url":"https:\/\/sites.cardenalcisneros.es\/ciudadarte\/index.php\/2013\/05\/31\/la-habana-nigase-siglo-xx\/","og_site_name":"La Ciudad en el Arte","article_published_time":"2013-05-31T12:48:02+00:00","og_image":[{"url":"http:\/\/sites.cardenalcisneros.es\/ciudadarte\/wp-content\/uploads\/2013\/05\/trabajo-2-la-habana.jpg"}],"author":"Alumno Campus","twitter_card":"summary_large_image","twitter_misc":{"Escrito por":"Alumno Campus","Tiempo de lectura":"5 minutos"},"schema":{"@context":"https:\/\/schema.org","@graph":[{"@type":"WebPage","@id":"https:\/\/sites.cardenalcisneros.es\/ciudadarte\/index.php\/2013\/05\/31\/la-habana-nigase-siglo-xx\/","url":"https:\/\/sites.cardenalcisneros.es\/ciudadarte\/index.php\/2013\/05\/31\/la-habana-nigase-siglo-xx\/","name":"LA HABANA (Nigase, siglo XX) - La Ciudad en el Arte","isPartOf":{"@id":"https:\/\/sites.cardenalcisneros.es\/ciudadarte\/#website"},"datePublished":"2013-05-31T12:48:02+00:00","dateModified":"2013-05-31T12:48:02+00:00","author":{"@id":"https:\/\/sites.cardenalcisneros.es\/ciudadarte\/#\/schema\/person\/0f83c64b2a28c1a5a38f7d9dd2e38fc2"},"breadcrumb":{"@id":"https:\/\/sites.cardenalcisneros.es\/ciudadarte\/index.php\/2013\/05\/31\/la-habana-nigase-siglo-xx\/#breadcrumb"},"inLanguage":"es","potentialAction":[{"@type":"ReadAction","target":["https:\/\/sites.cardenalcisneros.es\/ciudadarte\/index.php\/2013\/05\/31\/la-habana-nigase-siglo-xx\/"]}]},{"@type":"BreadcrumbList","@id":"https:\/\/sites.cardenalcisneros.es\/ciudadarte\/index.php\/2013\/05\/31\/la-habana-nigase-siglo-xx\/#breadcrumb","itemListElement":[{"@type":"ListItem","position":1,"name":"Portada","item":"https:\/\/sites.cardenalcisneros.es\/ciudadarte\/"},{"@type":"ListItem","position":2,"name":"LA HABANA (Nigase, siglo XX)"}]},{"@type":"WebSite","@id":"https:\/\/sites.cardenalcisneros.es\/ciudadarte\/#website","url":"https:\/\/sites.cardenalcisneros.es\/ciudadarte\/","name":"La Ciudad en el Arte","description":"Un blog colaborativo sobre Geograf\u00eda, Urbanismo, Historia y Arte","potentialAction":[{"@type":"SearchAction","target":{"@type":"EntryPoint","urlTemplate":"https:\/\/sites.cardenalcisneros.es\/ciudadarte\/?s={search_term_string}"},"query-input":"required name=search_term_string"}],"inLanguage":"es"},{"@type":"Person","@id":"https:\/\/sites.cardenalcisneros.es\/ciudadarte\/#\/schema\/person\/0f83c64b2a28c1a5a38f7d9dd2e38fc2","name":"Alumno Campus","image":{"@type":"ImageObject","inLanguage":"es","@id":"https:\/\/sites.cardenalcisneros.es\/ciudadarte\/#\/schema\/person\/image\/","url":"https:\/\/secure.gravatar.com\/avatar\/451448e807ff33883635030571ef263a?s=96&d=mm&r=g","contentUrl":"https:\/\/secure.gravatar.com\/avatar\/451448e807ff33883635030571ef263a?s=96&d=mm&r=g","caption":"Alumno Campus"},"url":"https:\/\/sites.cardenalcisneros.es\/ciudadarte\/index.php\/author\/alumnocampus\/"}]}},"_links":{"self":[{"href":"https:\/\/sites.cardenalcisneros.es\/ciudadarte\/index.php\/wp-json\/wp\/v2\/posts\/5068"}],"collection":[{"href":"https:\/\/sites.cardenalcisneros.es\/ciudadarte\/index.php\/wp-json\/wp\/v2\/posts"}],"about":[{"href":"https:\/\/sites.cardenalcisneros.es\/ciudadarte\/index.php\/wp-json\/wp\/v2\/types\/post"}],"author":[{"embeddable":true,"href":"https:\/\/sites.cardenalcisneros.es\/ciudadarte\/index.php\/wp-json\/wp\/v2\/users\/93"}],"replies":[{"embeddable":true,"href":"https:\/\/sites.cardenalcisneros.es\/ciudadarte\/index.php\/wp-json\/wp\/v2\/comments?post=5068"}],"version-history":[{"count":0,"href":"https:\/\/sites.cardenalcisneros.es\/ciudadarte\/index.php\/wp-json\/wp\/v2\/posts\/5068\/revisions"}],"wp:attachment":[{"href":"https:\/\/sites.cardenalcisneros.es\/ciudadarte\/index.php\/wp-json\/wp\/v2\/media?parent=5068"}],"wp:term":[{"taxonomy":"category","embeddable":true,"href":"https:\/\/sites.cardenalcisneros.es\/ciudadarte\/index.php\/wp-json\/wp\/v2\/categories?post=5068"},{"taxonomy":"post_tag","embeddable":true,"href":"https:\/\/sites.cardenalcisneros.es\/ciudadarte\/index.php\/wp-json\/wp\/v2\/tags?post=5068"}],"curies":[{"name":"wp","href":"https:\/\/api.w.org\/{rel}","templated":true}]}}