{"id":35,"date":"2012-04-30T11:22:59","date_gmt":"2012-04-30T09:22:59","guid":{"rendered":"http:\/\/sites.cardenalcisneros.es\/ciudadarte\/?p=35"},"modified":"2012-04-30T11:22:59","modified_gmt":"2012-04-30T09:22:59","slug":"napoles-1654","status":"publish","type":"post","link":"https:\/\/sites.cardenalcisneros.es\/ciudadarte\/index.php\/2012\/04\/30\/napoles-1654\/","title":{"rendered":"N\u00c1POLES (Domenico Gargiulo, 1654)"},"content":{"rendered":"<p style=\"text-align: center\"><a href=\"http:\/\/visualelsewhere.files.wordpress.com\/2012\/02\/gargiulo.jpg?w=1876&amp;h=1024\" target=\"_blank\"><img decoding=\"async\" loading=\"lazy\" class=\"aligncenter size-full wp-image-37\" src=\"http:\/\/sites.cardenalcisneros.es\/ciudadarte\/wp-content\/uploads\/2012\/04\/Urbanismo-ejemplo-Napoles1654.jpg\" alt=\"\" width=\"576\" height=\"432\" \/><\/a><\/p>\n<div>\n<div>\n<div>\n<p style=\"text-align: justify\"><span style=\"color: #000000\">Esta obra, que\u00a0pertenece a\u00a0la\u00a0colecci\u00f3n de la Fundaci\u00f3n Casa Ducal de Medinaceli, en Sevilla, representa la Plaza del Mercado o Piazza del Carmine de N\u00e1poles, hacia 1654. Durante a\u00f1os se atribuy\u00f3 erroneamente a Angelo Mar\u00eda Costa\u00a0pero\u00a0su autor\u00a0es Domenico Gargiulo, como indica su firma en el borde inferior derecho: \u201cDG\u201d. Recientemente ha sido exhibido al p\u00fablico en\u00a0el Museo Thyssen de Madrid, en el marco de la interesante exposici\u00f3n titulada \u00abArquitecturas pintadas\u00bb.\u00a0<\/span><\/p>\n<p style=\"text-align: justify\"><span style=\"color: #000000\">Se trata de un\u00a0cuadro de perspectivas urbanas\u00a0muy caracter\u00edstico\u00a0de la pintura barroca italiana,\u00a0que puso de relieve el enorme protagonismo de la vida urbana y de las actividades sociales durante los siglos XVII y XVIII. En el cuadro\u00a0se muestra con gran detallismo y variedad crom\u00e1tica no s\u00f3lo el aspecto que ten\u00eda esta c\u00e9ntrica plaza napolitana sino tambi\u00e9n la bulliciosa actividad humana que se desarrollaba all\u00ed\u00a0los d\u00edas de mercado. El espacio est\u00e1 plagado de tenderetes, vendedores, compradores, personajes realizando oficios de todo tipo, animales, carruajes y un sin fin de objetos que le convierten en el\u00a0centro de la vida popular de aquella \u00e9poca.<\/span><\/p>\n<p style=\"text-align: justify\"><span style=\"color: #000000\">Urban\u00edsticamente, el perfil de la plaza es rectangular,\u00a0cerrado por construcciones bien alineadas en el margen derecho y m\u00e1s abierto a la izquierda. Las calles que llegan a la plaza son anchas y\u00a0rectas, herederas\u00a0del planeamiento regular grecorromano y las reformas urban\u00edsticas producidas en N\u00e1poles durante el Renacimiento y el Barroco. Destaca la calle que vemos en perspectiva, al fondo, junto a la iglesia de Santa Mar\u00eda del Carmine. La composici\u00f3n, adem\u00e1s,\u00a0resulta\u00a0espectacular\u00a0por la presencia del volc\u00e1n Vesubio en el horizonte.<\/span><\/p>\n<p style=\"text-align: justify\"><span style=\"color: #000000\">En cuanto a las edificaciones, la mayor\u00eda\u00a0dispon\u00edan de un espacio p\u00fablico en la planta baja, dedicado a tienda o taberna, mientras que la residencia se situaba en las plantas superiores. En la margen derecha se puede apreciar la larga serie de cobertizos y mostradores que sobresalen de los edificios. En las terrazas superiores, por contra, se distingue la ropa tendida al sol,\u00a0haciendo referencia al \u00e1mbito privado o dom\u00e9stico.<\/span><\/p>\n<p style=\"text-align: justify\"><span style=\"color: #000000\">Esta plaza, fue adem\u00e1s, el escenario de numerosos acontecimientos hist\u00f3ricos especialmente significativos para la ciudad, como la decapitaci\u00f3n del rey Corradino de Suevia en 1268, o la violenta represi\u00f3n que sigui\u00f3 a la sublevaci\u00f3n de Masaniello contra los espa\u00f1oles en 1648. En el aspecto monumental, destaca la\u00a0mencionada iglesia del Carmine al fondo, la capilla funeraria del rey Corradino en el \u00e1ngulo izquierdo, y la fuente central, mandada construir por el conde de Ognate, virrey de N\u00e1poles, en el a\u00f1o\u00a01653.<\/span><\/p>\n<p style=\"text-align: justify\"><span style=\"color: #333333\">Josu\u00e9 Llull Pe\u00f1alba<br \/>\n<\/span><\/p>\n<\/div>\n<\/div>\n<\/div>\n","protected":false},"excerpt":{"rendered":"<p>Esta obra, que\u00a0pertenece a\u00a0la\u00a0colecci\u00f3n de la Fundaci\u00f3n Casa Ducal de Medinaceli, en Sevilla, representa la Plaza del Mercado o Piazza del Carmine de N\u00e1poles, hacia 1654. Durante a\u00f1os se atribuy\u00f3 erroneamente a Angelo Mar\u00eda Costa\u00a0pero\u00a0su autor\u00a0es Domenico Gargiulo, como indica su firma en el borde inferior derecho: \u201cDG\u201d. Recientemente ha sido exhibido al p\u00fablico en\u00a0el [&hellip;]<\/p>\n","protected":false},"author":2,"featured_media":0,"comment_status":"open","ping_status":"open","sticky":false,"template":"","format":"standard","meta":[],"categories":[1],"tags":[146],"yoast_head":"<!-- This site is optimized with the Yoast SEO plugin v20.7 - https:\/\/yoast.com\/wordpress\/plugins\/seo\/ -->\n<title>N\u00c1POLES (Domenico Gargiulo, 1654) - La Ciudad en el Arte<\/title>\n<meta name=\"robots\" content=\"index, follow, max-snippet:-1, max-image-preview:large, max-video-preview:-1\" \/>\n<link rel=\"canonical\" href=\"https:\/\/sites.cardenalcisneros.es\/ciudadarte\/index.php\/2012\/04\/30\/napoles-1654\/\" \/>\n<meta property=\"og:locale\" content=\"es_ES\" \/>\n<meta property=\"og:type\" content=\"article\" \/>\n<meta property=\"og:title\" content=\"N\u00c1POLES (Domenico Gargiulo, 1654) - La Ciudad en el Arte\" \/>\n<meta property=\"og:description\" content=\"Esta obra, que\u00a0pertenece a\u00a0la\u00a0colecci\u00f3n de la Fundaci\u00f3n Casa Ducal de Medinaceli, en Sevilla, representa la Plaza del Mercado o Piazza del Carmine de N\u00e1poles, hacia 1654. Durante a\u00f1os se atribuy\u00f3 erroneamente a Angelo Mar\u00eda Costa\u00a0pero\u00a0su autor\u00a0es Domenico Gargiulo, como indica su firma en el borde inferior derecho: \u201cDG\u201d. Recientemente ha sido exhibido al p\u00fablico en\u00a0el [&hellip;]\" \/>\n<meta property=\"og:url\" content=\"https:\/\/sites.cardenalcisneros.es\/ciudadarte\/index.php\/2012\/04\/30\/napoles-1654\/\" \/>\n<meta property=\"og:site_name\" content=\"La Ciudad en el Arte\" \/>\n<meta property=\"article:published_time\" content=\"2012-04-30T09:22:59+00:00\" \/>\n<meta property=\"og:image\" content=\"http:\/\/sites.cardenalcisneros.es\/ciudadarte\/wp-content\/uploads\/2012\/04\/Urbanismo-ejemplo-Napoles1654.jpg\" \/>\n<meta name=\"author\" content=\"La Ciudad en el Arte\" \/>\n<meta name=\"twitter:card\" content=\"summary_large_image\" \/>\n<meta name=\"twitter:label1\" content=\"Escrito por\" \/>\n\t<meta name=\"twitter:data1\" content=\"La Ciudad en el Arte\" \/>\n\t<meta name=\"twitter:label2\" content=\"Tiempo de lectura\" \/>\n\t<meta name=\"twitter:data2\" content=\"2 minutos\" \/>\n<script type=\"application\/ld+json\" class=\"yoast-schema-graph\">{\"@context\":\"https:\/\/schema.org\",\"@graph\":[{\"@type\":\"WebPage\",\"@id\":\"https:\/\/sites.cardenalcisneros.es\/ciudadarte\/index.php\/2012\/04\/30\/napoles-1654\/\",\"url\":\"https:\/\/sites.cardenalcisneros.es\/ciudadarte\/index.php\/2012\/04\/30\/napoles-1654\/\",\"name\":\"N\u00c1POLES (Domenico Gargiulo, 1654) - La Ciudad en el Arte\",\"isPartOf\":{\"@id\":\"https:\/\/sites.cardenalcisneros.es\/ciudadarte\/#website\"},\"datePublished\":\"2012-04-30T09:22:59+00:00\",\"dateModified\":\"2012-04-30T09:22:59+00:00\",\"author\":{\"@id\":\"https:\/\/sites.cardenalcisneros.es\/ciudadarte\/#\/schema\/person\/8c571c6185b4837ffe9a20e996b550fd\"},\"breadcrumb\":{\"@id\":\"https:\/\/sites.cardenalcisneros.es\/ciudadarte\/index.php\/2012\/04\/30\/napoles-1654\/#breadcrumb\"},\"inLanguage\":\"es\",\"potentialAction\":[{\"@type\":\"ReadAction\",\"target\":[\"https:\/\/sites.cardenalcisneros.es\/ciudadarte\/index.php\/2012\/04\/30\/napoles-1654\/\"]}]},{\"@type\":\"BreadcrumbList\",\"@id\":\"https:\/\/sites.cardenalcisneros.es\/ciudadarte\/index.php\/2012\/04\/30\/napoles-1654\/#breadcrumb\",\"itemListElement\":[{\"@type\":\"ListItem\",\"position\":1,\"name\":\"Portada\",\"item\":\"https:\/\/sites.cardenalcisneros.es\/ciudadarte\/\"},{\"@type\":\"ListItem\",\"position\":2,\"name\":\"N\u00c1POLES (Domenico Gargiulo, 1654)\"}]},{\"@type\":\"WebSite\",\"@id\":\"https:\/\/sites.cardenalcisneros.es\/ciudadarte\/#website\",\"url\":\"https:\/\/sites.cardenalcisneros.es\/ciudadarte\/\",\"name\":\"La Ciudad en el Arte\",\"description\":\"Un blog colaborativo sobre Geograf\u00eda, Urbanismo, Historia y Arte\",\"potentialAction\":[{\"@type\":\"SearchAction\",\"target\":{\"@type\":\"EntryPoint\",\"urlTemplate\":\"https:\/\/sites.cardenalcisneros.es\/ciudadarte\/?s={search_term_string}\"},\"query-input\":\"required name=search_term_string\"}],\"inLanguage\":\"es\"},{\"@type\":\"Person\",\"@id\":\"https:\/\/sites.cardenalcisneros.es\/ciudadarte\/#\/schema\/person\/8c571c6185b4837ffe9a20e996b550fd\",\"name\":\"La Ciudad en el Arte\",\"image\":{\"@type\":\"ImageObject\",\"inLanguage\":\"es\",\"@id\":\"https:\/\/sites.cardenalcisneros.es\/ciudadarte\/#\/schema\/person\/image\/\",\"url\":\"https:\/\/secure.gravatar.com\/avatar\/9b891283e035483e7e7fe1596e2b0deb?s=96&d=mm&r=g\",\"contentUrl\":\"https:\/\/secure.gravatar.com\/avatar\/9b891283e035483e7e7fe1596e2b0deb?s=96&d=mm&r=g\",\"caption\":\"La Ciudad en el Arte\"},\"url\":\"https:\/\/sites.cardenalcisneros.es\/ciudadarte\/index.php\/author\/ciudadarte\/\"}]}<\/script>\n<!-- \/ Yoast SEO plugin. -->","yoast_head_json":{"title":"N\u00c1POLES (Domenico Gargiulo, 1654) - La Ciudad en el Arte","robots":{"index":"index","follow":"follow","max-snippet":"max-snippet:-1","max-image-preview":"max-image-preview:large","max-video-preview":"max-video-preview:-1"},"canonical":"https:\/\/sites.cardenalcisneros.es\/ciudadarte\/index.php\/2012\/04\/30\/napoles-1654\/","og_locale":"es_ES","og_type":"article","og_title":"N\u00c1POLES (Domenico Gargiulo, 1654) - La Ciudad en el Arte","og_description":"Esta obra, que\u00a0pertenece a\u00a0la\u00a0colecci\u00f3n de la Fundaci\u00f3n Casa Ducal de Medinaceli, en Sevilla, representa la Plaza del Mercado o Piazza del Carmine de N\u00e1poles, hacia 1654. Durante a\u00f1os se atribuy\u00f3 erroneamente a Angelo Mar\u00eda Costa\u00a0pero\u00a0su autor\u00a0es Domenico Gargiulo, como indica su firma en el borde inferior derecho: \u201cDG\u201d. Recientemente ha sido exhibido al p\u00fablico en\u00a0el [&hellip;]","og_url":"https:\/\/sites.cardenalcisneros.es\/ciudadarte\/index.php\/2012\/04\/30\/napoles-1654\/","og_site_name":"La Ciudad en el Arte","article_published_time":"2012-04-30T09:22:59+00:00","og_image":[{"url":"http:\/\/sites.cardenalcisneros.es\/ciudadarte\/wp-content\/uploads\/2012\/04\/Urbanismo-ejemplo-Napoles1654.jpg"}],"author":"La Ciudad en el Arte","twitter_card":"summary_large_image","twitter_misc":{"Escrito por":"La Ciudad en el Arte","Tiempo de lectura":"2 minutos"},"schema":{"@context":"https:\/\/schema.org","@graph":[{"@type":"WebPage","@id":"https:\/\/sites.cardenalcisneros.es\/ciudadarte\/index.php\/2012\/04\/30\/napoles-1654\/","url":"https:\/\/sites.cardenalcisneros.es\/ciudadarte\/index.php\/2012\/04\/30\/napoles-1654\/","name":"N\u00c1POLES (Domenico Gargiulo, 1654) - La Ciudad en el Arte","isPartOf":{"@id":"https:\/\/sites.cardenalcisneros.es\/ciudadarte\/#website"},"datePublished":"2012-04-30T09:22:59+00:00","dateModified":"2012-04-30T09:22:59+00:00","author":{"@id":"https:\/\/sites.cardenalcisneros.es\/ciudadarte\/#\/schema\/person\/8c571c6185b4837ffe9a20e996b550fd"},"breadcrumb":{"@id":"https:\/\/sites.cardenalcisneros.es\/ciudadarte\/index.php\/2012\/04\/30\/napoles-1654\/#breadcrumb"},"inLanguage":"es","potentialAction":[{"@type":"ReadAction","target":["https:\/\/sites.cardenalcisneros.es\/ciudadarte\/index.php\/2012\/04\/30\/napoles-1654\/"]}]},{"@type":"BreadcrumbList","@id":"https:\/\/sites.cardenalcisneros.es\/ciudadarte\/index.php\/2012\/04\/30\/napoles-1654\/#breadcrumb","itemListElement":[{"@type":"ListItem","position":1,"name":"Portada","item":"https:\/\/sites.cardenalcisneros.es\/ciudadarte\/"},{"@type":"ListItem","position":2,"name":"N\u00c1POLES (Domenico Gargiulo, 1654)"}]},{"@type":"WebSite","@id":"https:\/\/sites.cardenalcisneros.es\/ciudadarte\/#website","url":"https:\/\/sites.cardenalcisneros.es\/ciudadarte\/","name":"La Ciudad en el Arte","description":"Un blog colaborativo sobre Geograf\u00eda, Urbanismo, Historia y Arte","potentialAction":[{"@type":"SearchAction","target":{"@type":"EntryPoint","urlTemplate":"https:\/\/sites.cardenalcisneros.es\/ciudadarte\/?s={search_term_string}"},"query-input":"required name=search_term_string"}],"inLanguage":"es"},{"@type":"Person","@id":"https:\/\/sites.cardenalcisneros.es\/ciudadarte\/#\/schema\/person\/8c571c6185b4837ffe9a20e996b550fd","name":"La Ciudad en el Arte","image":{"@type":"ImageObject","inLanguage":"es","@id":"https:\/\/sites.cardenalcisneros.es\/ciudadarte\/#\/schema\/person\/image\/","url":"https:\/\/secure.gravatar.com\/avatar\/9b891283e035483e7e7fe1596e2b0deb?s=96&d=mm&r=g","contentUrl":"https:\/\/secure.gravatar.com\/avatar\/9b891283e035483e7e7fe1596e2b0deb?s=96&d=mm&r=g","caption":"La Ciudad en el Arte"},"url":"https:\/\/sites.cardenalcisneros.es\/ciudadarte\/index.php\/author\/ciudadarte\/"}]}},"_links":{"self":[{"href":"https:\/\/sites.cardenalcisneros.es\/ciudadarte\/index.php\/wp-json\/wp\/v2\/posts\/35"}],"collection":[{"href":"https:\/\/sites.cardenalcisneros.es\/ciudadarte\/index.php\/wp-json\/wp\/v2\/posts"}],"about":[{"href":"https:\/\/sites.cardenalcisneros.es\/ciudadarte\/index.php\/wp-json\/wp\/v2\/types\/post"}],"author":[{"embeddable":true,"href":"https:\/\/sites.cardenalcisneros.es\/ciudadarte\/index.php\/wp-json\/wp\/v2\/users\/2"}],"replies":[{"embeddable":true,"href":"https:\/\/sites.cardenalcisneros.es\/ciudadarte\/index.php\/wp-json\/wp\/v2\/comments?post=35"}],"version-history":[{"count":0,"href":"https:\/\/sites.cardenalcisneros.es\/ciudadarte\/index.php\/wp-json\/wp\/v2\/posts\/35\/revisions"}],"wp:attachment":[{"href":"https:\/\/sites.cardenalcisneros.es\/ciudadarte\/index.php\/wp-json\/wp\/v2\/media?parent=35"}],"wp:term":[{"taxonomy":"category","embeddable":true,"href":"https:\/\/sites.cardenalcisneros.es\/ciudadarte\/index.php\/wp-json\/wp\/v2\/categories?post=35"},{"taxonomy":"post_tag","embeddable":true,"href":"https:\/\/sites.cardenalcisneros.es\/ciudadarte\/index.php\/wp-json\/wp\/v2\/tags?post=35"}],"curies":[{"name":"wp","href":"https:\/\/api.w.org\/{rel}","templated":true}]}}