{"id":341,"date":"2012-05-05T18:23:25","date_gmt":"2012-05-05T16:23:25","guid":{"rendered":"http:\/\/sites.cardenalcisneros.es\/ciudadarte\/?p=341"},"modified":"2012-05-05T18:23:25","modified_gmt":"2012-05-05T16:23:25","slug":"zaragoza-1647","status":"publish","type":"post","link":"https:\/\/sites.cardenalcisneros.es\/ciudadarte\/index.php\/2012\/05\/05\/zaragoza-1647\/","title":{"rendered":"ZARAGOZA (Mart\u00ednez del Mazo, 1647)"},"content":{"rendered":"<p style=\"text-align: center\">\u00a0<a href=\"http:\/\/www.aacadigital.com\/userfiles\/image\/revista5\/Prado_002.jpg\" target=\"_blank\"><img decoding=\"async\" loading=\"lazy\" class=\"aligncenter size-full wp-image-342\" src=\"http:\/\/sites.cardenalcisneros.es\/ciudadarte\/wp-content\/uploads\/2012\/05\/Presentaci\u00f3n1.jpg\" alt=\"\" width=\"605\" height=\"445\" \/><\/a><\/p>\n<p style=\"text-align: justify\"><span style=\"color: #000000\">Esta obra representa c\u00f3mo era la ciudad de Zaragoza en el a\u00f1o 1647, y est\u00e1 pintada por el autor barroco Juan Bautista Mart\u00ednez del Mazo,\u00a0que fue disc\u00edpulo y yerno de\u00a0Vel\u00e1zquez. Se trata de un cuadro urbano que nos muestra c\u00f3mo era Espa\u00f1a en el siglo XVII, y c\u00f3mo una de\u00a0sus ciudades m\u00e1s importantes alcanz\u00f3 su m\u00e1ximo apogeo, tanto cultural como econ\u00f3mico. En el fondo se distingue el perfil de la ciudad aragonesa con sus principales edificios, y en el primer plano del cuadro podemos observar las diferentes actividades humanas que entonces se desarrollaban en la ciudad, como\u00a0el mercado,\u00a0las lavanderas\u00a0y otras\u00a0actividades relacionadas con la pesca.<\/span><\/p>\n<p style=\"text-align: justify\"><span style=\"color: #000000\">Existe una doble teor\u00eda en lo referente al\u00a0hecho hist\u00f3rico\u00a0con que se relaciona esta obra. Una primera teor\u00eda dice que este cuadro representa la llegada de la corte desde Madrid para asistir a la jura del pr\u00edncipe como heredero de la Corona de Arag\u00f3n. La segunda teor\u00eda\u00a0cree que muestra el momento de\u00a0la salida de la comitiva real de Zaragoza, tras la muerte del pr\u00edncipe heredero,\u00a0con el fin de trasladarlo al Monasterio de El Escorial para enterrarlo.<\/span><\/p>\n<p style=\"text-align: justify\"><span style=\"color: #000000\">En la imagen no se aprecia el trazado urbano de Zaragoza. Su origen es romano\u00a0y estaba organizado en torno a dos calles principales llamadas Cardo y Decumanus. Durante la Edad Media fue amurallada y muchas de sus calles fueron modificadas con una trama irregular. Entre los elementos\u00a0de comunicaci\u00f3n de la ciudad con su entorno destacan los dos grandes puentes\u00a0que cruzan el r\u00edo Ebro.\u00a0Uno era el <em>Puente de Piedra<\/em>, que sufri\u00f3 el derrumbamiento de dos de sus arcos a consecuencia de una enorme riada que ocurri\u00f3 en el a\u00f1o 1643, y\u00a0luego fue reparado en 1649. El otro es el que se conoc\u00eda como\u00a0<em>Puente de Tablas<\/em>, que hoy\u00a0se corresponde con el puente del Pilar. Los dos puentes son elementos claves de la fisionom\u00eda de la ciudad, ya que la comunican con los arrabales y otras posblaciones.<\/span><\/p>\n<p style=\"text-align: justify\"><span style=\"color: #000000\">En cuanto a las edificaciones que aparecen en el cuadro, podemos mencionar que la mayor\u00eda son de\u00a0car\u00e1cter religioso y comercial.\u00a0el m\u00e1s conocido es la Bas\u00edlica del Pilar, monumento que es considerado el s\u00edmbolo de la ciudad. Comparando su representaci\u00f3n en este cuadro con su realidad actual\u00a0se puede observar la\u00a0gran transformaci\u00f3n que ha experimentado,\u00a0puesto\u00a0que en\u00a0hoy es mucho m\u00e1s grande y tanto su\u00a0composici\u00f3n como su estilo art\u00edstico es diferente. Otros dos edificios f\u00e1ciles de identificar en el cuadro son la Lonja de los mercaderes, edificio que se utilizaba para que los comerciantes pudieran realizar sus negocios, y la Seo,\u00a0del que se\u00a0distingue\u00a0su torre mud\u00e9jar. Por el contrario, tambi\u00e9n aparecen otros monumentos que, por unos motivos u otros, ya no existen, como es el caso de la Torre Nueva, que serv\u00eda tanto para dar las horas con sus campanas, como para vigilar la entrada de enemigos, y que fue uno de los edificios m\u00e1s altos de la ciudad.<\/span><\/p>\n<p style=\"text-align: justify\"><span style=\"color: #333333\">Cristina Reina Garc\u00eda<\/span><\/p>\n","protected":false},"excerpt":{"rendered":"<p>\u00a0 Esta obra representa c\u00f3mo era la ciudad de Zaragoza en el a\u00f1o 1647, y est\u00e1 pintada por el autor barroco Juan Bautista Mart\u00ednez del Mazo,\u00a0que fue disc\u00edpulo y yerno de\u00a0Vel\u00e1zquez. Se trata de un cuadro urbano que nos muestra c\u00f3mo era Espa\u00f1a en el siglo XVII, y c\u00f3mo una de\u00a0sus ciudades m\u00e1s importantes alcanz\u00f3 [&hellip;]<\/p>\n","protected":false},"author":11,"featured_media":0,"comment_status":"open","ping_status":"open","sticky":false,"template":"","format":"standard","meta":[],"categories":[1],"tags":[233],"yoast_head":"<!-- This site is optimized with the Yoast SEO plugin v20.7 - https:\/\/yoast.com\/wordpress\/plugins\/seo\/ -->\n<title>ZARAGOZA (Mart\u00ednez del Mazo, 1647) - La Ciudad en el Arte<\/title>\n<meta name=\"robots\" content=\"index, follow, max-snippet:-1, max-image-preview:large, max-video-preview:-1\" \/>\n<link rel=\"canonical\" href=\"https:\/\/sites.cardenalcisneros.es\/ciudadarte\/index.php\/2012\/05\/05\/zaragoza-1647\/\" \/>\n<meta property=\"og:locale\" content=\"es_ES\" \/>\n<meta property=\"og:type\" content=\"article\" \/>\n<meta property=\"og:title\" content=\"ZARAGOZA (Mart\u00ednez del Mazo, 1647) - La Ciudad en el Arte\" \/>\n<meta property=\"og:description\" content=\"\u00a0 Esta obra representa c\u00f3mo era la ciudad de Zaragoza en el a\u00f1o 1647, y est\u00e1 pintada por el autor barroco Juan Bautista Mart\u00ednez del Mazo,\u00a0que fue disc\u00edpulo y yerno de\u00a0Vel\u00e1zquez. Se trata de un cuadro urbano que nos muestra c\u00f3mo era Espa\u00f1a en el siglo XVII, y c\u00f3mo una de\u00a0sus ciudades m\u00e1s importantes alcanz\u00f3 [&hellip;]\" \/>\n<meta property=\"og:url\" content=\"https:\/\/sites.cardenalcisneros.es\/ciudadarte\/index.php\/2012\/05\/05\/zaragoza-1647\/\" \/>\n<meta property=\"og:site_name\" content=\"La Ciudad en el Arte\" \/>\n<meta property=\"article:published_time\" content=\"2012-05-05T16:23:25+00:00\" \/>\n<meta name=\"author\" content=\"cristinareinagarcia\" \/>\n<meta name=\"twitter:card\" content=\"summary_large_image\" \/>\n<meta name=\"twitter:label1\" content=\"Escrito por\" \/>\n\t<meta name=\"twitter:data1\" content=\"cristinareinagarcia\" \/>\n\t<meta name=\"twitter:label2\" content=\"Tiempo de lectura\" \/>\n\t<meta name=\"twitter:data2\" content=\"3 minutos\" \/>\n<script type=\"application\/ld+json\" class=\"yoast-schema-graph\">{\"@context\":\"https:\/\/schema.org\",\"@graph\":[{\"@type\":\"WebPage\",\"@id\":\"https:\/\/sites.cardenalcisneros.es\/ciudadarte\/index.php\/2012\/05\/05\/zaragoza-1647\/\",\"url\":\"https:\/\/sites.cardenalcisneros.es\/ciudadarte\/index.php\/2012\/05\/05\/zaragoza-1647\/\",\"name\":\"ZARAGOZA (Mart\u00ednez del Mazo, 1647) - La Ciudad en el Arte\",\"isPartOf\":{\"@id\":\"https:\/\/sites.cardenalcisneros.es\/ciudadarte\/#website\"},\"datePublished\":\"2012-05-05T16:23:25+00:00\",\"dateModified\":\"2012-05-05T16:23:25+00:00\",\"author\":{\"@id\":\"https:\/\/sites.cardenalcisneros.es\/ciudadarte\/#\/schema\/person\/942c3f4345f76d20b7da01b85956122c\"},\"breadcrumb\":{\"@id\":\"https:\/\/sites.cardenalcisneros.es\/ciudadarte\/index.php\/2012\/05\/05\/zaragoza-1647\/#breadcrumb\"},\"inLanguage\":\"es\",\"potentialAction\":[{\"@type\":\"ReadAction\",\"target\":[\"https:\/\/sites.cardenalcisneros.es\/ciudadarte\/index.php\/2012\/05\/05\/zaragoza-1647\/\"]}]},{\"@type\":\"BreadcrumbList\",\"@id\":\"https:\/\/sites.cardenalcisneros.es\/ciudadarte\/index.php\/2012\/05\/05\/zaragoza-1647\/#breadcrumb\",\"itemListElement\":[{\"@type\":\"ListItem\",\"position\":1,\"name\":\"Portada\",\"item\":\"https:\/\/sites.cardenalcisneros.es\/ciudadarte\/\"},{\"@type\":\"ListItem\",\"position\":2,\"name\":\"ZARAGOZA (Mart\u00ednez del Mazo, 1647)\"}]},{\"@type\":\"WebSite\",\"@id\":\"https:\/\/sites.cardenalcisneros.es\/ciudadarte\/#website\",\"url\":\"https:\/\/sites.cardenalcisneros.es\/ciudadarte\/\",\"name\":\"La Ciudad en el Arte\",\"description\":\"Un blog colaborativo sobre Geograf\u00eda, Urbanismo, Historia y Arte\",\"potentialAction\":[{\"@type\":\"SearchAction\",\"target\":{\"@type\":\"EntryPoint\",\"urlTemplate\":\"https:\/\/sites.cardenalcisneros.es\/ciudadarte\/?s={search_term_string}\"},\"query-input\":\"required name=search_term_string\"}],\"inLanguage\":\"es\"},{\"@type\":\"Person\",\"@id\":\"https:\/\/sites.cardenalcisneros.es\/ciudadarte\/#\/schema\/person\/942c3f4345f76d20b7da01b85956122c\",\"name\":\"cristinareinagarcia\",\"image\":{\"@type\":\"ImageObject\",\"inLanguage\":\"es\",\"@id\":\"https:\/\/sites.cardenalcisneros.es\/ciudadarte\/#\/schema\/person\/image\/\",\"url\":\"https:\/\/secure.gravatar.com\/avatar\/f039270ca389e74ab51e421ec0070af1?s=96&d=mm&r=g\",\"contentUrl\":\"https:\/\/secure.gravatar.com\/avatar\/f039270ca389e74ab51e421ec0070af1?s=96&d=mm&r=g\",\"caption\":\"cristinareinagarcia\"},\"url\":\"https:\/\/sites.cardenalcisneros.es\/ciudadarte\/index.php\/author\/cristinareinagarcia\/\"}]}<\/script>\n<!-- \/ Yoast SEO plugin. -->","yoast_head_json":{"title":"ZARAGOZA (Mart\u00ednez del Mazo, 1647) - La Ciudad en el Arte","robots":{"index":"index","follow":"follow","max-snippet":"max-snippet:-1","max-image-preview":"max-image-preview:large","max-video-preview":"max-video-preview:-1"},"canonical":"https:\/\/sites.cardenalcisneros.es\/ciudadarte\/index.php\/2012\/05\/05\/zaragoza-1647\/","og_locale":"es_ES","og_type":"article","og_title":"ZARAGOZA (Mart\u00ednez del Mazo, 1647) - La Ciudad en el Arte","og_description":"\u00a0 Esta obra representa c\u00f3mo era la ciudad de Zaragoza en el a\u00f1o 1647, y est\u00e1 pintada por el autor barroco Juan Bautista Mart\u00ednez del Mazo,\u00a0que fue disc\u00edpulo y yerno de\u00a0Vel\u00e1zquez. Se trata de un cuadro urbano que nos muestra c\u00f3mo era Espa\u00f1a en el siglo XVII, y c\u00f3mo una de\u00a0sus ciudades m\u00e1s importantes alcanz\u00f3 [&hellip;]","og_url":"https:\/\/sites.cardenalcisneros.es\/ciudadarte\/index.php\/2012\/05\/05\/zaragoza-1647\/","og_site_name":"La Ciudad en el Arte","article_published_time":"2012-05-05T16:23:25+00:00","author":"cristinareinagarcia","twitter_card":"summary_large_image","twitter_misc":{"Escrito por":"cristinareinagarcia","Tiempo de lectura":"3 minutos"},"schema":{"@context":"https:\/\/schema.org","@graph":[{"@type":"WebPage","@id":"https:\/\/sites.cardenalcisneros.es\/ciudadarte\/index.php\/2012\/05\/05\/zaragoza-1647\/","url":"https:\/\/sites.cardenalcisneros.es\/ciudadarte\/index.php\/2012\/05\/05\/zaragoza-1647\/","name":"ZARAGOZA (Mart\u00ednez del Mazo, 1647) - La Ciudad en el Arte","isPartOf":{"@id":"https:\/\/sites.cardenalcisneros.es\/ciudadarte\/#website"},"datePublished":"2012-05-05T16:23:25+00:00","dateModified":"2012-05-05T16:23:25+00:00","author":{"@id":"https:\/\/sites.cardenalcisneros.es\/ciudadarte\/#\/schema\/person\/942c3f4345f76d20b7da01b85956122c"},"breadcrumb":{"@id":"https:\/\/sites.cardenalcisneros.es\/ciudadarte\/index.php\/2012\/05\/05\/zaragoza-1647\/#breadcrumb"},"inLanguage":"es","potentialAction":[{"@type":"ReadAction","target":["https:\/\/sites.cardenalcisneros.es\/ciudadarte\/index.php\/2012\/05\/05\/zaragoza-1647\/"]}]},{"@type":"BreadcrumbList","@id":"https:\/\/sites.cardenalcisneros.es\/ciudadarte\/index.php\/2012\/05\/05\/zaragoza-1647\/#breadcrumb","itemListElement":[{"@type":"ListItem","position":1,"name":"Portada","item":"https:\/\/sites.cardenalcisneros.es\/ciudadarte\/"},{"@type":"ListItem","position":2,"name":"ZARAGOZA (Mart\u00ednez del Mazo, 1647)"}]},{"@type":"WebSite","@id":"https:\/\/sites.cardenalcisneros.es\/ciudadarte\/#website","url":"https:\/\/sites.cardenalcisneros.es\/ciudadarte\/","name":"La Ciudad en el Arte","description":"Un blog colaborativo sobre Geograf\u00eda, Urbanismo, Historia y Arte","potentialAction":[{"@type":"SearchAction","target":{"@type":"EntryPoint","urlTemplate":"https:\/\/sites.cardenalcisneros.es\/ciudadarte\/?s={search_term_string}"},"query-input":"required name=search_term_string"}],"inLanguage":"es"},{"@type":"Person","@id":"https:\/\/sites.cardenalcisneros.es\/ciudadarte\/#\/schema\/person\/942c3f4345f76d20b7da01b85956122c","name":"cristinareinagarcia","image":{"@type":"ImageObject","inLanguage":"es","@id":"https:\/\/sites.cardenalcisneros.es\/ciudadarte\/#\/schema\/person\/image\/","url":"https:\/\/secure.gravatar.com\/avatar\/f039270ca389e74ab51e421ec0070af1?s=96&d=mm&r=g","contentUrl":"https:\/\/secure.gravatar.com\/avatar\/f039270ca389e74ab51e421ec0070af1?s=96&d=mm&r=g","caption":"cristinareinagarcia"},"url":"https:\/\/sites.cardenalcisneros.es\/ciudadarte\/index.php\/author\/cristinareinagarcia\/"}]}},"_links":{"self":[{"href":"https:\/\/sites.cardenalcisneros.es\/ciudadarte\/index.php\/wp-json\/wp\/v2\/posts\/341"}],"collection":[{"href":"https:\/\/sites.cardenalcisneros.es\/ciudadarte\/index.php\/wp-json\/wp\/v2\/posts"}],"about":[{"href":"https:\/\/sites.cardenalcisneros.es\/ciudadarte\/index.php\/wp-json\/wp\/v2\/types\/post"}],"author":[{"embeddable":true,"href":"https:\/\/sites.cardenalcisneros.es\/ciudadarte\/index.php\/wp-json\/wp\/v2\/users\/11"}],"replies":[{"embeddable":true,"href":"https:\/\/sites.cardenalcisneros.es\/ciudadarte\/index.php\/wp-json\/wp\/v2\/comments?post=341"}],"version-history":[{"count":0,"href":"https:\/\/sites.cardenalcisneros.es\/ciudadarte\/index.php\/wp-json\/wp\/v2\/posts\/341\/revisions"}],"wp:attachment":[{"href":"https:\/\/sites.cardenalcisneros.es\/ciudadarte\/index.php\/wp-json\/wp\/v2\/media?parent=341"}],"wp:term":[{"taxonomy":"category","embeddable":true,"href":"https:\/\/sites.cardenalcisneros.es\/ciudadarte\/index.php\/wp-json\/wp\/v2\/categories?post=341"},{"taxonomy":"post_tag","embeddable":true,"href":"https:\/\/sites.cardenalcisneros.es\/ciudadarte\/index.php\/wp-json\/wp\/v2\/tags?post=341"}],"curies":[{"name":"wp","href":"https:\/\/api.w.org\/{rel}","templated":true}]}}