{"id":3288,"date":"2012-06-25T16:05:08","date_gmt":"2012-06-25T14:05:08","guid":{"rendered":"http:\/\/sites.cardenalcisneros.es\/ciudadarte\/?p=3288"},"modified":"2012-06-25T16:05:08","modified_gmt":"2012-06-25T14:05:08","slug":"aranda-de-duero-1503","status":"publish","type":"post","link":"https:\/\/sites.cardenalcisneros.es\/ciudadarte\/index.php\/2012\/06\/25\/aranda-de-duero-1503\/","title":{"rendered":"ARANDA DE DUERO (Fernando Gamarra, 1503)"},"content":{"rendered":"<p style=\"text-align: center\">\n<p style=\"text-align: center\"><span style=\"color: #000000\"><a href=\"http:\/\/www.soportal.p.ht\/planoxv\/plano_1024.jpg\" target=\"_blank\"><img decoding=\"async\" loading=\"lazy\" class=\"aligncenter size-full wp-image-3292\" src=\"http:\/\/sites.cardenalcisneros.es\/ciudadarte\/wp-content\/uploads\/2012\/07\/Aranda-Diego-Diez1.jpg\" alt=\"\" width=\"604\" height=\"451\" \/><\/a><\/span><\/p>\n<p style=\"text-align: justify\"><span style=\"color: #000000\">En sus or\u00edgenes,\u00a0en el siglo IX, desde que comenzara la repoblaci\u00f3n cristiana de la cuenca del Duero, esta villa ten\u00eda como funci\u00f3n proteger el \u00fanico puente que cruzaba el r\u00edo en toda la regi\u00f3n. Por ello se empez\u00f3 a construir una fortificaci\u00f3n en el mismo puente que se termin\u00f3 en el siglo X, a cuya base se situaban edificaciones muy modestas de los campesinos que trabajaban estas tierras. Para remarcar el car\u00e1cter cristiano de la ciudad, desde sus or\u00edgenes destac\u00f3 la presencia de la iglesia de San Juan Bautista, cuya construcci\u00f3n se situ\u00f3 en un peque\u00f1o promontorio hacia el Este, cerca de la Puerta de San Juan.<em><\/em><\/span><\/p>\n<p style=\"text-align: justify\"><span style=\"color: #000000\">La parte m\u00e1s antigua de la villa de Aranda de Duero es la que est\u00e1 m\u00e1s cerca de la puerta sobre el puente y la de la izquierda del mapa, ya que esta parte estaba bordeada por el r\u00edo Ba\u00f1uelos (afluente del Duero), adem\u00e1s de por la muralla, lo cual otorgaba una mayor protecci\u00f3n frente a los ataques de los musulmanes.<\/span><\/p>\n<p style=\"text-align: justify\"><span style=\"color: #000000\">A partir del siglo XIV las murallas se quedaron peque\u00f1as para albergar a\u00a0la creciente poblaci\u00f3n de Aranda, que en el siglo XV ya\u00a0era\u00a0 mayor de 6.000 habitantes. Como consecuencia de ello\u00a0se demoli\u00f3 parte de la muralla oriental y\u00a0se ampli\u00f3\u00a0hasta las dimensiones que figuran en este mapa. Este dato se puede observar en c\u00f3mo se divide la ciudad de Norte a Sur por una calle central, en medio de la cual se sit\u00faa la iglesia de Santa Mar\u00eda, construida sobre una iglesia anterior del siglo XIII, de la que s\u00f3lo queda la torre, y que formaba parte del antiguo muro defensivo de Aranda de Duero.<\/span><\/p>\n<p style=\"text-align: justify\"><span style=\"color: #000000\">Cabe destacar que la forma original de la ciudad\u00a0era m\u00e1s bien circular, tanto la ciudad vieja como la ampliaci\u00f3n de los siglos XIV y XV. Esta morfolog\u00eda le otorgaba una mayor facilidad de defensa. Asimismo, contaba con puertas en las murallas que daban acceso a las seis calles principales de la villa, lo cual facilitaba el tr\u00e1nsito de viajeros y el trasiego de mercanc\u00edas en sentido radial. Aunque la estructura interna de la villa se organizaba en barrios separados por estas calles principales, el trazado de cada uno de ellos es claramente irregular, como se aprecia en la aglomeraci\u00f3n de casas.<\/span><\/p>\n<p style=\"text-align: justify\"><span style=\"color: #000000\">Entre el siglo XIV y el XVI, Aranda vive una \u00e9poca de gran esplendor. La ciudad, que ya hab\u00eda sido nombrada villa de realengo, pasa a ser un punto estrat\u00e9gico para la comunicaci\u00f3n entre las dos Castillas, Arag\u00f3n y Francia, lo cual favoreci\u00f3 su desarrollo econ\u00f3mico, pol\u00edtico y social. Aranda mantuvo una dedicaci\u00f3n agr\u00edcola, ganadera y vitivin\u00edcola al tiempo que ejerc\u00eda funciones y oficios propios de car\u00e1cter urbano. Esta combinaci\u00f3n de actividades propici\u00f3 una marcada diferencia social: por un lado labradores y los pastores, y por otro los comerciantes, burgueses\u00a0y administradores.<\/span><\/p>\n<p style=\"text-align: justify\"><span style=\"color: #000000\">Aranda es hist\u00f3ricamente es conocida por haberse celebrado en 1473 el Concilio de Aranda, con presencia de la princesa Isabel I de Castilla. Tambi\u00e9n por poseer el\u00a0plano urbano m\u00e1s antiguo de Espa\u00f1a, el de esta imagen, que es\u00a0tambi\u00e9n el documento cartogr\u00e1fico m\u00e1s antiguo del Archivo General de Simancas. En este plano se basaron los conquistadores espa\u00f1oles para la construcci\u00f3n de las nuevas ciudades coloniales en el Nuevo Mundo\u00a0reci\u00e9n descubierto por la Corona de Castilla.<\/span><\/p>\n<p style=\"text-align: justify\"><span style=\"color: #000000\">Actualmente Aranda de Duero es uno de los puntos industriales y de poblaci\u00f3n m\u00e1s importantes de la provincia de Burgos. La actividad agraria, ganadera y vitivin\u00edcola sigue muy presente, aunque durante los siglos XIX y XX han ido apareciendo nuevas actividades industriales,\u00a0que han favorecido su crecimiento demogr\u00e1fico y urban\u00edstico. <\/span><\/p>\n<p>Diego D\u00edez Alonso<br \/>\n&nbsp;<\/p>\n","protected":false},"excerpt":{"rendered":"<p>En sus or\u00edgenes,\u00a0en el siglo IX, desde que comenzara la repoblaci\u00f3n cristiana de la cuenca del Duero, esta villa ten\u00eda como funci\u00f3n proteger el \u00fanico puente que cruzaba el r\u00edo en toda la regi\u00f3n. Por ello se empez\u00f3 a construir una fortificaci\u00f3n en el mismo puente que se termin\u00f3 en el siglo X, a cuya [&hellip;]<\/p>\n","protected":false},"author":93,"featured_media":0,"comment_status":"open","ping_status":"open","sticky":false,"template":"","format":"standard","meta":[],"categories":[1],"tags":[16],"yoast_head":"<!-- This site is optimized with the Yoast SEO plugin v20.7 - https:\/\/yoast.com\/wordpress\/plugins\/seo\/ -->\n<title>ARANDA DE DUERO (Fernando Gamarra, 1503) - La Ciudad en el Arte<\/title>\n<meta name=\"robots\" content=\"index, follow, max-snippet:-1, max-image-preview:large, max-video-preview:-1\" \/>\n<link rel=\"canonical\" href=\"https:\/\/sites.cardenalcisneros.es\/ciudadarte\/index.php\/2012\/06\/25\/aranda-de-duero-1503\/\" \/>\n<meta property=\"og:locale\" content=\"es_ES\" \/>\n<meta property=\"og:type\" content=\"article\" \/>\n<meta property=\"og:title\" content=\"ARANDA DE DUERO (Fernando Gamarra, 1503) - La Ciudad en el Arte\" \/>\n<meta property=\"og:description\" content=\"En sus or\u00edgenes,\u00a0en el siglo IX, desde que comenzara la repoblaci\u00f3n cristiana de la cuenca del Duero, esta villa ten\u00eda como funci\u00f3n proteger el \u00fanico puente que cruzaba el r\u00edo en toda la regi\u00f3n. Por ello se empez\u00f3 a construir una fortificaci\u00f3n en el mismo puente que se termin\u00f3 en el siglo X, a cuya [&hellip;]\" \/>\n<meta property=\"og:url\" content=\"https:\/\/sites.cardenalcisneros.es\/ciudadarte\/index.php\/2012\/06\/25\/aranda-de-duero-1503\/\" \/>\n<meta property=\"og:site_name\" content=\"La Ciudad en el Arte\" \/>\n<meta property=\"article:published_time\" content=\"2012-06-25T14:05:08+00:00\" \/>\n<meta property=\"og:image\" content=\"http:\/\/sites.cardenalcisneros.es\/ciudadarte\/wp-content\/uploads\/2012\/07\/Aranda-Diego-Diez1.jpg\" \/>\n<meta name=\"author\" content=\"Alumno Campus\" \/>\n<meta name=\"twitter:card\" content=\"summary_large_image\" \/>\n<meta name=\"twitter:label1\" content=\"Escrito por\" \/>\n\t<meta name=\"twitter:data1\" content=\"Alumno Campus\" \/>\n\t<meta name=\"twitter:label2\" content=\"Tiempo de lectura\" \/>\n\t<meta name=\"twitter:data2\" content=\"3 minutos\" \/>\n<script type=\"application\/ld+json\" class=\"yoast-schema-graph\">{\"@context\":\"https:\/\/schema.org\",\"@graph\":[{\"@type\":\"WebPage\",\"@id\":\"https:\/\/sites.cardenalcisneros.es\/ciudadarte\/index.php\/2012\/06\/25\/aranda-de-duero-1503\/\",\"url\":\"https:\/\/sites.cardenalcisneros.es\/ciudadarte\/index.php\/2012\/06\/25\/aranda-de-duero-1503\/\",\"name\":\"ARANDA DE DUERO (Fernando Gamarra, 1503) - La Ciudad en el Arte\",\"isPartOf\":{\"@id\":\"https:\/\/sites.cardenalcisneros.es\/ciudadarte\/#website\"},\"datePublished\":\"2012-06-25T14:05:08+00:00\",\"dateModified\":\"2012-06-25T14:05:08+00:00\",\"author\":{\"@id\":\"https:\/\/sites.cardenalcisneros.es\/ciudadarte\/#\/schema\/person\/0f83c64b2a28c1a5a38f7d9dd2e38fc2\"},\"breadcrumb\":{\"@id\":\"https:\/\/sites.cardenalcisneros.es\/ciudadarte\/index.php\/2012\/06\/25\/aranda-de-duero-1503\/#breadcrumb\"},\"inLanguage\":\"es\",\"potentialAction\":[{\"@type\":\"ReadAction\",\"target\":[\"https:\/\/sites.cardenalcisneros.es\/ciudadarte\/index.php\/2012\/06\/25\/aranda-de-duero-1503\/\"]}]},{\"@type\":\"BreadcrumbList\",\"@id\":\"https:\/\/sites.cardenalcisneros.es\/ciudadarte\/index.php\/2012\/06\/25\/aranda-de-duero-1503\/#breadcrumb\",\"itemListElement\":[{\"@type\":\"ListItem\",\"position\":1,\"name\":\"Portada\",\"item\":\"https:\/\/sites.cardenalcisneros.es\/ciudadarte\/\"},{\"@type\":\"ListItem\",\"position\":2,\"name\":\"ARANDA DE DUERO (Fernando Gamarra, 1503)\"}]},{\"@type\":\"WebSite\",\"@id\":\"https:\/\/sites.cardenalcisneros.es\/ciudadarte\/#website\",\"url\":\"https:\/\/sites.cardenalcisneros.es\/ciudadarte\/\",\"name\":\"La Ciudad en el Arte\",\"description\":\"Un blog colaborativo sobre Geograf\u00eda, Urbanismo, Historia y Arte\",\"potentialAction\":[{\"@type\":\"SearchAction\",\"target\":{\"@type\":\"EntryPoint\",\"urlTemplate\":\"https:\/\/sites.cardenalcisneros.es\/ciudadarte\/?s={search_term_string}\"},\"query-input\":\"required name=search_term_string\"}],\"inLanguage\":\"es\"},{\"@type\":\"Person\",\"@id\":\"https:\/\/sites.cardenalcisneros.es\/ciudadarte\/#\/schema\/person\/0f83c64b2a28c1a5a38f7d9dd2e38fc2\",\"name\":\"Alumno Campus\",\"image\":{\"@type\":\"ImageObject\",\"inLanguage\":\"es\",\"@id\":\"https:\/\/sites.cardenalcisneros.es\/ciudadarte\/#\/schema\/person\/image\/\",\"url\":\"https:\/\/secure.gravatar.com\/avatar\/451448e807ff33883635030571ef263a?s=96&d=mm&r=g\",\"contentUrl\":\"https:\/\/secure.gravatar.com\/avatar\/451448e807ff33883635030571ef263a?s=96&d=mm&r=g\",\"caption\":\"Alumno Campus\"},\"url\":\"https:\/\/sites.cardenalcisneros.es\/ciudadarte\/index.php\/author\/alumnocampus\/\"}]}<\/script>\n<!-- \/ Yoast SEO plugin. -->","yoast_head_json":{"title":"ARANDA DE DUERO (Fernando Gamarra, 1503) - La Ciudad en el Arte","robots":{"index":"index","follow":"follow","max-snippet":"max-snippet:-1","max-image-preview":"max-image-preview:large","max-video-preview":"max-video-preview:-1"},"canonical":"https:\/\/sites.cardenalcisneros.es\/ciudadarte\/index.php\/2012\/06\/25\/aranda-de-duero-1503\/","og_locale":"es_ES","og_type":"article","og_title":"ARANDA DE DUERO (Fernando Gamarra, 1503) - La Ciudad en el Arte","og_description":"En sus or\u00edgenes,\u00a0en el siglo IX, desde que comenzara la repoblaci\u00f3n cristiana de la cuenca del Duero, esta villa ten\u00eda como funci\u00f3n proteger el \u00fanico puente que cruzaba el r\u00edo en toda la regi\u00f3n. Por ello se empez\u00f3 a construir una fortificaci\u00f3n en el mismo puente que se termin\u00f3 en el siglo X, a cuya [&hellip;]","og_url":"https:\/\/sites.cardenalcisneros.es\/ciudadarte\/index.php\/2012\/06\/25\/aranda-de-duero-1503\/","og_site_name":"La Ciudad en el Arte","article_published_time":"2012-06-25T14:05:08+00:00","og_image":[{"url":"http:\/\/sites.cardenalcisneros.es\/ciudadarte\/wp-content\/uploads\/2012\/07\/Aranda-Diego-Diez1.jpg"}],"author":"Alumno Campus","twitter_card":"summary_large_image","twitter_misc":{"Escrito por":"Alumno Campus","Tiempo de lectura":"3 minutos"},"schema":{"@context":"https:\/\/schema.org","@graph":[{"@type":"WebPage","@id":"https:\/\/sites.cardenalcisneros.es\/ciudadarte\/index.php\/2012\/06\/25\/aranda-de-duero-1503\/","url":"https:\/\/sites.cardenalcisneros.es\/ciudadarte\/index.php\/2012\/06\/25\/aranda-de-duero-1503\/","name":"ARANDA DE DUERO (Fernando Gamarra, 1503) - La Ciudad en el Arte","isPartOf":{"@id":"https:\/\/sites.cardenalcisneros.es\/ciudadarte\/#website"},"datePublished":"2012-06-25T14:05:08+00:00","dateModified":"2012-06-25T14:05:08+00:00","author":{"@id":"https:\/\/sites.cardenalcisneros.es\/ciudadarte\/#\/schema\/person\/0f83c64b2a28c1a5a38f7d9dd2e38fc2"},"breadcrumb":{"@id":"https:\/\/sites.cardenalcisneros.es\/ciudadarte\/index.php\/2012\/06\/25\/aranda-de-duero-1503\/#breadcrumb"},"inLanguage":"es","potentialAction":[{"@type":"ReadAction","target":["https:\/\/sites.cardenalcisneros.es\/ciudadarte\/index.php\/2012\/06\/25\/aranda-de-duero-1503\/"]}]},{"@type":"BreadcrumbList","@id":"https:\/\/sites.cardenalcisneros.es\/ciudadarte\/index.php\/2012\/06\/25\/aranda-de-duero-1503\/#breadcrumb","itemListElement":[{"@type":"ListItem","position":1,"name":"Portada","item":"https:\/\/sites.cardenalcisneros.es\/ciudadarte\/"},{"@type":"ListItem","position":2,"name":"ARANDA DE DUERO (Fernando Gamarra, 1503)"}]},{"@type":"WebSite","@id":"https:\/\/sites.cardenalcisneros.es\/ciudadarte\/#website","url":"https:\/\/sites.cardenalcisneros.es\/ciudadarte\/","name":"La Ciudad en el Arte","description":"Un blog colaborativo sobre Geograf\u00eda, Urbanismo, Historia y Arte","potentialAction":[{"@type":"SearchAction","target":{"@type":"EntryPoint","urlTemplate":"https:\/\/sites.cardenalcisneros.es\/ciudadarte\/?s={search_term_string}"},"query-input":"required name=search_term_string"}],"inLanguage":"es"},{"@type":"Person","@id":"https:\/\/sites.cardenalcisneros.es\/ciudadarte\/#\/schema\/person\/0f83c64b2a28c1a5a38f7d9dd2e38fc2","name":"Alumno Campus","image":{"@type":"ImageObject","inLanguage":"es","@id":"https:\/\/sites.cardenalcisneros.es\/ciudadarte\/#\/schema\/person\/image\/","url":"https:\/\/secure.gravatar.com\/avatar\/451448e807ff33883635030571ef263a?s=96&d=mm&r=g","contentUrl":"https:\/\/secure.gravatar.com\/avatar\/451448e807ff33883635030571ef263a?s=96&d=mm&r=g","caption":"Alumno Campus"},"url":"https:\/\/sites.cardenalcisneros.es\/ciudadarte\/index.php\/author\/alumnocampus\/"}]}},"_links":{"self":[{"href":"https:\/\/sites.cardenalcisneros.es\/ciudadarte\/index.php\/wp-json\/wp\/v2\/posts\/3288"}],"collection":[{"href":"https:\/\/sites.cardenalcisneros.es\/ciudadarte\/index.php\/wp-json\/wp\/v2\/posts"}],"about":[{"href":"https:\/\/sites.cardenalcisneros.es\/ciudadarte\/index.php\/wp-json\/wp\/v2\/types\/post"}],"author":[{"embeddable":true,"href":"https:\/\/sites.cardenalcisneros.es\/ciudadarte\/index.php\/wp-json\/wp\/v2\/users\/93"}],"replies":[{"embeddable":true,"href":"https:\/\/sites.cardenalcisneros.es\/ciudadarte\/index.php\/wp-json\/wp\/v2\/comments?post=3288"}],"version-history":[{"count":0,"href":"https:\/\/sites.cardenalcisneros.es\/ciudadarte\/index.php\/wp-json\/wp\/v2\/posts\/3288\/revisions"}],"wp:attachment":[{"href":"https:\/\/sites.cardenalcisneros.es\/ciudadarte\/index.php\/wp-json\/wp\/v2\/media?parent=3288"}],"wp:term":[{"taxonomy":"category","embeddable":true,"href":"https:\/\/sites.cardenalcisneros.es\/ciudadarte\/index.php\/wp-json\/wp\/v2\/categories?post=3288"},{"taxonomy":"post_tag","embeddable":true,"href":"https:\/\/sites.cardenalcisneros.es\/ciudadarte\/index.php\/wp-json\/wp\/v2\/tags?post=3288"}],"curies":[{"name":"wp","href":"https:\/\/api.w.org\/{rel}","templated":true}]}}