{"id":2442,"date":"2012-05-15T20:00:57","date_gmt":"2012-05-15T18:00:57","guid":{"rendered":"http:\/\/sites.cardenalcisneros.es\/ciudadarte\/?p=2442"},"modified":"2012-05-15T20:00:57","modified_gmt":"2012-05-15T18:00:57","slug":"madrid-moran-vazquez","status":"publish","type":"post","link":"https:\/\/sites.cardenalcisneros.es\/ciudadarte\/index.php\/2012\/05\/15\/madrid-moran-vazquez\/","title":{"rendered":"MADRID (Jos\u00e9 Mor\u00e1n V\u00e1zquez, siglo XX)"},"content":{"rendered":"<p style=\"text-align: center\">\u00a0<\/p>\n<p style=\"text-align: center\"><span style=\"color: #000000\"><a href=\"http:\/\/www.artelista.com\/obra\/7810415184133510-granviamadrid.html\" target=\"_blank\"><img decoding=\"async\" loading=\"lazy\" class=\"aligncenter size-full wp-image-2443\" src=\"http:\/\/sites.cardenalcisneros.es\/ciudadarte\/wp-content\/uploads\/2012\/05\/Madrid-por-Jos\u00e9-Mor\u00e1n-V\u00e1zquez-e1339869950475.jpg\" alt=\"\" width=\"595\" height=\"342\" \/><\/a><\/span><\/p>\n<p style=\"text-align: justify\"><span style=\"color: #000000\">El\u00a0casco antiguo de Madrid, con origen en la\u00a0medina\u00a0musulmana, surgi\u00f3 de un emplazamiento estrat\u00e9gico determinadas por\u00a0una serie de limitaciones topogr\u00e1ficas: la disposici\u00f3n del caser\u00edo original en las zonas elevadas sobre el r\u00edo y el barranco de la\u00a0calle de Segovia, donde se establecer\u00e1n al lado norte la\u00a0alcazaba\u00a0y al sur los barrios\u00a0moz\u00e1rabe\u00a0y jud\u00edo.<\/span><\/p>\n<p style=\"text-align: justify\"><span style=\"color: #000000\">Cuando\u00a0Felipe II\u00a0hizo de Madrid la capital de Espa\u00f1a, acord\u00f3 con las autoridades de la villa establecer una llamada\u00a0<em>Carga de Aposento<\/em> que las autoridades madrile\u00f1as pactaron con el rey, a cambio de que \u00e9ste estableciese la capitalidad en Madrid.\u00a0Los madrile\u00f1os, no especialmente contentos, empezaron a construir las que fueron llamadas\u00a0casas a la malicia, de una sola planta, para no sufrir las incomodidades de la\u00a0Carga. Como resultado de esto el casco urbano se extendi\u00f3 r\u00e1pidamente y en unos\u00a0cuarenta a\u00f1os, a principios del siglo XVII, lleg\u00f3 hasta la cerca que m\u00e1s tarde se construir\u00eda y que perdurar\u00eda pr\u00e1cticamente hasta el siglo XIX. De esta manera, mientras la ciudad volv\u00eda a crecer en altura, se hab\u00eda extendido\u00a0con un\u00a0trazado muy\u00a0irregular y desorganizado.<\/span><\/p>\n<p style=\"text-align: justify\"><span style=\"color: #000000\">M\u00e1s all\u00e1 de los\u00a0bulevares\u00a0que se abrieron cuando se derrib\u00f3 de la cerca del\u00a0siglo XVII, se construy\u00f3 el\u00a0ensanche\u00a0de la segunda mitad del siglo XIX, proyectado con un trazado ortogonal por\u00a0Carlos Mar\u00eda de Castro, y\u00a0llegando la zona urbana hasta el entonces denominado\u00a0Paseo de Ronda.\u00a0A comienzos del siglo XX se planific\u00f3 en su zona noreste la\u00a0Ciudad Lineal\u00a0de\u00a0Arturo Soria. El ensanche\u00a0\u00a0se extendi\u00f3 hacia el este de lo que pasar\u00eda a ser el eje central de la ciudad, el Paseo de la Castellana. Estos cambios hicieron que el plano irregular de la ciudad fuera cambiando poco a poco, combin\u00e1ndose\u00a0con zonas de morfolog\u00eda ortogonal y otras de plano lineal, a las afueras.<\/span><\/p>\n<p style=\"text-align: justify\"><span style=\"color: #000000\">Desde finales del siglo XIX el centro hist\u00f3rico sufri\u00f3 alteraciones puntuales de alguna importancia, siendo la intervenci\u00f3n m\u00e1s significativa la apertura de la\u00a0Gran V\u00eda, que junto con otras partes en torno\u00a0a la Castellana formaron unos ejes \u00abpantalla\u00bb que aislaron a sus lados las zonas de menor altura de edificaci\u00f3n y menor anchura del viario. <\/span><\/p>\n<p style=\"text-align: justify\"><span style=\"color: #000000\">En resumen, el plano de Madrid\u00a0ha ido\u00a0cambiando a lo largo de su historia. Empez\u00f3\u00a0con una ordenaci\u00f3n desigual, y a medida que creci\u00f3 la ciudad, durante la Edad Moderna,\u00a0se mezcl\u00f3 con un plano radial, haciendo que las calles mas importantes partieran del centro hacia las afueras. En el\u00a0siglo XIX se\u00a0construy\u00f3 el ensanche y la Ciudad Lineal, haciendo de una parte del mapa urbano de Madrid una zona m\u00e1s moderna y ortogonal.<\/span><\/p>\n<p style=\"text-align: justify\">Alberto P\u00e9rez Mart\u00ednez<\/p>\n<p style=\"text-align: justify\">\u00a0<\/p>\n","protected":false},"excerpt":{"rendered":"<p>\u00a0 El\u00a0casco antiguo de Madrid, con origen en la\u00a0medina\u00a0musulmana, surgi\u00f3 de un emplazamiento estrat\u00e9gico determinadas por\u00a0una serie de limitaciones topogr\u00e1ficas: la disposici\u00f3n del caser\u00edo original en las zonas elevadas sobre el r\u00edo y el barranco de la\u00a0calle de Segovia, donde se establecer\u00e1n al lado norte la\u00a0alcazaba\u00a0y al sur los barrios\u00a0moz\u00e1rabe\u00a0y jud\u00edo. Cuando\u00a0Felipe II\u00a0hizo de Madrid [&hellip;]<\/p>\n","protected":false},"author":88,"featured_media":0,"comment_status":"open","ping_status":"open","sticky":false,"template":"","format":"standard","meta":[],"categories":[1],"tags":[129],"yoast_head":"<!-- This site is optimized with the Yoast SEO plugin v20.7 - https:\/\/yoast.com\/wordpress\/plugins\/seo\/ -->\n<title>MADRID (Jos\u00e9 Mor\u00e1n V\u00e1zquez, siglo XX) - La Ciudad en el Arte<\/title>\n<meta name=\"robots\" content=\"index, follow, max-snippet:-1, max-image-preview:large, max-video-preview:-1\" \/>\n<link rel=\"canonical\" href=\"https:\/\/sites.cardenalcisneros.es\/ciudadarte\/index.php\/2012\/05\/15\/madrid-moran-vazquez\/\" \/>\n<meta property=\"og:locale\" content=\"es_ES\" \/>\n<meta property=\"og:type\" content=\"article\" \/>\n<meta property=\"og:title\" content=\"MADRID (Jos\u00e9 Mor\u00e1n V\u00e1zquez, siglo XX) - La Ciudad en el Arte\" \/>\n<meta property=\"og:description\" content=\"\u00a0 El\u00a0casco antiguo de Madrid, con origen en la\u00a0medina\u00a0musulmana, surgi\u00f3 de un emplazamiento estrat\u00e9gico determinadas por\u00a0una serie de limitaciones topogr\u00e1ficas: la disposici\u00f3n del caser\u00edo original en las zonas elevadas sobre el r\u00edo y el barranco de la\u00a0calle de Segovia, donde se establecer\u00e1n al lado norte la\u00a0alcazaba\u00a0y al sur los barrios\u00a0moz\u00e1rabe\u00a0y jud\u00edo. Cuando\u00a0Felipe II\u00a0hizo de Madrid [&hellip;]\" \/>\n<meta property=\"og:url\" content=\"https:\/\/sites.cardenalcisneros.es\/ciudadarte\/index.php\/2012\/05\/15\/madrid-moran-vazquez\/\" \/>\n<meta property=\"og:site_name\" content=\"La Ciudad en el Arte\" \/>\n<meta property=\"article:published_time\" content=\"2012-05-15T18:00:57+00:00\" \/>\n<meta name=\"author\" content=\"apmperez\" \/>\n<meta name=\"twitter:card\" content=\"summary_large_image\" \/>\n<meta name=\"twitter:label1\" content=\"Escrito por\" \/>\n\t<meta name=\"twitter:data1\" content=\"apmperez\" \/>\n\t<meta name=\"twitter:label2\" content=\"Tiempo de lectura\" \/>\n\t<meta name=\"twitter:data2\" content=\"2 minutos\" \/>\n<script type=\"application\/ld+json\" class=\"yoast-schema-graph\">{\"@context\":\"https:\/\/schema.org\",\"@graph\":[{\"@type\":\"WebPage\",\"@id\":\"https:\/\/sites.cardenalcisneros.es\/ciudadarte\/index.php\/2012\/05\/15\/madrid-moran-vazquez\/\",\"url\":\"https:\/\/sites.cardenalcisneros.es\/ciudadarte\/index.php\/2012\/05\/15\/madrid-moran-vazquez\/\",\"name\":\"MADRID (Jos\u00e9 Mor\u00e1n V\u00e1zquez, siglo XX) - La Ciudad en el Arte\",\"isPartOf\":{\"@id\":\"https:\/\/sites.cardenalcisneros.es\/ciudadarte\/#website\"},\"datePublished\":\"2012-05-15T18:00:57+00:00\",\"dateModified\":\"2012-05-15T18:00:57+00:00\",\"author\":{\"@id\":\"https:\/\/sites.cardenalcisneros.es\/ciudadarte\/#\/schema\/person\/bd8f98749607daedccc21031772ee792\"},\"breadcrumb\":{\"@id\":\"https:\/\/sites.cardenalcisneros.es\/ciudadarte\/index.php\/2012\/05\/15\/madrid-moran-vazquez\/#breadcrumb\"},\"inLanguage\":\"es\",\"potentialAction\":[{\"@type\":\"ReadAction\",\"target\":[\"https:\/\/sites.cardenalcisneros.es\/ciudadarte\/index.php\/2012\/05\/15\/madrid-moran-vazquez\/\"]}]},{\"@type\":\"BreadcrumbList\",\"@id\":\"https:\/\/sites.cardenalcisneros.es\/ciudadarte\/index.php\/2012\/05\/15\/madrid-moran-vazquez\/#breadcrumb\",\"itemListElement\":[{\"@type\":\"ListItem\",\"position\":1,\"name\":\"Portada\",\"item\":\"https:\/\/sites.cardenalcisneros.es\/ciudadarte\/\"},{\"@type\":\"ListItem\",\"position\":2,\"name\":\"MADRID (Jos\u00e9 Mor\u00e1n V\u00e1zquez, siglo XX)\"}]},{\"@type\":\"WebSite\",\"@id\":\"https:\/\/sites.cardenalcisneros.es\/ciudadarte\/#website\",\"url\":\"https:\/\/sites.cardenalcisneros.es\/ciudadarte\/\",\"name\":\"La Ciudad en el Arte\",\"description\":\"Un blog colaborativo sobre Geograf\u00eda, Urbanismo, Historia y Arte\",\"potentialAction\":[{\"@type\":\"SearchAction\",\"target\":{\"@type\":\"EntryPoint\",\"urlTemplate\":\"https:\/\/sites.cardenalcisneros.es\/ciudadarte\/?s={search_term_string}\"},\"query-input\":\"required name=search_term_string\"}],\"inLanguage\":\"es\"},{\"@type\":\"Person\",\"@id\":\"https:\/\/sites.cardenalcisneros.es\/ciudadarte\/#\/schema\/person\/bd8f98749607daedccc21031772ee792\",\"name\":\"apmperez\",\"image\":{\"@type\":\"ImageObject\",\"inLanguage\":\"es\",\"@id\":\"https:\/\/sites.cardenalcisneros.es\/ciudadarte\/#\/schema\/person\/image\/\",\"url\":\"https:\/\/secure.gravatar.com\/avatar\/a5b66656743196cc26319c29229c6214?s=96&d=mm&r=g\",\"contentUrl\":\"https:\/\/secure.gravatar.com\/avatar\/a5b66656743196cc26319c29229c6214?s=96&d=mm&r=g\",\"caption\":\"apmperez\"},\"url\":\"https:\/\/sites.cardenalcisneros.es\/ciudadarte\/index.php\/author\/apmperez\/\"}]}<\/script>\n<!-- \/ Yoast SEO plugin. -->","yoast_head_json":{"title":"MADRID (Jos\u00e9 Mor\u00e1n V\u00e1zquez, siglo XX) - La Ciudad en el Arte","robots":{"index":"index","follow":"follow","max-snippet":"max-snippet:-1","max-image-preview":"max-image-preview:large","max-video-preview":"max-video-preview:-1"},"canonical":"https:\/\/sites.cardenalcisneros.es\/ciudadarte\/index.php\/2012\/05\/15\/madrid-moran-vazquez\/","og_locale":"es_ES","og_type":"article","og_title":"MADRID (Jos\u00e9 Mor\u00e1n V\u00e1zquez, siglo XX) - La Ciudad en el Arte","og_description":"\u00a0 El\u00a0casco antiguo de Madrid, con origen en la\u00a0medina\u00a0musulmana, surgi\u00f3 de un emplazamiento estrat\u00e9gico determinadas por\u00a0una serie de limitaciones topogr\u00e1ficas: la disposici\u00f3n del caser\u00edo original en las zonas elevadas sobre el r\u00edo y el barranco de la\u00a0calle de Segovia, donde se establecer\u00e1n al lado norte la\u00a0alcazaba\u00a0y al sur los barrios\u00a0moz\u00e1rabe\u00a0y jud\u00edo. Cuando\u00a0Felipe II\u00a0hizo de Madrid [&hellip;]","og_url":"https:\/\/sites.cardenalcisneros.es\/ciudadarte\/index.php\/2012\/05\/15\/madrid-moran-vazquez\/","og_site_name":"La Ciudad en el Arte","article_published_time":"2012-05-15T18:00:57+00:00","author":"apmperez","twitter_card":"summary_large_image","twitter_misc":{"Escrito por":"apmperez","Tiempo de lectura":"2 minutos"},"schema":{"@context":"https:\/\/schema.org","@graph":[{"@type":"WebPage","@id":"https:\/\/sites.cardenalcisneros.es\/ciudadarte\/index.php\/2012\/05\/15\/madrid-moran-vazquez\/","url":"https:\/\/sites.cardenalcisneros.es\/ciudadarte\/index.php\/2012\/05\/15\/madrid-moran-vazquez\/","name":"MADRID (Jos\u00e9 Mor\u00e1n V\u00e1zquez, siglo XX) - La Ciudad en el Arte","isPartOf":{"@id":"https:\/\/sites.cardenalcisneros.es\/ciudadarte\/#website"},"datePublished":"2012-05-15T18:00:57+00:00","dateModified":"2012-05-15T18:00:57+00:00","author":{"@id":"https:\/\/sites.cardenalcisneros.es\/ciudadarte\/#\/schema\/person\/bd8f98749607daedccc21031772ee792"},"breadcrumb":{"@id":"https:\/\/sites.cardenalcisneros.es\/ciudadarte\/index.php\/2012\/05\/15\/madrid-moran-vazquez\/#breadcrumb"},"inLanguage":"es","potentialAction":[{"@type":"ReadAction","target":["https:\/\/sites.cardenalcisneros.es\/ciudadarte\/index.php\/2012\/05\/15\/madrid-moran-vazquez\/"]}]},{"@type":"BreadcrumbList","@id":"https:\/\/sites.cardenalcisneros.es\/ciudadarte\/index.php\/2012\/05\/15\/madrid-moran-vazquez\/#breadcrumb","itemListElement":[{"@type":"ListItem","position":1,"name":"Portada","item":"https:\/\/sites.cardenalcisneros.es\/ciudadarte\/"},{"@type":"ListItem","position":2,"name":"MADRID (Jos\u00e9 Mor\u00e1n V\u00e1zquez, siglo XX)"}]},{"@type":"WebSite","@id":"https:\/\/sites.cardenalcisneros.es\/ciudadarte\/#website","url":"https:\/\/sites.cardenalcisneros.es\/ciudadarte\/","name":"La Ciudad en el Arte","description":"Un blog colaborativo sobre Geograf\u00eda, Urbanismo, Historia y Arte","potentialAction":[{"@type":"SearchAction","target":{"@type":"EntryPoint","urlTemplate":"https:\/\/sites.cardenalcisneros.es\/ciudadarte\/?s={search_term_string}"},"query-input":"required name=search_term_string"}],"inLanguage":"es"},{"@type":"Person","@id":"https:\/\/sites.cardenalcisneros.es\/ciudadarte\/#\/schema\/person\/bd8f98749607daedccc21031772ee792","name":"apmperez","image":{"@type":"ImageObject","inLanguage":"es","@id":"https:\/\/sites.cardenalcisneros.es\/ciudadarte\/#\/schema\/person\/image\/","url":"https:\/\/secure.gravatar.com\/avatar\/a5b66656743196cc26319c29229c6214?s=96&d=mm&r=g","contentUrl":"https:\/\/secure.gravatar.com\/avatar\/a5b66656743196cc26319c29229c6214?s=96&d=mm&r=g","caption":"apmperez"},"url":"https:\/\/sites.cardenalcisneros.es\/ciudadarte\/index.php\/author\/apmperez\/"}]}},"_links":{"self":[{"href":"https:\/\/sites.cardenalcisneros.es\/ciudadarte\/index.php\/wp-json\/wp\/v2\/posts\/2442"}],"collection":[{"href":"https:\/\/sites.cardenalcisneros.es\/ciudadarte\/index.php\/wp-json\/wp\/v2\/posts"}],"about":[{"href":"https:\/\/sites.cardenalcisneros.es\/ciudadarte\/index.php\/wp-json\/wp\/v2\/types\/post"}],"author":[{"embeddable":true,"href":"https:\/\/sites.cardenalcisneros.es\/ciudadarte\/index.php\/wp-json\/wp\/v2\/users\/88"}],"replies":[{"embeddable":true,"href":"https:\/\/sites.cardenalcisneros.es\/ciudadarte\/index.php\/wp-json\/wp\/v2\/comments?post=2442"}],"version-history":[{"count":0,"href":"https:\/\/sites.cardenalcisneros.es\/ciudadarte\/index.php\/wp-json\/wp\/v2\/posts\/2442\/revisions"}],"wp:attachment":[{"href":"https:\/\/sites.cardenalcisneros.es\/ciudadarte\/index.php\/wp-json\/wp\/v2\/media?parent=2442"}],"wp:term":[{"taxonomy":"category","embeddable":true,"href":"https:\/\/sites.cardenalcisneros.es\/ciudadarte\/index.php\/wp-json\/wp\/v2\/categories?post=2442"},{"taxonomy":"post_tag","embeddable":true,"href":"https:\/\/sites.cardenalcisneros.es\/ciudadarte\/index.php\/wp-json\/wp\/v2\/tags?post=2442"}],"curies":[{"name":"wp","href":"https:\/\/api.w.org\/{rel}","templated":true}]}}