{"id":233,"date":"2012-05-04T22:04:27","date_gmt":"2012-05-04T20:04:27","guid":{"rendered":"http:\/\/sites.cardenalcisneros.es\/ciudadarte\/?p=233"},"modified":"2012-05-04T22:04:27","modified_gmt":"2012-05-04T20:04:27","slug":"ciudadela-de-menorca","status":"publish","type":"post","link":"https:\/\/sites.cardenalcisneros.es\/ciudadarte\/index.php\/2012\/05\/04\/ciudadela-de-menorca\/","title":{"rendered":"CIUDADELA (Giuseppe Chiesa, Siglo XVIII)"},"content":{"rendered":"<p>\u00a0<img decoding=\"async\" loading=\"lazy\" class=\"size-full wp-image-234 aligncenter\" src=\"http:\/\/sites.cardenalcisneros.es\/ciudadarte\/wp-content\/uploads\/2012\/05\/CiutadelladeMenorca.jpg\" alt=\"\" width=\"576\" height=\"432\" \/><\/p>\n<p style=\"text-align: justify\"><span style=\"color: #000000\">Ciudadela se encuentra situada en el extremo oeste de la isla de Menorca, pr\u00e1cticamente en el centro del Mediterr\u00e1neo m\u00e1s occidental. La ciudad linda por el norte con el predio de San Antonio, al este con el de San Jos\u00e9, al sur con <em>Las huertas del Marqu\u00e9s<\/em> y al oeste con el mar y el <em>Rafal de Banel. <\/em>Por el interior limita por con el t\u00e9rmino de Ferrer\u00edas mientras que el mar lo ci\u00f1e por los dem\u00e1s costados. Razones tanto f\u00edsicas como defensivas condicionaron el levantamiento primitivo de la ciudad sobre un barranco, junto a un puerto natural.<em><\/em><\/span><\/p>\n<p style=\"text-align: justify\"><span style=\"color: #000000\">La estructura y morfolog\u00eda de la ciudad son una clara imagen de\u00a0su sociedad, pues se aprecian dos espacios bien diferenciados, el rural y el urbano, delimitados por una muralla.\u00a0En la ciudad amurallada se encuentran los espacios administrativo (Real Alc\u00e1zar), comercial (plaza <em>des Born<\/em>), residencial (palacetes y casas se\u00f1oriales), militar (bastiones, Casa del Gobernador) y religioso (catedral, iglesias menores y conventos).\u00a0En la zona de extramuros se hallan los espacios dedicados a la agricultura y la pesca, as\u00ed como las moradas de los payeses y sus familias. El trazado de Ciudadela es irregular, con calles estrechas y laber\u00ednticas, herencia \u00e1rabe medieval. Cuenta con dos ejes principales que recorren la ciudad desde el norte a la plaza <em>Des Born<\/em> y desde la puerta de Mah\u00f3n hasta pr\u00e1cticamente el puerto.<\/span><\/p>\n<p style=\"text-align: justify\"><span style=\"color: #000000\">Las\u00a0fortificaciones serv\u00edan de asilo a casi toda la nobleza, el clero y militares. La muralla presentaba varios bastiones y lienzos de piedra cuadrada de siller\u00eda. Dentro de la muralla, la plaza <em>Es Born<\/em>, antiguo patio de armas de la ciudadela medieval, se convirti\u00f3 en la principal plaza comercial en los siglos XVII y XVIII. Ciudadela fue la capital de la isla hasta la\u00a0segunda d\u00e9cada del siglo XVIII, de modo que desde all\u00ed se distribu\u00edan los alimentos a toda la isla, tanto los producidos en el lugar como los importados, as\u00ed como otros productos artesanos.<\/span><\/p>\n<p style=\"text-align: justify\"><span style=\"color: #000000\">Entre los edificios m\u00e1s significativos destacan los religiosos, cuya funci\u00f3n queda patente en los numerosos conventos, iglesias y por supuesto con la Catedral de la isla y el Palacio Episcopal. La iglesia principal, encargo de Alfonso III tras la conquista de Menorca en 1287, est\u00e1 en el centro de la ciudad. Es una gran construcci\u00f3n g\u00f3tica y la Catedral de la isla. Est\u00e1 adornada con una torre cuadrada y una aguja octogonal.\u00a0Los Agustinos cuentan con un convento cerca de la puerta de Mah\u00f3n\u00a0donde est\u00e1 la iglesia del <em>Socors<\/em>, de estilo renacentista.\u00a0<\/span><\/p>\n<p style=\"text-align: justify\"><span style=\"color: #000000\">La funci\u00f3n administrativa, la sanidad y la ense\u00f1anza satisfac\u00edan las necesidades de los residentes en la ciudad. As\u00ed, en la iglesia de <em>Sant Francesc<\/em>, que formaba parte del convento de los franciscanos, hab\u00eda un religioso que ten\u00eda escuela para la instrucci\u00f3n de la juventud y otro una botica para vender al pueblo las medicinas que necesitaba.\u00a0La Casa de Contrataci\u00f3n estaba en una esquina de la plaza principal y contigua a la del Gobernador, ambas de una altura considerable y bajo las cuales\u00a0se llegaba hasta el muelle. El sistema de transporte principal en el siglo XVIII era el barco, aunque la tracci\u00f3n animal y a pie eran los principales por el interior. De hecho, el mar y la navegaci\u00f3n han constituido el esqueleto vertebrador de la estructura urbana.<\/span><\/p>\n<p style=\"text-align: justify\"><span style=\"color: #000000\">La funci\u00f3n residencial de la nobleza, clero y militares se evidencia con las numerosas casas se\u00f1oriales, palacetes y conventos. El palacio del Gobernador, por ejemplo, daba alojamiento al mismo y al oficial de mando. Muchos de estos edificios a\u00fan se mantienen en pie y con el tiempo resultar\u00e1n ser de los principales atractivos tur\u00edsticos que posee la ciudad.<\/span><\/p>\n<p style=\"text-align: justify\"><span style=\"color: #000000\">En cuanto a la funci\u00f3n militar, en la <em>Esplanada<\/em> contigua a la plaza principal se realizaban ejercicios militares. El basti\u00f3n de <em>Sa Font<\/em>, situado en la plaza con el mismo nombre, era utilizado para defender una de las portadas de acceso a la ciudad y en sus or\u00edgenes los almacenes fueron usados para guardar trigo.\u00a0El puerto se presentaba, aunque peque\u00f1o, c\u00f3modo para abrigar y recibir los barcos que traficaban en Mallorca, el continente y Marsella, as\u00ed como para realizar las actividades relacionadas con la pesca de los locales.<\/span><\/p>\n<p style=\"text-align: justify\"><span style=\"color: #000000\">En resumen, se puede deducir que la principal funci\u00f3n de la ciudad para originar su emplazamiento y posterior desarrollo ser\u00eda de tipo econ\u00f3mico y militar, pero las funciones comercial e institucional tambi\u00e9n habr\u00edan contribuido considerablemente al desarrollo de la misma.<\/span><\/p>\n<p>Carmen Mora S\u00e1nchez<\/p>\n","protected":false},"excerpt":{"rendered":"<p>\u00a0 Ciudadela se encuentra situada en el extremo oeste de la isla de Menorca, pr\u00e1cticamente en el centro del Mediterr\u00e1neo m\u00e1s occidental. La ciudad linda por el norte con el predio de San Antonio, al este con el de San Jos\u00e9, al sur con Las huertas del Marqu\u00e9s y al oeste con el mar y [&hellip;]<\/p>\n","protected":false},"author":7,"featured_media":0,"comment_status":"open","ping_status":"open","sticky":false,"template":"","format":"standard","meta":[],"categories":[1],"tags":[58],"yoast_head":"<!-- This site is optimized with the Yoast SEO plugin v20.7 - https:\/\/yoast.com\/wordpress\/plugins\/seo\/ -->\n<title>CIUDADELA (Giuseppe Chiesa, Siglo XVIII) - La Ciudad en el Arte<\/title>\n<meta name=\"robots\" content=\"index, follow, max-snippet:-1, max-image-preview:large, max-video-preview:-1\" \/>\n<link rel=\"canonical\" href=\"https:\/\/sites.cardenalcisneros.es\/ciudadarte\/index.php\/2012\/05\/04\/ciudadela-de-menorca\/\" \/>\n<meta property=\"og:locale\" content=\"es_ES\" \/>\n<meta property=\"og:type\" content=\"article\" \/>\n<meta property=\"og:title\" content=\"CIUDADELA (Giuseppe Chiesa, Siglo XVIII) - La Ciudad en el Arte\" \/>\n<meta property=\"og:description\" content=\"\u00a0 Ciudadela se encuentra situada en el extremo oeste de la isla de Menorca, pr\u00e1cticamente en el centro del Mediterr\u00e1neo m\u00e1s occidental. La ciudad linda por el norte con el predio de San Antonio, al este con el de San Jos\u00e9, al sur con Las huertas del Marqu\u00e9s y al oeste con el mar y [&hellip;]\" \/>\n<meta property=\"og:url\" content=\"https:\/\/sites.cardenalcisneros.es\/ciudadarte\/index.php\/2012\/05\/04\/ciudadela-de-menorca\/\" \/>\n<meta property=\"og:site_name\" content=\"La Ciudad en el Arte\" \/>\n<meta property=\"article:published_time\" content=\"2012-05-04T20:04:27+00:00\" \/>\n<meta property=\"og:image\" content=\"http:\/\/sites.cardenalcisneros.es\/ciudadarte\/wp-content\/uploads\/2012\/05\/CiutadelladeMenorca.jpg\" \/>\n<meta name=\"author\" content=\"Carmen Mora\" \/>\n<meta name=\"twitter:card\" content=\"summary_large_image\" \/>\n<meta name=\"twitter:label1\" content=\"Escrito por\" \/>\n\t<meta name=\"twitter:data1\" content=\"Carmen Mora\" \/>\n\t<meta name=\"twitter:label2\" content=\"Tiempo de lectura\" \/>\n\t<meta name=\"twitter:data2\" content=\"4 minutos\" \/>\n<script type=\"application\/ld+json\" class=\"yoast-schema-graph\">{\"@context\":\"https:\/\/schema.org\",\"@graph\":[{\"@type\":\"WebPage\",\"@id\":\"https:\/\/sites.cardenalcisneros.es\/ciudadarte\/index.php\/2012\/05\/04\/ciudadela-de-menorca\/\",\"url\":\"https:\/\/sites.cardenalcisneros.es\/ciudadarte\/index.php\/2012\/05\/04\/ciudadela-de-menorca\/\",\"name\":\"CIUDADELA (Giuseppe Chiesa, Siglo XVIII) - La Ciudad en el Arte\",\"isPartOf\":{\"@id\":\"https:\/\/sites.cardenalcisneros.es\/ciudadarte\/#website\"},\"datePublished\":\"2012-05-04T20:04:27+00:00\",\"dateModified\":\"2012-05-04T20:04:27+00:00\",\"author\":{\"@id\":\"https:\/\/sites.cardenalcisneros.es\/ciudadarte\/#\/schema\/person\/407f2c9d3fdafe27d09c63ce333060e3\"},\"breadcrumb\":{\"@id\":\"https:\/\/sites.cardenalcisneros.es\/ciudadarte\/index.php\/2012\/05\/04\/ciudadela-de-menorca\/#breadcrumb\"},\"inLanguage\":\"es\",\"potentialAction\":[{\"@type\":\"ReadAction\",\"target\":[\"https:\/\/sites.cardenalcisneros.es\/ciudadarte\/index.php\/2012\/05\/04\/ciudadela-de-menorca\/\"]}]},{\"@type\":\"BreadcrumbList\",\"@id\":\"https:\/\/sites.cardenalcisneros.es\/ciudadarte\/index.php\/2012\/05\/04\/ciudadela-de-menorca\/#breadcrumb\",\"itemListElement\":[{\"@type\":\"ListItem\",\"position\":1,\"name\":\"Portada\",\"item\":\"https:\/\/sites.cardenalcisneros.es\/ciudadarte\/\"},{\"@type\":\"ListItem\",\"position\":2,\"name\":\"CIUDADELA (Giuseppe Chiesa, Siglo XVIII)\"}]},{\"@type\":\"WebSite\",\"@id\":\"https:\/\/sites.cardenalcisneros.es\/ciudadarte\/#website\",\"url\":\"https:\/\/sites.cardenalcisneros.es\/ciudadarte\/\",\"name\":\"La Ciudad en el Arte\",\"description\":\"Un blog colaborativo sobre Geograf\u00eda, Urbanismo, Historia y Arte\",\"potentialAction\":[{\"@type\":\"SearchAction\",\"target\":{\"@type\":\"EntryPoint\",\"urlTemplate\":\"https:\/\/sites.cardenalcisneros.es\/ciudadarte\/?s={search_term_string}\"},\"query-input\":\"required name=search_term_string\"}],\"inLanguage\":\"es\"},{\"@type\":\"Person\",\"@id\":\"https:\/\/sites.cardenalcisneros.es\/ciudadarte\/#\/schema\/person\/407f2c9d3fdafe27d09c63ce333060e3\",\"name\":\"Carmen Mora\",\"image\":{\"@type\":\"ImageObject\",\"inLanguage\":\"es\",\"@id\":\"https:\/\/sites.cardenalcisneros.es\/ciudadarte\/#\/schema\/person\/image\/\",\"url\":\"https:\/\/secure.gravatar.com\/avatar\/c5cfbe20cb704f6cf8cb8ed658cdb431?s=96&d=mm&r=g\",\"contentUrl\":\"https:\/\/secure.gravatar.com\/avatar\/c5cfbe20cb704f6cf8cb8ed658cdb431?s=96&d=mm&r=g\",\"caption\":\"Carmen Mora\"},\"url\":\"https:\/\/sites.cardenalcisneros.es\/ciudadarte\/index.php\/author\/carmenmora\/\"}]}<\/script>\n<!-- \/ Yoast SEO plugin. -->","yoast_head_json":{"title":"CIUDADELA (Giuseppe Chiesa, Siglo XVIII) - La Ciudad en el Arte","robots":{"index":"index","follow":"follow","max-snippet":"max-snippet:-1","max-image-preview":"max-image-preview:large","max-video-preview":"max-video-preview:-1"},"canonical":"https:\/\/sites.cardenalcisneros.es\/ciudadarte\/index.php\/2012\/05\/04\/ciudadela-de-menorca\/","og_locale":"es_ES","og_type":"article","og_title":"CIUDADELA (Giuseppe Chiesa, Siglo XVIII) - La Ciudad en el Arte","og_description":"\u00a0 Ciudadela se encuentra situada en el extremo oeste de la isla de Menorca, pr\u00e1cticamente en el centro del Mediterr\u00e1neo m\u00e1s occidental. La ciudad linda por el norte con el predio de San Antonio, al este con el de San Jos\u00e9, al sur con Las huertas del Marqu\u00e9s y al oeste con el mar y [&hellip;]","og_url":"https:\/\/sites.cardenalcisneros.es\/ciudadarte\/index.php\/2012\/05\/04\/ciudadela-de-menorca\/","og_site_name":"La Ciudad en el Arte","article_published_time":"2012-05-04T20:04:27+00:00","og_image":[{"url":"http:\/\/sites.cardenalcisneros.es\/ciudadarte\/wp-content\/uploads\/2012\/05\/CiutadelladeMenorca.jpg"}],"author":"Carmen Mora","twitter_card":"summary_large_image","twitter_misc":{"Escrito por":"Carmen Mora","Tiempo de lectura":"4 minutos"},"schema":{"@context":"https:\/\/schema.org","@graph":[{"@type":"WebPage","@id":"https:\/\/sites.cardenalcisneros.es\/ciudadarte\/index.php\/2012\/05\/04\/ciudadela-de-menorca\/","url":"https:\/\/sites.cardenalcisneros.es\/ciudadarte\/index.php\/2012\/05\/04\/ciudadela-de-menorca\/","name":"CIUDADELA (Giuseppe Chiesa, Siglo XVIII) - La Ciudad en el Arte","isPartOf":{"@id":"https:\/\/sites.cardenalcisneros.es\/ciudadarte\/#website"},"datePublished":"2012-05-04T20:04:27+00:00","dateModified":"2012-05-04T20:04:27+00:00","author":{"@id":"https:\/\/sites.cardenalcisneros.es\/ciudadarte\/#\/schema\/person\/407f2c9d3fdafe27d09c63ce333060e3"},"breadcrumb":{"@id":"https:\/\/sites.cardenalcisneros.es\/ciudadarte\/index.php\/2012\/05\/04\/ciudadela-de-menorca\/#breadcrumb"},"inLanguage":"es","potentialAction":[{"@type":"ReadAction","target":["https:\/\/sites.cardenalcisneros.es\/ciudadarte\/index.php\/2012\/05\/04\/ciudadela-de-menorca\/"]}]},{"@type":"BreadcrumbList","@id":"https:\/\/sites.cardenalcisneros.es\/ciudadarte\/index.php\/2012\/05\/04\/ciudadela-de-menorca\/#breadcrumb","itemListElement":[{"@type":"ListItem","position":1,"name":"Portada","item":"https:\/\/sites.cardenalcisneros.es\/ciudadarte\/"},{"@type":"ListItem","position":2,"name":"CIUDADELA (Giuseppe Chiesa, Siglo XVIII)"}]},{"@type":"WebSite","@id":"https:\/\/sites.cardenalcisneros.es\/ciudadarte\/#website","url":"https:\/\/sites.cardenalcisneros.es\/ciudadarte\/","name":"La Ciudad en el Arte","description":"Un blog colaborativo sobre Geograf\u00eda, Urbanismo, Historia y Arte","potentialAction":[{"@type":"SearchAction","target":{"@type":"EntryPoint","urlTemplate":"https:\/\/sites.cardenalcisneros.es\/ciudadarte\/?s={search_term_string}"},"query-input":"required name=search_term_string"}],"inLanguage":"es"},{"@type":"Person","@id":"https:\/\/sites.cardenalcisneros.es\/ciudadarte\/#\/schema\/person\/407f2c9d3fdafe27d09c63ce333060e3","name":"Carmen Mora","image":{"@type":"ImageObject","inLanguage":"es","@id":"https:\/\/sites.cardenalcisneros.es\/ciudadarte\/#\/schema\/person\/image\/","url":"https:\/\/secure.gravatar.com\/avatar\/c5cfbe20cb704f6cf8cb8ed658cdb431?s=96&d=mm&r=g","contentUrl":"https:\/\/secure.gravatar.com\/avatar\/c5cfbe20cb704f6cf8cb8ed658cdb431?s=96&d=mm&r=g","caption":"Carmen Mora"},"url":"https:\/\/sites.cardenalcisneros.es\/ciudadarte\/index.php\/author\/carmenmora\/"}]}},"_links":{"self":[{"href":"https:\/\/sites.cardenalcisneros.es\/ciudadarte\/index.php\/wp-json\/wp\/v2\/posts\/233"}],"collection":[{"href":"https:\/\/sites.cardenalcisneros.es\/ciudadarte\/index.php\/wp-json\/wp\/v2\/posts"}],"about":[{"href":"https:\/\/sites.cardenalcisneros.es\/ciudadarte\/index.php\/wp-json\/wp\/v2\/types\/post"}],"author":[{"embeddable":true,"href":"https:\/\/sites.cardenalcisneros.es\/ciudadarte\/index.php\/wp-json\/wp\/v2\/users\/7"}],"replies":[{"embeddable":true,"href":"https:\/\/sites.cardenalcisneros.es\/ciudadarte\/index.php\/wp-json\/wp\/v2\/comments?post=233"}],"version-history":[{"count":0,"href":"https:\/\/sites.cardenalcisneros.es\/ciudadarte\/index.php\/wp-json\/wp\/v2\/posts\/233\/revisions"}],"wp:attachment":[{"href":"https:\/\/sites.cardenalcisneros.es\/ciudadarte\/index.php\/wp-json\/wp\/v2\/media?parent=233"}],"wp:term":[{"taxonomy":"category","embeddable":true,"href":"https:\/\/sites.cardenalcisneros.es\/ciudadarte\/index.php\/wp-json\/wp\/v2\/categories?post=233"},{"taxonomy":"post_tag","embeddable":true,"href":"https:\/\/sites.cardenalcisneros.es\/ciudadarte\/index.php\/wp-json\/wp\/v2\/tags?post=233"}],"curies":[{"name":"wp","href":"https:\/\/api.w.org\/{rel}","templated":true}]}}