{"id":2122,"date":"2012-05-13T23:46:39","date_gmt":"2012-05-13T21:46:39","guid":{"rendered":"http:\/\/sites.cardenalcisneros.es\/ciudadarte\/?p=2122"},"modified":"2012-05-13T23:46:39","modified_gmt":"2012-05-13T21:46:39","slug":"valencia-guedson-xix","status":"publish","type":"post","link":"https:\/\/sites.cardenalcisneros.es\/ciudadarte\/index.php\/2012\/05\/13\/valencia-guedson-xix\/","title":{"rendered":"VALENCIA (Alfred Guedson, siglo XIX)"},"content":{"rendered":"<p style=\"text-align: center\"><a href=\"http:\/\/1.bp.blogspot.com\/-UYt55S6ZWz4\/T2POwuqeyKI\/AAAAAAAAH1w\/EFRa14H63oo\/s1600\/29+Vista+aerea+Alfred+Guesdon+Puerta+Nueva.jpg\" target=\"_blank\"><img decoding=\"async\" loading=\"lazy\" class=\"aligncenter size-full wp-image-2703\" src=\"http:\/\/sites.cardenalcisneros.es\/ciudadarte\/wp-content\/uploads\/2012\/05\/An\u00e1lisis-de-un-Paisaje-Urbano-Valencia-Siglo-XIX2.jpg\" alt=\"\" width=\"618\" height=\"462\" \/><\/a><\/p>\n<p style=\"text-align: justify\"><span style=\"color: #000000\">La ciudad de Valencia, fundada\u00a0por\u00a0los romanos, est\u00e1 emplazada justo a la orilla del r\u00edo Turia para el aprovechamiento del agua del mismo. Aunque se conservan algunos aspectos de su trazado original romano, su morfolog\u00eda es irregular, con calles estrechas caracter\u00edsticas de una ciudad medieval \u00e1rabe,\u00a0y est\u00e1 rodeada por una muralla. Todo ello puede apreciarse en este dibujo de Alfred Guesdon, realizado a mediados del siglo XIX a partir de una fotograf\u00eda a\u00e9rea tomada por Clifford desde un globo aerost\u00e1tico.<\/span><\/p>\n<p style=\"text-align: justify\"><span style=\"color: #000000\">La estructura de la ciudad giraba alrededor de dos plazas, que solo esaban separadas por\u00a0una peque\u00f1a calle. En una de ellas se encuentra la Catedral de Valencia con su famosa torre, llamada el <em>Miquelet<\/em>. La otra plaza, donde se encuentra\u00a0el otro gran monumento hist\u00f3rico, es la que alberga la Bas\u00edlica de la Nuestra Se\u00f1ora de los Desamparados, patrona de la ciudad. Cabe destacar que la estructura de Valencia gira en torno a estos\u00a0dos edificios religiosos, lo que al igual que en muchas otras ciudades destaca el car\u00e1cter religioso de la sociedad en el pasado.<\/span><\/p>\n<p style=\"text-align: justify\"><span style=\"color: #000000\">Podemos observar que al otro lado de la muralla y en la misma linde del r\u00edo en la cual se encuentra emplazada Valencia, existen unas extensas tierras que anteriormente serv\u00edan para la labranza y el cultivo. En 1858 esta zona sirvi\u00f3 de emplazamiento al ensanche de Valencia. El Proyecto General del Ensanche de la Ciudad de Valencia fue realizado por los arquitectos Sebasti\u00e1n Monle\u00f3n Estell\u00e9s, Antonino Sancho\u00a0y\u00a0Timoteo Calvo.<\/span><\/p>\n<p style=\"text-align: justify\"><span style=\"color: #000000\">En la esquina inferior derecha de la imagen podemos encontrar una f\u00e1brica, que\u00a0constituye un\u00a0s\u00edmbolo de la industrializaci\u00f3n de Valencia, tard\u00eda al igual que en el resto del pa\u00eds.\u00a0El avance de la\u00a0econom\u00eda fabril\u00a0y el crecimiento de la poblaci\u00f3n llev\u00f3 al derrumbe de gran parte de las murallas para facilitar la ampliaci\u00f3n de la misma. Esta industrializaci\u00f3n estuvo ligada\u00a0inicialmente al sector del textil y continu\u00f3 hasta la d\u00e9cada de los setenta del siglo XX, diversific\u00e1ndose\u00a0en otras \u00e1reas como la alimentaci\u00f3n, el calzado, la automoci\u00f3n y los servicios portuarios, entre otras.<\/span><\/p>\n<p style=\"text-align: justify\"><span style=\"color: #000000\">Comparando esta imagen de la ciudad con la imagen actual, podr\u00edamos visualizar grandes e importantes cambios, como la construcci\u00f3n de un nuevo puerto mar\u00edtimo, la desviaci\u00f3n del cauce del Turia para la ampliaci\u00f3n de la ciudad,\u00a0y la\u00a0construcci\u00f3n de nuevos espacios urbanizados como la Ciudad de las Artes y las Ciencias, erigida precisamente sobre el antiguo cauce del r\u00edo.\u00a0<\/span><\/p>\n<p>Juan Pedro Bernal Melench\u00f3n<br \/>\n&nbsp;<\/p>\n","protected":false},"excerpt":{"rendered":"<p>La ciudad de Valencia, fundada\u00a0por\u00a0los romanos, est\u00e1 emplazada justo a la orilla del r\u00edo Turia para el aprovechamiento del agua del mismo. Aunque se conservan algunos aspectos de su trazado original romano, su morfolog\u00eda es irregular, con calles estrechas caracter\u00edsticas de una ciudad medieval \u00e1rabe,\u00a0y est\u00e1 rodeada por una muralla. Todo ello puede apreciarse en [&hellip;]<\/p>\n","protected":false},"author":76,"featured_media":0,"comment_status":"open","ping_status":"open","sticky":false,"template":"","format":"standard","meta":[],"categories":[1],"tags":[212],"yoast_head":"<!-- This site is optimized with the Yoast SEO plugin v20.7 - https:\/\/yoast.com\/wordpress\/plugins\/seo\/ -->\n<title>VALENCIA (Alfred Guedson, siglo XIX) - La Ciudad en el Arte<\/title>\n<meta name=\"robots\" content=\"index, follow, max-snippet:-1, max-image-preview:large, max-video-preview:-1\" \/>\n<link rel=\"canonical\" href=\"https:\/\/sites.cardenalcisneros.es\/ciudadarte\/index.php\/2012\/05\/13\/valencia-guedson-xix\/\" \/>\n<meta property=\"og:locale\" content=\"es_ES\" \/>\n<meta property=\"og:type\" content=\"article\" \/>\n<meta property=\"og:title\" content=\"VALENCIA (Alfred Guedson, siglo XIX) - La Ciudad en el Arte\" \/>\n<meta property=\"og:description\" content=\"La ciudad de Valencia, fundada\u00a0por\u00a0los romanos, est\u00e1 emplazada justo a la orilla del r\u00edo Turia para el aprovechamiento del agua del mismo. Aunque se conservan algunos aspectos de su trazado original romano, su morfolog\u00eda es irregular, con calles estrechas caracter\u00edsticas de una ciudad medieval \u00e1rabe,\u00a0y est\u00e1 rodeada por una muralla. Todo ello puede apreciarse en [&hellip;]\" \/>\n<meta property=\"og:url\" content=\"https:\/\/sites.cardenalcisneros.es\/ciudadarte\/index.php\/2012\/05\/13\/valencia-guedson-xix\/\" \/>\n<meta property=\"og:site_name\" content=\"La Ciudad en el Arte\" \/>\n<meta property=\"article:published_time\" content=\"2012-05-13T21:46:39+00:00\" \/>\n<meta name=\"author\" content=\"juanpedrobernal\" \/>\n<meta name=\"twitter:card\" content=\"summary_large_image\" \/>\n<meta name=\"twitter:label1\" content=\"Escrito por\" \/>\n\t<meta name=\"twitter:data1\" content=\"juanpedrobernal\" \/>\n\t<meta name=\"twitter:label2\" content=\"Tiempo de lectura\" \/>\n\t<meta name=\"twitter:data2\" content=\"2 minutos\" \/>\n<script type=\"application\/ld+json\" class=\"yoast-schema-graph\">{\"@context\":\"https:\/\/schema.org\",\"@graph\":[{\"@type\":\"WebPage\",\"@id\":\"https:\/\/sites.cardenalcisneros.es\/ciudadarte\/index.php\/2012\/05\/13\/valencia-guedson-xix\/\",\"url\":\"https:\/\/sites.cardenalcisneros.es\/ciudadarte\/index.php\/2012\/05\/13\/valencia-guedson-xix\/\",\"name\":\"VALENCIA (Alfred Guedson, siglo XIX) - La Ciudad en el Arte\",\"isPartOf\":{\"@id\":\"https:\/\/sites.cardenalcisneros.es\/ciudadarte\/#website\"},\"datePublished\":\"2012-05-13T21:46:39+00:00\",\"dateModified\":\"2012-05-13T21:46:39+00:00\",\"author\":{\"@id\":\"https:\/\/sites.cardenalcisneros.es\/ciudadarte\/#\/schema\/person\/7c6f293e9c38c2671a8470b69cc4e613\"},\"breadcrumb\":{\"@id\":\"https:\/\/sites.cardenalcisneros.es\/ciudadarte\/index.php\/2012\/05\/13\/valencia-guedson-xix\/#breadcrumb\"},\"inLanguage\":\"es\",\"potentialAction\":[{\"@type\":\"ReadAction\",\"target\":[\"https:\/\/sites.cardenalcisneros.es\/ciudadarte\/index.php\/2012\/05\/13\/valencia-guedson-xix\/\"]}]},{\"@type\":\"BreadcrumbList\",\"@id\":\"https:\/\/sites.cardenalcisneros.es\/ciudadarte\/index.php\/2012\/05\/13\/valencia-guedson-xix\/#breadcrumb\",\"itemListElement\":[{\"@type\":\"ListItem\",\"position\":1,\"name\":\"Portada\",\"item\":\"https:\/\/sites.cardenalcisneros.es\/ciudadarte\/\"},{\"@type\":\"ListItem\",\"position\":2,\"name\":\"VALENCIA (Alfred Guedson, siglo XIX)\"}]},{\"@type\":\"WebSite\",\"@id\":\"https:\/\/sites.cardenalcisneros.es\/ciudadarte\/#website\",\"url\":\"https:\/\/sites.cardenalcisneros.es\/ciudadarte\/\",\"name\":\"La Ciudad en el Arte\",\"description\":\"Un blog colaborativo sobre Geograf\u00eda, Urbanismo, Historia y Arte\",\"potentialAction\":[{\"@type\":\"SearchAction\",\"target\":{\"@type\":\"EntryPoint\",\"urlTemplate\":\"https:\/\/sites.cardenalcisneros.es\/ciudadarte\/?s={search_term_string}\"},\"query-input\":\"required name=search_term_string\"}],\"inLanguage\":\"es\"},{\"@type\":\"Person\",\"@id\":\"https:\/\/sites.cardenalcisneros.es\/ciudadarte\/#\/schema\/person\/7c6f293e9c38c2671a8470b69cc4e613\",\"name\":\"juanpedrobernal\",\"image\":{\"@type\":\"ImageObject\",\"inLanguage\":\"es\",\"@id\":\"https:\/\/sites.cardenalcisneros.es\/ciudadarte\/#\/schema\/person\/image\/\",\"url\":\"https:\/\/secure.gravatar.com\/avatar\/26365edbcae3ec2f8f88709ad7467138?s=96&d=mm&r=g\",\"contentUrl\":\"https:\/\/secure.gravatar.com\/avatar\/26365edbcae3ec2f8f88709ad7467138?s=96&d=mm&r=g\",\"caption\":\"juanpedrobernal\"},\"url\":\"https:\/\/sites.cardenalcisneros.es\/ciudadarte\/index.php\/author\/juanpedrobernal\/\"}]}<\/script>\n<!-- \/ Yoast SEO plugin. -->","yoast_head_json":{"title":"VALENCIA (Alfred Guedson, siglo XIX) - La Ciudad en el Arte","robots":{"index":"index","follow":"follow","max-snippet":"max-snippet:-1","max-image-preview":"max-image-preview:large","max-video-preview":"max-video-preview:-1"},"canonical":"https:\/\/sites.cardenalcisneros.es\/ciudadarte\/index.php\/2012\/05\/13\/valencia-guedson-xix\/","og_locale":"es_ES","og_type":"article","og_title":"VALENCIA (Alfred Guedson, siglo XIX) - La Ciudad en el Arte","og_description":"La ciudad de Valencia, fundada\u00a0por\u00a0los romanos, est\u00e1 emplazada justo a la orilla del r\u00edo Turia para el aprovechamiento del agua del mismo. Aunque se conservan algunos aspectos de su trazado original romano, su morfolog\u00eda es irregular, con calles estrechas caracter\u00edsticas de una ciudad medieval \u00e1rabe,\u00a0y est\u00e1 rodeada por una muralla. Todo ello puede apreciarse en [&hellip;]","og_url":"https:\/\/sites.cardenalcisneros.es\/ciudadarte\/index.php\/2012\/05\/13\/valencia-guedson-xix\/","og_site_name":"La Ciudad en el Arte","article_published_time":"2012-05-13T21:46:39+00:00","author":"juanpedrobernal","twitter_card":"summary_large_image","twitter_misc":{"Escrito por":"juanpedrobernal","Tiempo de lectura":"2 minutos"},"schema":{"@context":"https:\/\/schema.org","@graph":[{"@type":"WebPage","@id":"https:\/\/sites.cardenalcisneros.es\/ciudadarte\/index.php\/2012\/05\/13\/valencia-guedson-xix\/","url":"https:\/\/sites.cardenalcisneros.es\/ciudadarte\/index.php\/2012\/05\/13\/valencia-guedson-xix\/","name":"VALENCIA (Alfred Guedson, siglo XIX) - La Ciudad en el Arte","isPartOf":{"@id":"https:\/\/sites.cardenalcisneros.es\/ciudadarte\/#website"},"datePublished":"2012-05-13T21:46:39+00:00","dateModified":"2012-05-13T21:46:39+00:00","author":{"@id":"https:\/\/sites.cardenalcisneros.es\/ciudadarte\/#\/schema\/person\/7c6f293e9c38c2671a8470b69cc4e613"},"breadcrumb":{"@id":"https:\/\/sites.cardenalcisneros.es\/ciudadarte\/index.php\/2012\/05\/13\/valencia-guedson-xix\/#breadcrumb"},"inLanguage":"es","potentialAction":[{"@type":"ReadAction","target":["https:\/\/sites.cardenalcisneros.es\/ciudadarte\/index.php\/2012\/05\/13\/valencia-guedson-xix\/"]}]},{"@type":"BreadcrumbList","@id":"https:\/\/sites.cardenalcisneros.es\/ciudadarte\/index.php\/2012\/05\/13\/valencia-guedson-xix\/#breadcrumb","itemListElement":[{"@type":"ListItem","position":1,"name":"Portada","item":"https:\/\/sites.cardenalcisneros.es\/ciudadarte\/"},{"@type":"ListItem","position":2,"name":"VALENCIA (Alfred Guedson, siglo XIX)"}]},{"@type":"WebSite","@id":"https:\/\/sites.cardenalcisneros.es\/ciudadarte\/#website","url":"https:\/\/sites.cardenalcisneros.es\/ciudadarte\/","name":"La Ciudad en el Arte","description":"Un blog colaborativo sobre Geograf\u00eda, Urbanismo, Historia y Arte","potentialAction":[{"@type":"SearchAction","target":{"@type":"EntryPoint","urlTemplate":"https:\/\/sites.cardenalcisneros.es\/ciudadarte\/?s={search_term_string}"},"query-input":"required name=search_term_string"}],"inLanguage":"es"},{"@type":"Person","@id":"https:\/\/sites.cardenalcisneros.es\/ciudadarte\/#\/schema\/person\/7c6f293e9c38c2671a8470b69cc4e613","name":"juanpedrobernal","image":{"@type":"ImageObject","inLanguage":"es","@id":"https:\/\/sites.cardenalcisneros.es\/ciudadarte\/#\/schema\/person\/image\/","url":"https:\/\/secure.gravatar.com\/avatar\/26365edbcae3ec2f8f88709ad7467138?s=96&d=mm&r=g","contentUrl":"https:\/\/secure.gravatar.com\/avatar\/26365edbcae3ec2f8f88709ad7467138?s=96&d=mm&r=g","caption":"juanpedrobernal"},"url":"https:\/\/sites.cardenalcisneros.es\/ciudadarte\/index.php\/author\/juanpedrobernal\/"}]}},"_links":{"self":[{"href":"https:\/\/sites.cardenalcisneros.es\/ciudadarte\/index.php\/wp-json\/wp\/v2\/posts\/2122"}],"collection":[{"href":"https:\/\/sites.cardenalcisneros.es\/ciudadarte\/index.php\/wp-json\/wp\/v2\/posts"}],"about":[{"href":"https:\/\/sites.cardenalcisneros.es\/ciudadarte\/index.php\/wp-json\/wp\/v2\/types\/post"}],"author":[{"embeddable":true,"href":"https:\/\/sites.cardenalcisneros.es\/ciudadarte\/index.php\/wp-json\/wp\/v2\/users\/76"}],"replies":[{"embeddable":true,"href":"https:\/\/sites.cardenalcisneros.es\/ciudadarte\/index.php\/wp-json\/wp\/v2\/comments?post=2122"}],"version-history":[{"count":0,"href":"https:\/\/sites.cardenalcisneros.es\/ciudadarte\/index.php\/wp-json\/wp\/v2\/posts\/2122\/revisions"}],"wp:attachment":[{"href":"https:\/\/sites.cardenalcisneros.es\/ciudadarte\/index.php\/wp-json\/wp\/v2\/media?parent=2122"}],"wp:term":[{"taxonomy":"category","embeddable":true,"href":"https:\/\/sites.cardenalcisneros.es\/ciudadarte\/index.php\/wp-json\/wp\/v2\/categories?post=2122"},{"taxonomy":"post_tag","embeddable":true,"href":"https:\/\/sites.cardenalcisneros.es\/ciudadarte\/index.php\/wp-json\/wp\/v2\/tags?post=2122"}],"curies":[{"name":"wp","href":"https:\/\/api.w.org\/{rel}","templated":true}]}}