{"id":1193,"date":"2012-05-11T23:45:12","date_gmt":"2012-05-11T21:45:12","guid":{"rendered":"http:\/\/sites.cardenalcisneros.es\/ciudadarte\/?p=1193"},"modified":"2012-05-11T23:45:12","modified_gmt":"2012-05-11T21:45:12","slug":"bellpuig-ernest-descals","status":"publish","type":"post","link":"https:\/\/sites.cardenalcisneros.es\/ciudadarte\/index.php\/2012\/05\/11\/bellpuig-ernest-descals\/","title":{"rendered":"BELLPUIG (Ernest Descals, siglo XX)"},"content":{"rendered":"<p style=\"text-align: center\"><a href=\"http:\/\/pictures.todocoleccion.net\/tc\/2009\/01\/20\/11532586.jpg\" target=\"_blank\"><img decoding=\"async\" loading=\"lazy\" class=\"size-full wp-image-1208\" src=\"http:\/\/sites.cardenalcisneros.es\/ciudadarte\/wp-content\/uploads\/2012\/05\/BELLPUIG13.jpg\" alt=\"\" width=\"566\" height=\"408\" \/><\/a><\/p>\n<p style=\"text-align: justify\">\u00a0<\/p>\n<p style=\"text-align: justify\"><span style=\"color: #000000\">Esta obra de Ernest Descals, pintor reconocido con diversos premios entre el siglo XX y XXI, es un oleo de una panor\u00e1mica de Bellpuig, en la que se muestran edificios muy importantes en la historia de la ciudad, como la iglesia o el castillo, adem\u00e1s de la agrupaci\u00f3n de casas.<\/span><\/p>\n<p style=\"text-align: justify\"><span style=\"color: #000000\">El castillo es tan importante en la historia de Belluig, porque en el cerro donde se encuentra, uno de los m\u00e1s altos, es donde naci\u00f3 este emplazamiento. All\u00ed comenz\u00f3 a construirse en el siglo XI un emplazamiento primitivo, rodeado por una muralla, que, seg\u00fan fue ampli\u00e1ndose este poblamiento, se fue extendiendo, hasta que en los siglos XVIII y XIX, se fueron derribando. Posteriormente, el castillo fue adaptado en el siglo XII para que los barones de Bellpuig lo usaran de residencia y, por \u00faltimo, se renov\u00f3 en 1472.<\/span><\/p>\n<p style=\"text-align: justify\"><span style=\"color: #000000\">La ciudad ha sufrido en momentos concretos crecimientos de poblaci\u00f3n tales, que se ha tenido que ampliar varias veces. Estas ampliaciones de la ciudad perdieron sus caracter\u00edsticas defensivas a partir del siglo XII. El siglo XVI, fue el de mayor prosperidad, construy\u00e9ndose el segundo edificio de m\u00e1s importancia para el lugar, la iglesia parroquial de San Nicol\u00e1s, adem\u00e1s de un hospital y el mausoleo. En esa \u00e9poca, los barones llevaron acabo un nuevo ensanche y, adem\u00e1s, ampliaron la muralla. El \u00faltimo ensanche en Bellpuig, se llev\u00f3 a cabo en el siglo XX y fue el barrio de la Estaci\u00f3n del ferrocarril.<\/span><\/p>\n<p style=\"text-align: justify\"><span style=\"color: #000000\">La econom\u00eda de este asentamiento siempre se ha basado en la tierra, siendo primero una econom\u00eda de subsistencia, por la ausencia de un mercado importante; y, m\u00e1s tarde, a mitad del siglo XX, al aumentar el nivel de vida se afianza el sector industrial y el sector primario. En cambio, el sector terciario no fue relevante en la zona hasta 1969, con la creaci\u00f3n de la Lonja Av\u00edcola Ganadera. Lo m\u00e1s destacable en su econom\u00eda es la agricultura, teniendo sus manzanas la etiqueta de denominaci\u00f3n de origen <em>Manzana Plana de l\u2019Urgell<\/em>.<\/span><\/p>\n<p style=\"text-align: justify\"><span style=\"color: #000000\">En cuanto a su morfolog\u00eda, Bellpuig se comunica con el resto de poblaciones por una red radial de caminos, ahora convertidos en carreteras. A pesar de esto, su trazado urbano es irregular y api\u00f1ado. En conclusi\u00f3n, dividir\u00edamos la estructura en: casco hist\u00f3rico, formado por las edificaciones alrededor del Castillo de los Barones y la iglesia parroquial de San Nicol\u00e1s; el ensanche del siglo XX y la l\u00ednea de fijaci\u00f3n, que ser\u00eda el r\u00edo Urgell, pero no se aprecia en la imagen.<\/span><\/p>\n<p>Mar\u00eda Rosa Eleno Elvira<\/p>\n","protected":false},"excerpt":{"rendered":"<p>\u00a0 Esta obra de Ernest Descals, pintor reconocido con diversos premios entre el siglo XX y XXI, es un oleo de una panor\u00e1mica de Bellpuig, en la que se muestran edificios muy importantes en la historia de la ciudad, como la iglesia o el castillo, adem\u00e1s de la agrupaci\u00f3n de casas. El castillo es tan [&hellip;]<\/p>\n","protected":false},"author":43,"featured_media":0,"comment_status":"open","ping_status":"open","sticky":false,"template":"","format":"standard","meta":[],"categories":[1],"tags":[28],"yoast_head":"<!-- This site is optimized with the Yoast SEO plugin v20.7 - https:\/\/yoast.com\/wordpress\/plugins\/seo\/ -->\n<title>BELLPUIG (Ernest Descals, siglo XX) - La Ciudad en el Arte<\/title>\n<meta name=\"robots\" content=\"index, follow, max-snippet:-1, max-image-preview:large, max-video-preview:-1\" \/>\n<link rel=\"canonical\" href=\"https:\/\/sites.cardenalcisneros.es\/ciudadarte\/index.php\/2012\/05\/11\/bellpuig-ernest-descals\/\" \/>\n<meta property=\"og:locale\" content=\"es_ES\" \/>\n<meta property=\"og:type\" content=\"article\" \/>\n<meta property=\"og:title\" content=\"BELLPUIG (Ernest Descals, siglo XX) - La Ciudad en el Arte\" \/>\n<meta property=\"og:description\" content=\"\u00a0 Esta obra de Ernest Descals, pintor reconocido con diversos premios entre el siglo XX y XXI, es un oleo de una panor\u00e1mica de Bellpuig, en la que se muestran edificios muy importantes en la historia de la ciudad, como la iglesia o el castillo, adem\u00e1s de la agrupaci\u00f3n de casas. El castillo es tan [&hellip;]\" \/>\n<meta property=\"og:url\" content=\"https:\/\/sites.cardenalcisneros.es\/ciudadarte\/index.php\/2012\/05\/11\/bellpuig-ernest-descals\/\" \/>\n<meta property=\"og:site_name\" content=\"La Ciudad en el Arte\" \/>\n<meta property=\"article:published_time\" content=\"2012-05-11T21:45:12+00:00\" \/>\n<meta property=\"og:image\" content=\"http:\/\/sites.cardenalcisneros.es\/ciudadarte\/wp-content\/uploads\/2012\/05\/BELLPUIG13.jpg\" \/>\n<meta name=\"author\" content=\"M\u00aa Rosa Eleno Elvira\" \/>\n<meta name=\"twitter:card\" content=\"summary_large_image\" \/>\n<meta name=\"twitter:label1\" content=\"Escrito por\" \/>\n\t<meta name=\"twitter:data1\" content=\"M\u00aa Rosa Eleno Elvira\" \/>\n\t<meta name=\"twitter:label2\" content=\"Tiempo de lectura\" \/>\n\t<meta name=\"twitter:data2\" content=\"2 minutos\" \/>\n<script type=\"application\/ld+json\" class=\"yoast-schema-graph\">{\"@context\":\"https:\/\/schema.org\",\"@graph\":[{\"@type\":\"WebPage\",\"@id\":\"https:\/\/sites.cardenalcisneros.es\/ciudadarte\/index.php\/2012\/05\/11\/bellpuig-ernest-descals\/\",\"url\":\"https:\/\/sites.cardenalcisneros.es\/ciudadarte\/index.php\/2012\/05\/11\/bellpuig-ernest-descals\/\",\"name\":\"BELLPUIG (Ernest Descals, siglo XX) - La Ciudad en el Arte\",\"isPartOf\":{\"@id\":\"https:\/\/sites.cardenalcisneros.es\/ciudadarte\/#website\"},\"datePublished\":\"2012-05-11T21:45:12+00:00\",\"dateModified\":\"2012-05-11T21:45:12+00:00\",\"author\":{\"@id\":\"https:\/\/sites.cardenalcisneros.es\/ciudadarte\/#\/schema\/person\/545360675ec0783654f9f05883b14e74\"},\"breadcrumb\":{\"@id\":\"https:\/\/sites.cardenalcisneros.es\/ciudadarte\/index.php\/2012\/05\/11\/bellpuig-ernest-descals\/#breadcrumb\"},\"inLanguage\":\"es\",\"potentialAction\":[{\"@type\":\"ReadAction\",\"target\":[\"https:\/\/sites.cardenalcisneros.es\/ciudadarte\/index.php\/2012\/05\/11\/bellpuig-ernest-descals\/\"]}]},{\"@type\":\"BreadcrumbList\",\"@id\":\"https:\/\/sites.cardenalcisneros.es\/ciudadarte\/index.php\/2012\/05\/11\/bellpuig-ernest-descals\/#breadcrumb\",\"itemListElement\":[{\"@type\":\"ListItem\",\"position\":1,\"name\":\"Portada\",\"item\":\"https:\/\/sites.cardenalcisneros.es\/ciudadarte\/\"},{\"@type\":\"ListItem\",\"position\":2,\"name\":\"BELLPUIG (Ernest Descals, siglo XX)\"}]},{\"@type\":\"WebSite\",\"@id\":\"https:\/\/sites.cardenalcisneros.es\/ciudadarte\/#website\",\"url\":\"https:\/\/sites.cardenalcisneros.es\/ciudadarte\/\",\"name\":\"La Ciudad en el Arte\",\"description\":\"Un blog colaborativo sobre Geograf\u00eda, Urbanismo, Historia y Arte\",\"potentialAction\":[{\"@type\":\"SearchAction\",\"target\":{\"@type\":\"EntryPoint\",\"urlTemplate\":\"https:\/\/sites.cardenalcisneros.es\/ciudadarte\/?s={search_term_string}\"},\"query-input\":\"required name=search_term_string\"}],\"inLanguage\":\"es\"},{\"@type\":\"Person\",\"@id\":\"https:\/\/sites.cardenalcisneros.es\/ciudadarte\/#\/schema\/person\/545360675ec0783654f9f05883b14e74\",\"name\":\"M\u00aa Rosa Eleno Elvira\",\"image\":{\"@type\":\"ImageObject\",\"inLanguage\":\"es\",\"@id\":\"https:\/\/sites.cardenalcisneros.es\/ciudadarte\/#\/schema\/person\/image\/\",\"url\":\"https:\/\/secure.gravatar.com\/avatar\/604451ea4460d064ec4860a2072afd0f?s=96&d=mm&r=g\",\"contentUrl\":\"https:\/\/secure.gravatar.com\/avatar\/604451ea4460d064ec4860a2072afd0f?s=96&d=mm&r=g\",\"caption\":\"M\u00aa Rosa Eleno Elvira\"},\"url\":\"https:\/\/sites.cardenalcisneros.es\/ciudadarte\/index.php\/author\/mariarosaedumovil\/\"}]}<\/script>\n<!-- \/ Yoast SEO plugin. -->","yoast_head_json":{"title":"BELLPUIG (Ernest Descals, siglo XX) - La Ciudad en el Arte","robots":{"index":"index","follow":"follow","max-snippet":"max-snippet:-1","max-image-preview":"max-image-preview:large","max-video-preview":"max-video-preview:-1"},"canonical":"https:\/\/sites.cardenalcisneros.es\/ciudadarte\/index.php\/2012\/05\/11\/bellpuig-ernest-descals\/","og_locale":"es_ES","og_type":"article","og_title":"BELLPUIG (Ernest Descals, siglo XX) - La Ciudad en el Arte","og_description":"\u00a0 Esta obra de Ernest Descals, pintor reconocido con diversos premios entre el siglo XX y XXI, es un oleo de una panor\u00e1mica de Bellpuig, en la que se muestran edificios muy importantes en la historia de la ciudad, como la iglesia o el castillo, adem\u00e1s de la agrupaci\u00f3n de casas. El castillo es tan [&hellip;]","og_url":"https:\/\/sites.cardenalcisneros.es\/ciudadarte\/index.php\/2012\/05\/11\/bellpuig-ernest-descals\/","og_site_name":"La Ciudad en el Arte","article_published_time":"2012-05-11T21:45:12+00:00","og_image":[{"url":"http:\/\/sites.cardenalcisneros.es\/ciudadarte\/wp-content\/uploads\/2012\/05\/BELLPUIG13.jpg"}],"author":"M\u00aa Rosa Eleno Elvira","twitter_card":"summary_large_image","twitter_misc":{"Escrito por":"M\u00aa Rosa Eleno Elvira","Tiempo de lectura":"2 minutos"},"schema":{"@context":"https:\/\/schema.org","@graph":[{"@type":"WebPage","@id":"https:\/\/sites.cardenalcisneros.es\/ciudadarte\/index.php\/2012\/05\/11\/bellpuig-ernest-descals\/","url":"https:\/\/sites.cardenalcisneros.es\/ciudadarte\/index.php\/2012\/05\/11\/bellpuig-ernest-descals\/","name":"BELLPUIG (Ernest Descals, siglo XX) - La Ciudad en el Arte","isPartOf":{"@id":"https:\/\/sites.cardenalcisneros.es\/ciudadarte\/#website"},"datePublished":"2012-05-11T21:45:12+00:00","dateModified":"2012-05-11T21:45:12+00:00","author":{"@id":"https:\/\/sites.cardenalcisneros.es\/ciudadarte\/#\/schema\/person\/545360675ec0783654f9f05883b14e74"},"breadcrumb":{"@id":"https:\/\/sites.cardenalcisneros.es\/ciudadarte\/index.php\/2012\/05\/11\/bellpuig-ernest-descals\/#breadcrumb"},"inLanguage":"es","potentialAction":[{"@type":"ReadAction","target":["https:\/\/sites.cardenalcisneros.es\/ciudadarte\/index.php\/2012\/05\/11\/bellpuig-ernest-descals\/"]}]},{"@type":"BreadcrumbList","@id":"https:\/\/sites.cardenalcisneros.es\/ciudadarte\/index.php\/2012\/05\/11\/bellpuig-ernest-descals\/#breadcrumb","itemListElement":[{"@type":"ListItem","position":1,"name":"Portada","item":"https:\/\/sites.cardenalcisneros.es\/ciudadarte\/"},{"@type":"ListItem","position":2,"name":"BELLPUIG (Ernest Descals, siglo XX)"}]},{"@type":"WebSite","@id":"https:\/\/sites.cardenalcisneros.es\/ciudadarte\/#website","url":"https:\/\/sites.cardenalcisneros.es\/ciudadarte\/","name":"La Ciudad en el Arte","description":"Un blog colaborativo sobre Geograf\u00eda, Urbanismo, Historia y Arte","potentialAction":[{"@type":"SearchAction","target":{"@type":"EntryPoint","urlTemplate":"https:\/\/sites.cardenalcisneros.es\/ciudadarte\/?s={search_term_string}"},"query-input":"required name=search_term_string"}],"inLanguage":"es"},{"@type":"Person","@id":"https:\/\/sites.cardenalcisneros.es\/ciudadarte\/#\/schema\/person\/545360675ec0783654f9f05883b14e74","name":"M\u00aa Rosa Eleno Elvira","image":{"@type":"ImageObject","inLanguage":"es","@id":"https:\/\/sites.cardenalcisneros.es\/ciudadarte\/#\/schema\/person\/image\/","url":"https:\/\/secure.gravatar.com\/avatar\/604451ea4460d064ec4860a2072afd0f?s=96&d=mm&r=g","contentUrl":"https:\/\/secure.gravatar.com\/avatar\/604451ea4460d064ec4860a2072afd0f?s=96&d=mm&r=g","caption":"M\u00aa Rosa Eleno Elvira"},"url":"https:\/\/sites.cardenalcisneros.es\/ciudadarte\/index.php\/author\/mariarosaedumovil\/"}]}},"_links":{"self":[{"href":"https:\/\/sites.cardenalcisneros.es\/ciudadarte\/index.php\/wp-json\/wp\/v2\/posts\/1193"}],"collection":[{"href":"https:\/\/sites.cardenalcisneros.es\/ciudadarte\/index.php\/wp-json\/wp\/v2\/posts"}],"about":[{"href":"https:\/\/sites.cardenalcisneros.es\/ciudadarte\/index.php\/wp-json\/wp\/v2\/types\/post"}],"author":[{"embeddable":true,"href":"https:\/\/sites.cardenalcisneros.es\/ciudadarte\/index.php\/wp-json\/wp\/v2\/users\/43"}],"replies":[{"embeddable":true,"href":"https:\/\/sites.cardenalcisneros.es\/ciudadarte\/index.php\/wp-json\/wp\/v2\/comments?post=1193"}],"version-history":[{"count":0,"href":"https:\/\/sites.cardenalcisneros.es\/ciudadarte\/index.php\/wp-json\/wp\/v2\/posts\/1193\/revisions"}],"wp:attachment":[{"href":"https:\/\/sites.cardenalcisneros.es\/ciudadarte\/index.php\/wp-json\/wp\/v2\/media?parent=1193"}],"wp:term":[{"taxonomy":"category","embeddable":true,"href":"https:\/\/sites.cardenalcisneros.es\/ciudadarte\/index.php\/wp-json\/wp\/v2\/categories?post=1193"},{"taxonomy":"post_tag","embeddable":true,"href":"https:\/\/sites.cardenalcisneros.es\/ciudadarte\/index.php\/wp-json\/wp\/v2\/tags?post=1193"}],"curies":[{"name":"wp","href":"https:\/\/api.w.org\/{rel}","templated":true}]}}