{"id":1096,"date":"2012-05-11T21:59:28","date_gmt":"2012-05-11T19:59:28","guid":{"rendered":"http:\/\/sites.cardenalcisneros.es\/ciudadarte\/?p=1096"},"modified":"2012-05-11T21:59:28","modified_gmt":"2012-05-11T19:59:28","slug":"berga-ernest-descals","status":"publish","type":"post","link":"https:\/\/sites.cardenalcisneros.es\/ciudadarte\/index.php\/2012\/05\/11\/berga-ernest-descals\/","title":{"rendered":"BERGA (Ernest Descals, siglo XX)"},"content":{"rendered":"<p><a href=\"http:\/\/www.flickr.com\/photos\/ernest_descals\/5046818298\/lightbox\/\" target=\"_blank\"><img decoding=\"async\" loading=\"lazy\" class=\"size-full wp-image-1099 aligncenter\" src=\"http:\/\/sites.cardenalcisneros.es\/ciudadarte\/wp-content\/uploads\/2012\/05\/diapositiva-de-geo2.gif\" alt=\"\" width=\"599\" height=\"439\" \/><\/a><\/p>\n<p style=\"text-align: justify\"><span style=\"color: #000000\">La ciudad analizada es Berga, en la provincia de Barcelona. Esta ciudad se encuentra entre\u00a0 la Depresi\u00f3n Catalana y el Pirineo, muy bien protegida de los vientos por la monta\u00f1a de Queralt y ciudad cercana al r\u00edo de Llobregat. Hay que destacar que se ha convertido en un centro de inter\u00e9s cultural y en una importante red de comunicaci\u00f3n. <\/span><\/p>\n<p style=\"text-align: justify\"><span style=\"color: #000000\">Berga presenta un plano radial, es decir a partir de un monumento importante, en este caso la iglesia de San Juan de Berga, nos encontramos la mayor\u00eda de las calles m\u00e1s importantes de esta ciudad. En esta imagen podemos ver una de las calles m\u00e1s transitadas de la ciudad ya sea por las personas o turistas como inter\u00e9s cultural o por los transportes p\u00fablicos, como parte de la red interurbana que conecta dicha ciudad con Manresa. El elemento m\u00e1s\u00a0llamativo de esta imagen lo encontramos al fondo y es la iglesia de San Juan de Berga, monumento situado en el punto m\u00e1s alto de la ciudad, que se\u00a0corresponde con el centro de la poblaci\u00f3n. Es un edificio construido en el siglo XIII con varias modificaciones posteriores. Una de ellas corresponde a\u00a0su nave\u00a0principal, cuya reconstrucci\u00f3n se hizo en el\u00a0siglo XV, y despu\u00e9s fue cubierta con una b\u00f3veda del\u00a0siglo XVIII. La otra nave que conforma la iglesia pertenece a un templo anterior a \u00e9sta. Posee un extraordinario capitel rom\u00e1nico tallado con las caras de varias aves. El campanario que podemos observar es de\u00a0estilo rom\u00e1nico. <\/span><\/p>\n<p style=\"text-align: justify\"><span style=\"color: #000000\">Podemos ver c\u00f3mo alrededor de la\u00a0v\u00eda principal, denominada Calle Mayor o <em>Carrer Major<\/em>, hay\u00a0varios edificios de funci\u00f3n comercial, ya que se trata de\u00a0la calle\u00a0donde se encuentran la mayor\u00eda de la tiendas. En la parte derecha de la imagen podemos ver una tienda con el toldo estirado, se\u00f1al de que\u00a0a\u00fan se encontraba activa en el momento en el que se realiz\u00f3 la pintura. Adem\u00e1s de eso encontramos multitud de bloques de altura media, as\u00ed como\u00a0calles de dimensiones reducidas, como se aprecia en la parte derecha de la pintura, lo que indica que la funci\u00f3n principal de esta zona no es residencial. <\/span><\/p>\n<p style=\"text-align: justify\"><span style=\"color: #000000\">Para concluir, decir que la funci\u00f3n principal de esta pintura al \u00f3leo de Ernst Descals es representar la funci\u00f3n comercial y tur\u00edstica del casco antiguo de la ciudad de Berga en Barcelona.<\/span><\/p>\n<p style=\"text-align: justify\">Estefan\u00eda Ruiz Rodr\u00edguez<\/p>\n<p style=\"text-align: justify\">\u00a0<\/p>\n","protected":false},"excerpt":{"rendered":"<p>La ciudad analizada es Berga, en la provincia de Barcelona. Esta ciudad se encuentra entre\u00a0 la Depresi\u00f3n Catalana y el Pirineo, muy bien protegida de los vientos por la monta\u00f1a de Queralt y ciudad cercana al r\u00edo de Llobregat. Hay que destacar que se ha convertido en un centro de inter\u00e9s cultural y en una [&hellip;]<\/p>\n","protected":false},"author":40,"featured_media":0,"comment_status":"open","ping_status":"open","sticky":false,"template":"","format":"standard","meta":[],"categories":[1],"tags":[30],"yoast_head":"<!-- This site is optimized with the Yoast SEO plugin v20.7 - https:\/\/yoast.com\/wordpress\/plugins\/seo\/ -->\n<title>BERGA (Ernest Descals, siglo XX) - La Ciudad en el Arte<\/title>\n<meta name=\"robots\" content=\"index, follow, max-snippet:-1, max-image-preview:large, max-video-preview:-1\" \/>\n<link rel=\"canonical\" href=\"https:\/\/sites.cardenalcisneros.es\/ciudadarte\/index.php\/2012\/05\/11\/berga-ernest-descals\/\" \/>\n<meta property=\"og:locale\" content=\"es_ES\" \/>\n<meta property=\"og:type\" content=\"article\" \/>\n<meta property=\"og:title\" content=\"BERGA (Ernest Descals, siglo XX) - La Ciudad en el Arte\" \/>\n<meta property=\"og:description\" content=\"La ciudad analizada es Berga, en la provincia de Barcelona. Esta ciudad se encuentra entre\u00a0 la Depresi\u00f3n Catalana y el Pirineo, muy bien protegida de los vientos por la monta\u00f1a de Queralt y ciudad cercana al r\u00edo de Llobregat. Hay que destacar que se ha convertido en un centro de inter\u00e9s cultural y en una [&hellip;]\" \/>\n<meta property=\"og:url\" content=\"https:\/\/sites.cardenalcisneros.es\/ciudadarte\/index.php\/2012\/05\/11\/berga-ernest-descals\/\" \/>\n<meta property=\"og:site_name\" content=\"La Ciudad en el Arte\" \/>\n<meta property=\"article:published_time\" content=\"2012-05-11T19:59:28+00:00\" \/>\n<meta property=\"og:image\" content=\"http:\/\/sites.cardenalcisneros.es\/ciudadarte\/wp-content\/uploads\/2012\/05\/diapositiva-de-geo2.gif\" \/>\n<meta name=\"author\" content=\"estefaniaruiz\" \/>\n<meta name=\"twitter:card\" content=\"summary_large_image\" \/>\n<meta name=\"twitter:label1\" content=\"Escrito por\" \/>\n\t<meta name=\"twitter:data1\" content=\"estefaniaruiz\" \/>\n\t<meta name=\"twitter:label2\" content=\"Tiempo de lectura\" \/>\n\t<meta name=\"twitter:data2\" content=\"2 minutos\" \/>\n<script type=\"application\/ld+json\" class=\"yoast-schema-graph\">{\"@context\":\"https:\/\/schema.org\",\"@graph\":[{\"@type\":\"WebPage\",\"@id\":\"https:\/\/sites.cardenalcisneros.es\/ciudadarte\/index.php\/2012\/05\/11\/berga-ernest-descals\/\",\"url\":\"https:\/\/sites.cardenalcisneros.es\/ciudadarte\/index.php\/2012\/05\/11\/berga-ernest-descals\/\",\"name\":\"BERGA (Ernest Descals, siglo XX) - La Ciudad en el Arte\",\"isPartOf\":{\"@id\":\"https:\/\/sites.cardenalcisneros.es\/ciudadarte\/#website\"},\"datePublished\":\"2012-05-11T19:59:28+00:00\",\"dateModified\":\"2012-05-11T19:59:28+00:00\",\"author\":{\"@id\":\"https:\/\/sites.cardenalcisneros.es\/ciudadarte\/#\/schema\/person\/d36594a68589e3455565733eaacba828\"},\"breadcrumb\":{\"@id\":\"https:\/\/sites.cardenalcisneros.es\/ciudadarte\/index.php\/2012\/05\/11\/berga-ernest-descals\/#breadcrumb\"},\"inLanguage\":\"es\",\"potentialAction\":[{\"@type\":\"ReadAction\",\"target\":[\"https:\/\/sites.cardenalcisneros.es\/ciudadarte\/index.php\/2012\/05\/11\/berga-ernest-descals\/\"]}]},{\"@type\":\"BreadcrumbList\",\"@id\":\"https:\/\/sites.cardenalcisneros.es\/ciudadarte\/index.php\/2012\/05\/11\/berga-ernest-descals\/#breadcrumb\",\"itemListElement\":[{\"@type\":\"ListItem\",\"position\":1,\"name\":\"Portada\",\"item\":\"https:\/\/sites.cardenalcisneros.es\/ciudadarte\/\"},{\"@type\":\"ListItem\",\"position\":2,\"name\":\"BERGA (Ernest Descals, siglo XX)\"}]},{\"@type\":\"WebSite\",\"@id\":\"https:\/\/sites.cardenalcisneros.es\/ciudadarte\/#website\",\"url\":\"https:\/\/sites.cardenalcisneros.es\/ciudadarte\/\",\"name\":\"La Ciudad en el Arte\",\"description\":\"Un blog colaborativo sobre Geograf\u00eda, Urbanismo, Historia y Arte\",\"potentialAction\":[{\"@type\":\"SearchAction\",\"target\":{\"@type\":\"EntryPoint\",\"urlTemplate\":\"https:\/\/sites.cardenalcisneros.es\/ciudadarte\/?s={search_term_string}\"},\"query-input\":\"required name=search_term_string\"}],\"inLanguage\":\"es\"},{\"@type\":\"Person\",\"@id\":\"https:\/\/sites.cardenalcisneros.es\/ciudadarte\/#\/schema\/person\/d36594a68589e3455565733eaacba828\",\"name\":\"estefaniaruiz\",\"image\":{\"@type\":\"ImageObject\",\"inLanguage\":\"es\",\"@id\":\"https:\/\/sites.cardenalcisneros.es\/ciudadarte\/#\/schema\/person\/image\/\",\"url\":\"https:\/\/secure.gravatar.com\/avatar\/a784fca4a327bc6dcb8b6b832e232fc6?s=96&d=mm&r=g\",\"contentUrl\":\"https:\/\/secure.gravatar.com\/avatar\/a784fca4a327bc6dcb8b6b832e232fc6?s=96&d=mm&r=g\",\"caption\":\"estefaniaruiz\"},\"url\":\"https:\/\/sites.cardenalcisneros.es\/ciudadarte\/index.php\/author\/estefaniaruiz\/\"}]}<\/script>\n<!-- \/ Yoast SEO plugin. -->","yoast_head_json":{"title":"BERGA (Ernest Descals, siglo XX) - La Ciudad en el Arte","robots":{"index":"index","follow":"follow","max-snippet":"max-snippet:-1","max-image-preview":"max-image-preview:large","max-video-preview":"max-video-preview:-1"},"canonical":"https:\/\/sites.cardenalcisneros.es\/ciudadarte\/index.php\/2012\/05\/11\/berga-ernest-descals\/","og_locale":"es_ES","og_type":"article","og_title":"BERGA (Ernest Descals, siglo XX) - La Ciudad en el Arte","og_description":"La ciudad analizada es Berga, en la provincia de Barcelona. Esta ciudad se encuentra entre\u00a0 la Depresi\u00f3n Catalana y el Pirineo, muy bien protegida de los vientos por la monta\u00f1a de Queralt y ciudad cercana al r\u00edo de Llobregat. Hay que destacar que se ha convertido en un centro de inter\u00e9s cultural y en una [&hellip;]","og_url":"https:\/\/sites.cardenalcisneros.es\/ciudadarte\/index.php\/2012\/05\/11\/berga-ernest-descals\/","og_site_name":"La Ciudad en el Arte","article_published_time":"2012-05-11T19:59:28+00:00","og_image":[{"url":"http:\/\/sites.cardenalcisneros.es\/ciudadarte\/wp-content\/uploads\/2012\/05\/diapositiva-de-geo2.gif"}],"author":"estefaniaruiz","twitter_card":"summary_large_image","twitter_misc":{"Escrito por":"estefaniaruiz","Tiempo de lectura":"2 minutos"},"schema":{"@context":"https:\/\/schema.org","@graph":[{"@type":"WebPage","@id":"https:\/\/sites.cardenalcisneros.es\/ciudadarte\/index.php\/2012\/05\/11\/berga-ernest-descals\/","url":"https:\/\/sites.cardenalcisneros.es\/ciudadarte\/index.php\/2012\/05\/11\/berga-ernest-descals\/","name":"BERGA (Ernest Descals, siglo XX) - La Ciudad en el Arte","isPartOf":{"@id":"https:\/\/sites.cardenalcisneros.es\/ciudadarte\/#website"},"datePublished":"2012-05-11T19:59:28+00:00","dateModified":"2012-05-11T19:59:28+00:00","author":{"@id":"https:\/\/sites.cardenalcisneros.es\/ciudadarte\/#\/schema\/person\/d36594a68589e3455565733eaacba828"},"breadcrumb":{"@id":"https:\/\/sites.cardenalcisneros.es\/ciudadarte\/index.php\/2012\/05\/11\/berga-ernest-descals\/#breadcrumb"},"inLanguage":"es","potentialAction":[{"@type":"ReadAction","target":["https:\/\/sites.cardenalcisneros.es\/ciudadarte\/index.php\/2012\/05\/11\/berga-ernest-descals\/"]}]},{"@type":"BreadcrumbList","@id":"https:\/\/sites.cardenalcisneros.es\/ciudadarte\/index.php\/2012\/05\/11\/berga-ernest-descals\/#breadcrumb","itemListElement":[{"@type":"ListItem","position":1,"name":"Portada","item":"https:\/\/sites.cardenalcisneros.es\/ciudadarte\/"},{"@type":"ListItem","position":2,"name":"BERGA (Ernest Descals, siglo XX)"}]},{"@type":"WebSite","@id":"https:\/\/sites.cardenalcisneros.es\/ciudadarte\/#website","url":"https:\/\/sites.cardenalcisneros.es\/ciudadarte\/","name":"La Ciudad en el Arte","description":"Un blog colaborativo sobre Geograf\u00eda, Urbanismo, Historia y Arte","potentialAction":[{"@type":"SearchAction","target":{"@type":"EntryPoint","urlTemplate":"https:\/\/sites.cardenalcisneros.es\/ciudadarte\/?s={search_term_string}"},"query-input":"required name=search_term_string"}],"inLanguage":"es"},{"@type":"Person","@id":"https:\/\/sites.cardenalcisneros.es\/ciudadarte\/#\/schema\/person\/d36594a68589e3455565733eaacba828","name":"estefaniaruiz","image":{"@type":"ImageObject","inLanguage":"es","@id":"https:\/\/sites.cardenalcisneros.es\/ciudadarte\/#\/schema\/person\/image\/","url":"https:\/\/secure.gravatar.com\/avatar\/a784fca4a327bc6dcb8b6b832e232fc6?s=96&d=mm&r=g","contentUrl":"https:\/\/secure.gravatar.com\/avatar\/a784fca4a327bc6dcb8b6b832e232fc6?s=96&d=mm&r=g","caption":"estefaniaruiz"},"url":"https:\/\/sites.cardenalcisneros.es\/ciudadarte\/index.php\/author\/estefaniaruiz\/"}]}},"_links":{"self":[{"href":"https:\/\/sites.cardenalcisneros.es\/ciudadarte\/index.php\/wp-json\/wp\/v2\/posts\/1096"}],"collection":[{"href":"https:\/\/sites.cardenalcisneros.es\/ciudadarte\/index.php\/wp-json\/wp\/v2\/posts"}],"about":[{"href":"https:\/\/sites.cardenalcisneros.es\/ciudadarte\/index.php\/wp-json\/wp\/v2\/types\/post"}],"author":[{"embeddable":true,"href":"https:\/\/sites.cardenalcisneros.es\/ciudadarte\/index.php\/wp-json\/wp\/v2\/users\/40"}],"replies":[{"embeddable":true,"href":"https:\/\/sites.cardenalcisneros.es\/ciudadarte\/index.php\/wp-json\/wp\/v2\/comments?post=1096"}],"version-history":[{"count":0,"href":"https:\/\/sites.cardenalcisneros.es\/ciudadarte\/index.php\/wp-json\/wp\/v2\/posts\/1096\/revisions"}],"wp:attachment":[{"href":"https:\/\/sites.cardenalcisneros.es\/ciudadarte\/index.php\/wp-json\/wp\/v2\/media?parent=1096"}],"wp:term":[{"taxonomy":"category","embeddable":true,"href":"https:\/\/sites.cardenalcisneros.es\/ciudadarte\/index.php\/wp-json\/wp\/v2\/categories?post=1096"},{"taxonomy":"post_tag","embeddable":true,"href":"https:\/\/sites.cardenalcisneros.es\/ciudadarte\/index.php\/wp-json\/wp\/v2\/tags?post=1096"}],"curies":[{"name":"wp","href":"https:\/\/api.w.org\/{rel}","templated":true}]}}