{"id":1094,"date":"2012-05-11T22:41:59","date_gmt":"2012-05-11T20:41:59","guid":{"rendered":"http:\/\/sites.cardenalcisneros.es\/ciudadarte\/?p=1094"},"modified":"2012-05-11T22:41:59","modified_gmt":"2012-05-11T20:41:59","slug":"caceres-macine-1845","status":"publish","type":"post","link":"https:\/\/sites.cardenalcisneros.es\/ciudadarte\/index.php\/2012\/05\/11\/caceres-macine-1845\/","title":{"rendered":"C\u00c1CERES (Vicente J. Macine, 1845)"},"content":{"rendered":"<p style=\"text-align: center\">\u00a0<a href=\"http:\/\/www.celtiberia.net\/imagftp\/im562344491-Plano-C%C3%A1ceres.jpg\" target=\"_blank\"><img decoding=\"async\" loading=\"lazy\" class=\"aligncenter size-full wp-image-1178\" src=\"http:\/\/sites.cardenalcisneros.es\/ciudadarte\/wp-content\/uploads\/2012\/05\/C\u00e1ceres2.jpg\" alt=\"\" width=\"576\" height=\"432\" \/><\/a><\/p>\n<p style=\"text-align: justify\"><span style=\"color: #000000\">Esta imagen corresponde a un\u00a0plano geom\u00e9trico de la ciudad de C\u00e1ceres, realizado en 1845 por Vicente J. Macine. Este tipo de planos, muy habituales en el siglo XIX,\u00a0fueron denominados \u201cgeom\u00e9tricos\u201d porque representaban de manera muy sencilla las manzanas de construcciones y las v\u00edas principales de un n\u00facleo urbano, sin expresar el nombre de las calles ni ninguna otra informaci\u00f3n superflua.\u00a0Normalmente\u00a0mostraban toda la ciudad y su entorno circundante, por lo que constitu\u00edan un buen punto de partida para planificar reformas interiores, mejoras de salubridad, planes de alineamiento y\u00a0futuros ensanches.<\/span><\/p>\n<p style=\"text-align: justify\"><span style=\"color: #000000\">El casco antiguo\u00a0de C\u00e1ceres\u00a0fue fundado por los romanos entre los siglos 18\u00a0y 10 a. C. De ellos a\u00fan encontramos numerosos restos arqueol\u00f3gicos, como fragmentos de calzada\u00a0construidas con\u00a0grandes losas de piedra. Posteriormente la ciudad pas\u00f3 a manos de los musulmanes, que\u00a0situaron el Alc\u00e1zar y\u00a0la Mezquita en el punto m\u00e1s elevado, por razones fundamentalmente defensivas.\u00a0En este espacio actualmente se encuentran las iglesias de Santa Mar\u00eda y San Mateo, construidas a partir de la reconquista cristiana. Como restos de la ciudad musulmana a\u00fan podemos ver el Aljibe, que serv\u00eda para la recogida de agua en los d\u00edas de lluvia, y la Juder\u00eda Vieja. <\/span><\/p>\n<p style=\"text-align: justify\"><span style=\"color: #000000\">Pero lo que m\u00e1s caracteriza al casco antiguo de C\u00e1ceres es\u00a0su trazado urbano\u00a0medieval, de car\u00e1cter laber\u00edntico e irregular. De esta \u00e9poca es tambi\u00e9n el recinto\u00a0amurallado, del que se conservan abundantes restos. La muralla\u00a0serv\u00eda para proteger la ciudad y con el paso de los siglos termin\u00f3 por dividir a la misma en dos \u00e1reas diferenciadas.\u00a0La interior, m\u00e1s\u00a0elevada y noble, en la que\u00a0se\u00a0localizan\u00a0 casas palacio, iglesias y edificios ricos; y la exterior, formada por suburbios pobres que se extendieron por la parte baja de la ciudad durante la Edad Moderna. Entre medias de estos dos niveles se organiz\u00f3 lo que se conoce como Plaza Mayor, que\u00a0fue utilizado\u00a0como punto de reuni\u00f3n y centro de la vida social y comercial de la ciudad.<\/span><\/p>\n<p style=\"text-align: justify\"><span style=\"color: #000000\">Tras la inestabilidad social,\u00a0las guerras y una fuerte recesi\u00f3n econ\u00f3mica,\u00a0en la segunda mitad del siglo XIX C\u00e1ceres\u00a0se estanc\u00f3\u00a0en una poblaci\u00f3n de 15.000 habitantes.\u00a0A partir de 1842 se produjo una revoluci\u00f3n en el negocio inmobiliario\u00a0gracias a\u00a0la Ley de Libertad de alquileres, que trajo consigo una demanda creciente de viviendas\u00a0y la construcci\u00f3n de barrios nuevos m\u00e1s all\u00e1 del l\u00edmite de las murallas. En unos casos se hizo siguiendo ejes lineales que conectaban el centro con la periferia, y en otros\u00a0un\u00a0tipo de plano ortogonal, como en\u00a0los ensanches. Posteriormente aparecerieron edificios de funciones culturales y hospitalarias hasta el siglo XX, donde C\u00e1ceres\u00a0comenz\u00f3 a actuar\u00a0como\u00a0punto proveedor\u00a0de bienes y servicios. <\/span><\/p>\n<p style=\"text-align: justify\"><span style=\"color: #000000\">Actualmente C\u00e1ceres constituye el centro comercial y administrativo de una comarca eminentemente agr\u00edcola y ganadera. Su industria, todav\u00eda poco desarrollada, se centra en el sector alimentario.\u00a0Las actividades tur\u00edsticas y de ocio est\u00e1n generando un\u00a0impacto econ\u00f3mico cada vez mayor, gracias a que la Ciudad Vieja de C\u00e1ceres posee un excepcional conjunto monumental que fue declarado Patrimonio de la Humanidad por la Unesco en 1986.<\/span><\/p>\n<p>Lourdes Gal\u00e1n Gonz\u00e1lez<br \/>\n&nbsp;<\/p>\n","protected":false},"excerpt":{"rendered":"<p>\u00a0 Esta imagen corresponde a un\u00a0plano geom\u00e9trico de la ciudad de C\u00e1ceres, realizado en 1845 por Vicente J. Macine. Este tipo de planos, muy habituales en el siglo XIX,\u00a0fueron denominados \u201cgeom\u00e9tricos\u201d porque representaban de manera muy sencilla las manzanas de construcciones y las v\u00edas principales de un n\u00facleo urbano, sin expresar el nombre de las [&hellip;]<\/p>\n","protected":false},"author":39,"featured_media":0,"comment_status":"open","ping_status":"open","sticky":false,"template":"","format":"standard","meta":[],"categories":[1],"tags":[43],"yoast_head":"<!-- This site is optimized with the Yoast SEO plugin v20.7 - https:\/\/yoast.com\/wordpress\/plugins\/seo\/ -->\n<title>C\u00c1CERES (Vicente J. Macine, 1845) - La Ciudad en el Arte<\/title>\n<meta name=\"robots\" content=\"index, follow, max-snippet:-1, max-image-preview:large, max-video-preview:-1\" \/>\n<link rel=\"canonical\" href=\"https:\/\/sites.cardenalcisneros.es\/ciudadarte\/index.php\/2012\/05\/11\/caceres-macine-1845\/\" \/>\n<meta property=\"og:locale\" content=\"es_ES\" \/>\n<meta property=\"og:type\" content=\"article\" \/>\n<meta property=\"og:title\" content=\"C\u00c1CERES (Vicente J. Macine, 1845) - La Ciudad en el Arte\" \/>\n<meta property=\"og:description\" content=\"\u00a0 Esta imagen corresponde a un\u00a0plano geom\u00e9trico de la ciudad de C\u00e1ceres, realizado en 1845 por Vicente J. Macine. Este tipo de planos, muy habituales en el siglo XIX,\u00a0fueron denominados \u201cgeom\u00e9tricos\u201d porque representaban de manera muy sencilla las manzanas de construcciones y las v\u00edas principales de un n\u00facleo urbano, sin expresar el nombre de las [&hellip;]\" \/>\n<meta property=\"og:url\" content=\"https:\/\/sites.cardenalcisneros.es\/ciudadarte\/index.php\/2012\/05\/11\/caceres-macine-1845\/\" \/>\n<meta property=\"og:site_name\" content=\"La Ciudad en el Arte\" \/>\n<meta property=\"article:published_time\" content=\"2012-05-11T20:41:59+00:00\" \/>\n<meta name=\"author\" content=\"lurdesgalan\" \/>\n<meta name=\"twitter:card\" content=\"summary_large_image\" \/>\n<meta name=\"twitter:label1\" content=\"Escrito por\" \/>\n\t<meta name=\"twitter:data1\" content=\"lurdesgalan\" \/>\n\t<meta name=\"twitter:label2\" content=\"Tiempo de lectura\" \/>\n\t<meta name=\"twitter:data2\" content=\"3 minutos\" \/>\n<script type=\"application\/ld+json\" class=\"yoast-schema-graph\">{\"@context\":\"https:\/\/schema.org\",\"@graph\":[{\"@type\":\"WebPage\",\"@id\":\"https:\/\/sites.cardenalcisneros.es\/ciudadarte\/index.php\/2012\/05\/11\/caceres-macine-1845\/\",\"url\":\"https:\/\/sites.cardenalcisneros.es\/ciudadarte\/index.php\/2012\/05\/11\/caceres-macine-1845\/\",\"name\":\"C\u00c1CERES (Vicente J. Macine, 1845) - La Ciudad en el Arte\",\"isPartOf\":{\"@id\":\"https:\/\/sites.cardenalcisneros.es\/ciudadarte\/#website\"},\"datePublished\":\"2012-05-11T20:41:59+00:00\",\"dateModified\":\"2012-05-11T20:41:59+00:00\",\"author\":{\"@id\":\"https:\/\/sites.cardenalcisneros.es\/ciudadarte\/#\/schema\/person\/2bc59c53149dfcd36b7e7f591ed810f0\"},\"breadcrumb\":{\"@id\":\"https:\/\/sites.cardenalcisneros.es\/ciudadarte\/index.php\/2012\/05\/11\/caceres-macine-1845\/#breadcrumb\"},\"inLanguage\":\"es\",\"potentialAction\":[{\"@type\":\"ReadAction\",\"target\":[\"https:\/\/sites.cardenalcisneros.es\/ciudadarte\/index.php\/2012\/05\/11\/caceres-macine-1845\/\"]}]},{\"@type\":\"BreadcrumbList\",\"@id\":\"https:\/\/sites.cardenalcisneros.es\/ciudadarte\/index.php\/2012\/05\/11\/caceres-macine-1845\/#breadcrumb\",\"itemListElement\":[{\"@type\":\"ListItem\",\"position\":1,\"name\":\"Portada\",\"item\":\"https:\/\/sites.cardenalcisneros.es\/ciudadarte\/\"},{\"@type\":\"ListItem\",\"position\":2,\"name\":\"C\u00c1CERES (Vicente J. Macine, 1845)\"}]},{\"@type\":\"WebSite\",\"@id\":\"https:\/\/sites.cardenalcisneros.es\/ciudadarte\/#website\",\"url\":\"https:\/\/sites.cardenalcisneros.es\/ciudadarte\/\",\"name\":\"La Ciudad en el Arte\",\"description\":\"Un blog colaborativo sobre Geograf\u00eda, Urbanismo, Historia y Arte\",\"potentialAction\":[{\"@type\":\"SearchAction\",\"target\":{\"@type\":\"EntryPoint\",\"urlTemplate\":\"https:\/\/sites.cardenalcisneros.es\/ciudadarte\/?s={search_term_string}\"},\"query-input\":\"required name=search_term_string\"}],\"inLanguage\":\"es\"},{\"@type\":\"Person\",\"@id\":\"https:\/\/sites.cardenalcisneros.es\/ciudadarte\/#\/schema\/person\/2bc59c53149dfcd36b7e7f591ed810f0\",\"name\":\"lurdesgalan\",\"image\":{\"@type\":\"ImageObject\",\"inLanguage\":\"es\",\"@id\":\"https:\/\/sites.cardenalcisneros.es\/ciudadarte\/#\/schema\/person\/image\/\",\"url\":\"https:\/\/secure.gravatar.com\/avatar\/25fcdbad66d10fecf94e57be92b9d487?s=96&d=mm&r=g\",\"contentUrl\":\"https:\/\/secure.gravatar.com\/avatar\/25fcdbad66d10fecf94e57be92b9d487?s=96&d=mm&r=g\",\"caption\":\"lurdesgalan\"},\"url\":\"https:\/\/sites.cardenalcisneros.es\/ciudadarte\/index.php\/author\/lurdesgalan\/\"}]}<\/script>\n<!-- \/ Yoast SEO plugin. -->","yoast_head_json":{"title":"C\u00c1CERES (Vicente J. Macine, 1845) - La Ciudad en el Arte","robots":{"index":"index","follow":"follow","max-snippet":"max-snippet:-1","max-image-preview":"max-image-preview:large","max-video-preview":"max-video-preview:-1"},"canonical":"https:\/\/sites.cardenalcisneros.es\/ciudadarte\/index.php\/2012\/05\/11\/caceres-macine-1845\/","og_locale":"es_ES","og_type":"article","og_title":"C\u00c1CERES (Vicente J. Macine, 1845) - La Ciudad en el Arte","og_description":"\u00a0 Esta imagen corresponde a un\u00a0plano geom\u00e9trico de la ciudad de C\u00e1ceres, realizado en 1845 por Vicente J. Macine. Este tipo de planos, muy habituales en el siglo XIX,\u00a0fueron denominados \u201cgeom\u00e9tricos\u201d porque representaban de manera muy sencilla las manzanas de construcciones y las v\u00edas principales de un n\u00facleo urbano, sin expresar el nombre de las [&hellip;]","og_url":"https:\/\/sites.cardenalcisneros.es\/ciudadarte\/index.php\/2012\/05\/11\/caceres-macine-1845\/","og_site_name":"La Ciudad en el Arte","article_published_time":"2012-05-11T20:41:59+00:00","author":"lurdesgalan","twitter_card":"summary_large_image","twitter_misc":{"Escrito por":"lurdesgalan","Tiempo de lectura":"3 minutos"},"schema":{"@context":"https:\/\/schema.org","@graph":[{"@type":"WebPage","@id":"https:\/\/sites.cardenalcisneros.es\/ciudadarte\/index.php\/2012\/05\/11\/caceres-macine-1845\/","url":"https:\/\/sites.cardenalcisneros.es\/ciudadarte\/index.php\/2012\/05\/11\/caceres-macine-1845\/","name":"C\u00c1CERES (Vicente J. Macine, 1845) - La Ciudad en el Arte","isPartOf":{"@id":"https:\/\/sites.cardenalcisneros.es\/ciudadarte\/#website"},"datePublished":"2012-05-11T20:41:59+00:00","dateModified":"2012-05-11T20:41:59+00:00","author":{"@id":"https:\/\/sites.cardenalcisneros.es\/ciudadarte\/#\/schema\/person\/2bc59c53149dfcd36b7e7f591ed810f0"},"breadcrumb":{"@id":"https:\/\/sites.cardenalcisneros.es\/ciudadarte\/index.php\/2012\/05\/11\/caceres-macine-1845\/#breadcrumb"},"inLanguage":"es","potentialAction":[{"@type":"ReadAction","target":["https:\/\/sites.cardenalcisneros.es\/ciudadarte\/index.php\/2012\/05\/11\/caceres-macine-1845\/"]}]},{"@type":"BreadcrumbList","@id":"https:\/\/sites.cardenalcisneros.es\/ciudadarte\/index.php\/2012\/05\/11\/caceres-macine-1845\/#breadcrumb","itemListElement":[{"@type":"ListItem","position":1,"name":"Portada","item":"https:\/\/sites.cardenalcisneros.es\/ciudadarte\/"},{"@type":"ListItem","position":2,"name":"C\u00c1CERES (Vicente J. Macine, 1845)"}]},{"@type":"WebSite","@id":"https:\/\/sites.cardenalcisneros.es\/ciudadarte\/#website","url":"https:\/\/sites.cardenalcisneros.es\/ciudadarte\/","name":"La Ciudad en el Arte","description":"Un blog colaborativo sobre Geograf\u00eda, Urbanismo, Historia y Arte","potentialAction":[{"@type":"SearchAction","target":{"@type":"EntryPoint","urlTemplate":"https:\/\/sites.cardenalcisneros.es\/ciudadarte\/?s={search_term_string}"},"query-input":"required name=search_term_string"}],"inLanguage":"es"},{"@type":"Person","@id":"https:\/\/sites.cardenalcisneros.es\/ciudadarte\/#\/schema\/person\/2bc59c53149dfcd36b7e7f591ed810f0","name":"lurdesgalan","image":{"@type":"ImageObject","inLanguage":"es","@id":"https:\/\/sites.cardenalcisneros.es\/ciudadarte\/#\/schema\/person\/image\/","url":"https:\/\/secure.gravatar.com\/avatar\/25fcdbad66d10fecf94e57be92b9d487?s=96&d=mm&r=g","contentUrl":"https:\/\/secure.gravatar.com\/avatar\/25fcdbad66d10fecf94e57be92b9d487?s=96&d=mm&r=g","caption":"lurdesgalan"},"url":"https:\/\/sites.cardenalcisneros.es\/ciudadarte\/index.php\/author\/lurdesgalan\/"}]}},"_links":{"self":[{"href":"https:\/\/sites.cardenalcisneros.es\/ciudadarte\/index.php\/wp-json\/wp\/v2\/posts\/1094"}],"collection":[{"href":"https:\/\/sites.cardenalcisneros.es\/ciudadarte\/index.php\/wp-json\/wp\/v2\/posts"}],"about":[{"href":"https:\/\/sites.cardenalcisneros.es\/ciudadarte\/index.php\/wp-json\/wp\/v2\/types\/post"}],"author":[{"embeddable":true,"href":"https:\/\/sites.cardenalcisneros.es\/ciudadarte\/index.php\/wp-json\/wp\/v2\/users\/39"}],"replies":[{"embeddable":true,"href":"https:\/\/sites.cardenalcisneros.es\/ciudadarte\/index.php\/wp-json\/wp\/v2\/comments?post=1094"}],"version-history":[{"count":0,"href":"https:\/\/sites.cardenalcisneros.es\/ciudadarte\/index.php\/wp-json\/wp\/v2\/posts\/1094\/revisions"}],"wp:attachment":[{"href":"https:\/\/sites.cardenalcisneros.es\/ciudadarte\/index.php\/wp-json\/wp\/v2\/media?parent=1094"}],"wp:term":[{"taxonomy":"category","embeddable":true,"href":"https:\/\/sites.cardenalcisneros.es\/ciudadarte\/index.php\/wp-json\/wp\/v2\/categories?post=1094"},{"taxonomy":"post_tag","embeddable":true,"href":"https:\/\/sites.cardenalcisneros.es\/ciudadarte\/index.php\/wp-json\/wp\/v2\/tags?post=1094"}],"curies":[{"name":"wp","href":"https:\/\/api.w.org\/{rel}","templated":true}]}}